{"id":66904,"date":"2016-02-17T10:10:04","date_gmt":"2016-02-17T13:10:04","guid":{"rendered":"http:\/\/www.eltrabajo.cl\/portal\/?p=66904"},"modified":"2016-02-17T10:10:04","modified_gmt":"2016-02-17T13:10:04","slug":"victima-de-paliza-en-disco-desmiente-a-carabineros-y-cuestiona-procedimiento","status":"publish","type":"post","link":"https:\/\/eltrabajo.cl\/portal\/victima-de-paliza-en-disco-desmiente-a-carabineros-y-cuestiona-procedimiento\/","title":{"rendered":"V\u00edctima de paliza en disco desmiente a Carabineros y cuestiona procedimiento"},"content":{"rendered":"<figure id=\"attachment_66905\" aria-describedby=\"caption-attachment-66905\" style=\"width: 300px\" class=\"wp-caption alignleft\"><img data-recalc-dims=\"1\" loading=\"lazy\" decoding=\"async\" class=\"wp-image-66905 size-medium\" src=\"https:\/\/i0.wp.com\/www.eltrabajo.cl\/portal\/wp-content\/uploads\/2016\/02\/FOTO-1-SEBASTIAN-ALLENDE-YANEZ-JOVEN-DE-19-ANOS-300x197.jpg?resize=300%2C197\" alt=\"Sebasti\u00e1n Allende Y\u00e1\u00f1ez, joven de 19 a\u00f1os marinero conscripto de la Armada de Chile.\" width=\"300\" height=\"197\" srcset=\"https:\/\/i0.wp.com\/eltrabajo.cl\/portal\/wp-content\/uploads\/2016\/02\/FOTO-1-SEBASTIAN-ALLENDE-YANEZ-JOVEN-DE-19-ANOS.jpg?resize=300%2C197&amp;ssl=1 300w, https:\/\/i0.wp.com\/eltrabajo.cl\/portal\/wp-content\/uploads\/2016\/02\/FOTO-1-SEBASTIAN-ALLENDE-YANEZ-JOVEN-DE-19-ANOS.jpg?resize=200%2C131&amp;ssl=1 200w, https:\/\/i0.wp.com\/eltrabajo.cl\/portal\/wp-content\/uploads\/2016\/02\/FOTO-1-SEBASTIAN-ALLENDE-YANEZ-JOVEN-DE-19-ANOS.jpg?resize=228%2C150&amp;ssl=1 228w, https:\/\/i0.wp.com\/eltrabajo.cl\/portal\/wp-content\/uploads\/2016\/02\/FOTO-1-SEBASTIAN-ALLENDE-YANEZ-JOVEN-DE-19-ANOS.jpg?resize=400%2C263&amp;ssl=1 400w, https:\/\/i0.wp.com\/eltrabajo.cl\/portal\/wp-content\/uploads\/2016\/02\/FOTO-1-SEBASTIAN-ALLENDE-YANEZ-JOVEN-DE-19-ANOS.jpg?w=530&amp;ssl=1 530w\" sizes=\"auto, (max-width: 300px) 100vw, 300px\" \/><figcaption id=\"caption-attachment-66905\" class=\"wp-caption-text\">Sebasti\u00e1n Allende Y\u00e1\u00f1ez, joven de 19 a\u00f1os marinero conscripto de la Armada de Chile.<\/figcaption><\/figure>\n<ul>\n<li><strong>El joven marinero conscripto cont\u00f3 su versi\u00f3n de los hechos acaecidos en Scalibur Discotheque, desmintiendo la versi\u00f3n entregada por Carabineros referente al procedimiento efectuado esa noche, el cual termin\u00f3 sin detenidos.<\/strong><\/li>\n<\/ul>\n<p>Con un par de suturas en su rostro y mano izquierda, el marinero conscripto Sebasti\u00e1n Alejandro Allende Y\u00e1\u00f1ez, quien fuera v\u00edctima junto a otros familiares de una golpiza en Discotheque Mundo Scalibur la madrugada del domingo, tras haber estado hospitalizado dos d\u00edas en el Hospital Naval, fue dado de alta y en la tranquilidad de su hogar se atrevi\u00f3 a revivir los instantes de terror que lo hicieron temer por su vida y la de su hermano Francisco.<br \/>\nAllende, desminti\u00f3 la versi\u00f3n entregada por la polic\u00eda uniformada el pasado lunes, en la que se aseguraba que los efectivos policiales fueron los primeros en prestar ayuda a los heridos y que \u00e9stos posteriormente habr\u00edan intentado reconocer junto a las v\u00edctimas a los guardias responsables de las agresiones.<br \/>\n\u201cDespu\u00e9s de que los guardias nos pegaron, yo fui a ver a mi hermano que estaba en el suelo y le costaba respirar, yo estaba lleno de sangre y nosotros llamamos a Carabineros y la ambulancia, los primeros en llegar fueron los del Samu y posteriormente como 4 minutos despu\u00e9s lleg\u00f3 la polic\u00eda\u201d, relat\u00f3 el muchacho.<br \/>\nEl joven asegur\u00f3 que en el momento que lleg\u00f3 Carabineros nunca hubo un procedimiento normal, puesto que \u201cellos llegaron y no entraron a pedirle declaraciones a nadie, no se fue nadie detenido\u2026 eran 5 polic\u00edas: un cabo primero, un cabo segundo, dos carabineros y parece que el \u00faltimo tambi\u00e9n era cabo primero, incluso uno de ellos me dijo que a lo m\u00e1s, por lo que hab\u00eda pasado, lo iban a hacer firmar mensualmente al guardia que resultara responsable\u201d, detall\u00f3.<br \/>\nEl parte policial consigna que el carabinero a cargo del procedimiento era el Cabo Segundo Guillermo Lobos Guti\u00e9rrez. Seg\u00fan Allende, el personal que acudi\u00f3 en ese momento no realiz\u00f3 las acciones necesarias para poder detener a los sujetos que habr\u00edan sido responsables de la cruda golpiza.<br \/>\n\u201cCuando los Carabineros llegaron, de hecho me echaron la culpa a m\u00ed, que yo siendo de la armada no tendr\u00eda por qu\u00e9 haber salido de noche, ellos en ning\u00fan momento nos hicieron reconocer a nadie, ni siquiera entraron a la disco. Carabineros lleg\u00f3, nos vio como est\u00e1bamos y despu\u00e9s cuando llegamos al hospital, llegaron con nosotros como 3 minutos despu\u00e9s, imposible que le hayan pedido declaraciones a alguien en tan poco tiempo\u201d, apunt\u00f3 el joven conscripto.<br \/>\nRespecto de lo que pudieron apreciar ellos en relaci\u00f3n con lo que hicieron los guardias luego de golpearlos, Allende afirm\u00f3 que muchos de ellos, involucrados algunos en la golpiza, continuaron en el mismo acceso principal de la disco observando todo lo que pasaba y ri\u00e9ndose del estado en que hab\u00edan quedado los adolescentes.<br \/>\nEste joven, fue enf\u00e1tico en reiterar que al momento de la llegada de Carabineros al local nocturno, hicieron la solicitud para poder hablar con alg\u00fan superior, pero en todo momento los efectivos se negaron a ese requerimiento. Allende agreg\u00f3 que \u201cse negaron y al final todo qued\u00f3 en nada, en el Hospital el cabo 2\u00b0 me dijo que no hiciera nada mejor e insisti\u00f3 con el tema de la firma mensual\u201d, &#8211; ati\u00e9ndete mejor y no hagas nada, te vas pa\u2019 la casa nomas- habr\u00edan sido las palabras del polic\u00eda.<br \/>\nEn relaci\u00f3n a si durante las \u00faltimas horas ha podido reconocer a sus agresores, Allende asinti\u00f3, contando que \u201cyo s\u00e9 qui\u00e9nes fueron y tengo algunos nombres y fotograf\u00edas de ellos: uno es F.L., otro se llama N. C.- que es quien me rompi\u00f3 el ojo y es cintur\u00f3n negro en Karate &#8211; y el otro es C. R., el Carl\u00f3n que es uno de los due\u00f1os, mientras me ten\u00edan agarrado por el cuello \u00e9l me pateaba en el suelo y despu\u00e9s le sacaba fotos a su zapato que lo ten\u00eda con sangre producto de que me hab\u00eda roto el ojo\u201d, narr\u00f3.<br \/>\nLa familia de Sebasti\u00e1n, adem\u00e1s de la indignaci\u00f3n l\u00f3gica que provoca tama\u00f1a agresi\u00f3n contra un ser querido, se muestra evidentemente preocupada del nulo control que existe sobre este tipo de situaciones, pues aseguran que \u00e9ste no resulta ser un hecho aislado y que es pr\u00e1cticamente un secreto a voces el actuar \u2018matonesco\u2019 de estos personajes cada fin de semana.<br \/>\nEl padre de Sebasti\u00e1n, atribuye a que esto se produce debido a ciertas \u2018compensaciones\u2019 existentes entre la polic\u00eda y los propietarios del lugar y a\u00f1ade que resulta dif\u00edcil comprender que una persona con sus sentidos bien puestos tenga la capacidad de agredir tan brutalmente a mujeres y muchachos tan j\u00f3venes. La \u00fanica raz\u00f3n \u2013dice- es la utilizaci\u00f3n de drogas por parte del personal de seguridad del establecimiento.<\/p>\n","protected":false},"excerpt":{"rendered":"<p>El joven marinero conscripto cont\u00f3 su versi\u00f3n de los hechos acaecidos en Scalibur Discotheque, desmintiendo la versi\u00f3n entregada por Carabineros referente al procedimiento efectuado esa noche, el cual termin\u00f3 sin detenidos. Con&#8230;<\/p>\n","protected":false},"author":482,"featured_media":66905,"comment_status":"open","ping_status":"open","sticky":false,"template":"","format":"standard","meta":{"advanced_seo_description":"","jetpack_seo_html_title":"","jetpack_seo_noindex":false,"_jetpack_memberships_contains_paid_content":false,"footnotes":""},"categories":[15],"tags":[],"class_list":["post-66904","post","type-post","status-publish","format-standard","has-post-thumbnail","hentry","category-comunidad"],"jetpack_featured_media_url":"https:\/\/i0.wp.com\/eltrabajo.cl\/portal\/wp-content\/uploads\/2016\/02\/FOTO-1-SEBASTIAN-ALLENDE-YANEZ-JOVEN-DE-19-ANOS.jpg?fit=530%2C348&ssl=1","jetpack_sharing_enabled":true,"jetpack_likes_enabled":true,"jetpack-related-posts":[],"_links":{"self":[{"href":"https:\/\/eltrabajo.cl\/portal\/wp-json\/wp\/v2\/posts\/66904","targetHints":{"allow":["GET"]}}],"collection":[{"href":"https:\/\/eltrabajo.cl\/portal\/wp-json\/wp\/v2\/posts"}],"about":[{"href":"https:\/\/eltrabajo.cl\/portal\/wp-json\/wp\/v2\/types\/post"}],"author":[{"embeddable":true,"href":"https:\/\/eltrabajo.cl\/portal\/wp-json\/wp\/v2\/users\/482"}],"replies":[{"embeddable":true,"href":"https:\/\/eltrabajo.cl\/portal\/wp-json\/wp\/v2\/comments?post=66904"}],"version-history":[{"count":0,"href":"https:\/\/eltrabajo.cl\/portal\/wp-json\/wp\/v2\/posts\/66904\/revisions"}],"wp:featuredmedia":[{"embeddable":true,"href":"https:\/\/eltrabajo.cl\/portal\/wp-json\/wp\/v2\/media\/66905"}],"wp:attachment":[{"href":"https:\/\/eltrabajo.cl\/portal\/wp-json\/wp\/v2\/media?parent=66904"}],"wp:term":[{"taxonomy":"category","embeddable":true,"href":"https:\/\/eltrabajo.cl\/portal\/wp-json\/wp\/v2\/categories?post=66904"},{"taxonomy":"post_tag","embeddable":true,"href":"https:\/\/eltrabajo.cl\/portal\/wp-json\/wp\/v2\/tags?post=66904"}],"curies":[{"name":"wp","href":"https:\/\/api.w.org\/{rel}","templated":true}]}}