{"id":66909,"date":"2016-02-18T09:29:38","date_gmt":"2016-02-18T12:29:38","guid":{"rendered":"http:\/\/www.eltrabajo.cl\/portal\/?p=66909"},"modified":"2016-02-18T09:29:38","modified_gmt":"2016-02-18T12:29:38","slug":"llaman-a-los-sanfelipenos-a-prepararse-como-dirigentes-comunitarios","status":"publish","type":"post","link":"https:\/\/eltrabajo.cl\/portal\/llaman-a-los-sanfelipenos-a-prepararse-como-dirigentes-comunitarios\/","title":{"rendered":"Llaman a los sanfelipe\u00f1os a prepararse como dirigentes comunitarios"},"content":{"rendered":"<figure id=\"attachment_66910\" aria-describedby=\"caption-attachment-66910\" style=\"width: 300px\" class=\"wp-caption alignleft\"><img data-recalc-dims=\"1\" loading=\"lazy\" decoding=\"async\" class=\"wp-image-66910 size-medium\" src=\"https:\/\/i0.wp.com\/www.eltrabajo.cl\/portal\/wp-content\/uploads\/2016\/02\/Dirigentes33-300x198.jpg?resize=300%2C198\" alt=\"A TRABAJAR.- Los interesados pueden inscribirse desde ya en el Departamento de Organizaciones Comunitarias, San Mart\u00edn 712 (esquina Traslavi\u00f1a). Horario de atenci\u00f3n: lunes a viernes: de 8.00 a 13.00 horas, o al fono 342-506342; celular 993229034.\" width=\"300\" height=\"198\" srcset=\"https:\/\/i0.wp.com\/eltrabajo.cl\/portal\/wp-content\/uploads\/2016\/02\/Dirigentes33.jpg?resize=300%2C198&amp;ssl=1 300w, https:\/\/i0.wp.com\/eltrabajo.cl\/portal\/wp-content\/uploads\/2016\/02\/Dirigentes33.jpg?resize=200%2C132&amp;ssl=1 200w, https:\/\/i0.wp.com\/eltrabajo.cl\/portal\/wp-content\/uploads\/2016\/02\/Dirigentes33.jpg?resize=227%2C150&amp;ssl=1 227w, https:\/\/i0.wp.com\/eltrabajo.cl\/portal\/wp-content\/uploads\/2016\/02\/Dirigentes33.jpg?resize=400%2C264&amp;ssl=1 400w, https:\/\/i0.wp.com\/eltrabajo.cl\/portal\/wp-content\/uploads\/2016\/02\/Dirigentes33.jpg?w=530&amp;ssl=1 530w\" sizes=\"auto, (max-width: 300px) 100vw, 300px\" \/><figcaption id=\"caption-attachment-66910\" class=\"wp-caption-text\">A TRABAJAR.- Los interesados pueden inscribirse desde ya en el Departamento de Organizaciones Comunitarias, San Mart\u00edn 712 (esquina Traslavi\u00f1a). Horario de atenci\u00f3n: lunes a viernes: de 8.00 a 13.00 horas, o al fono 342-506342; celular 993229034.<\/figcaption><\/figure>\n<p>Un directo llamado a participar activamente en las propuestas que ofrece permanentemente el Departamento de Organizaciones Comunitarias del Municipio, es el que hizo la jefa de esa unidad, Alicia Nicloux a quienes quieran llegar a ser dirigentes comunitarios.<br \/>\n\u00abLo que hacemos en nuestro Departamento, es prestar asesor\u00eda t\u00e9cnica a las organizaciones comunitarias, fomentar su desarrollo y legalizaci\u00f3n y promover su efectiva participaci\u00f3n en el municipio como una forma de dar un impulso real y sostenido, hacia una mejor calidad de vida tanto de las personas que conforman los grupos como de las comunidades en que est\u00e1n insertos y de la comuna en general\u00bb, asegur\u00f3 la funcionaria municipal.<\/p>\n<figure id=\"attachment_66911\" aria-describedby=\"caption-attachment-66911\" style=\"width: 200px\" class=\"wp-caption alignright\"><img data-recalc-dims=\"1\" loading=\"lazy\" decoding=\"async\" class=\"wp-image-66911 size-thumbnail\" src=\"https:\/\/i0.wp.com\/www.eltrabajo.cl\/portal\/wp-content\/uploads\/2016\/02\/Alicia-Nicloux-200x131.jpg?resize=200%2C131\" alt=\"Alicia Nicloux, directora del Departamento de Organizaciones Comunitarias.\" width=\"200\" height=\"131\" srcset=\"https:\/\/i0.wp.com\/eltrabajo.cl\/portal\/wp-content\/uploads\/2016\/02\/Alicia-Nicloux.jpg?resize=200%2C131&amp;ssl=1 200w, https:\/\/i0.wp.com\/eltrabajo.cl\/portal\/wp-content\/uploads\/2016\/02\/Alicia-Nicloux.jpg?resize=300%2C197&amp;ssl=1 300w, https:\/\/i0.wp.com\/eltrabajo.cl\/portal\/wp-content\/uploads\/2016\/02\/Alicia-Nicloux.jpg?resize=228%2C150&amp;ssl=1 228w, https:\/\/i0.wp.com\/eltrabajo.cl\/portal\/wp-content\/uploads\/2016\/02\/Alicia-Nicloux.jpg?resize=400%2C263&amp;ssl=1 400w, https:\/\/i0.wp.com\/eltrabajo.cl\/portal\/wp-content\/uploads\/2016\/02\/Alicia-Nicloux.jpg?w=530&amp;ssl=1 530w\" sizes=\"auto, (max-width: 200px) 100vw, 200px\" \/><figcaption id=\"caption-attachment-66911\" class=\"wp-caption-text\">Alicia Nicloux, directora del Departamento de Organizaciones Comunitarias.<\/figcaption><\/figure>\n<p><strong>MUCHAS OPCIONES<\/strong><br \/>\nSeg\u00fan Nicloux, son muchas actividades en las que pueden participar los sanfelipe\u00f1os, \u00abpueden participar dirigentes y socios de juntas de vecinos y otras organizaciones comunitarias, as\u00ed como personas en general, que sientan la vocaci\u00f3n de servicio y quieran integrar a sus conocimientos y habilidades propias, tem\u00e1ticas que les permitan desarrollar, en mejores condiciones, acciones que vayan en apoyo de sus familias, vecinos y a los sanfelipe\u00f1os en general, para facilitar la forma de mejorar su calidad de vida desde la perspectiva de la comunidad organizada. Las clases son d\u00eda s\u00e1bado en la tarde y comienzan en abril y finalizan en agosto de cada a\u00f1o\u00bb, explic\u00f3 Alicia a Diario El Trabajo.<\/p>\n","protected":false},"excerpt":{"rendered":"<p>Un directo llamado a participar activamente en las propuestas que ofrece permanentemente el Departamento de Organizaciones Comunitarias del Municipio, es el que hizo la jefa de esa unidad, Alicia Nicloux a quienes&#8230;<\/p>\n","protected":false},"author":482,"featured_media":66910,"comment_status":"open","ping_status":"open","sticky":false,"template":"","format":"standard","meta":{"advanced_seo_description":"","jetpack_seo_html_title":"","jetpack_seo_noindex":false,"_jetpack_memberships_contains_paid_content":false,"footnotes":""},"categories":[15],"tags":[],"class_list":["post-66909","post","type-post","status-publish","format-standard","has-post-thumbnail","hentry","category-comunidad"],"jetpack_featured_media_url":"https:\/\/i0.wp.com\/eltrabajo.cl\/portal\/wp-content\/uploads\/2016\/02\/Dirigentes33.jpg?fit=530%2C350&ssl=1","jetpack_sharing_enabled":true,"jetpack_likes_enabled":true,"jetpack-related-posts":[],"_links":{"self":[{"href":"https:\/\/eltrabajo.cl\/portal\/wp-json\/wp\/v2\/posts\/66909","targetHints":{"allow":["GET"]}}],"collection":[{"href":"https:\/\/eltrabajo.cl\/portal\/wp-json\/wp\/v2\/posts"}],"about":[{"href":"https:\/\/eltrabajo.cl\/portal\/wp-json\/wp\/v2\/types\/post"}],"author":[{"embeddable":true,"href":"https:\/\/eltrabajo.cl\/portal\/wp-json\/wp\/v2\/users\/482"}],"replies":[{"embeddable":true,"href":"https:\/\/eltrabajo.cl\/portal\/wp-json\/wp\/v2\/comments?post=66909"}],"version-history":[{"count":0,"href":"https:\/\/eltrabajo.cl\/portal\/wp-json\/wp\/v2\/posts\/66909\/revisions"}],"wp:featuredmedia":[{"embeddable":true,"href":"https:\/\/eltrabajo.cl\/portal\/wp-json\/wp\/v2\/media\/66910"}],"wp:attachment":[{"href":"https:\/\/eltrabajo.cl\/portal\/wp-json\/wp\/v2\/media?parent=66909"}],"wp:term":[{"taxonomy":"category","embeddable":true,"href":"https:\/\/eltrabajo.cl\/portal\/wp-json\/wp\/v2\/categories?post=66909"},{"taxonomy":"post_tag","embeddable":true,"href":"https:\/\/eltrabajo.cl\/portal\/wp-json\/wp\/v2\/tags?post=66909"}],"curies":[{"name":"wp","href":"https:\/\/api.w.org\/{rel}","templated":true}]}}