{"id":66913,"date":"2016-02-18T09:34:28","date_gmt":"2016-02-18T12:34:28","guid":{"rendered":"http:\/\/www.eltrabajo.cl\/portal\/?p=66913"},"modified":"2016-02-18T09:34:28","modified_gmt":"2016-02-18T12:34:28","slug":"desmalezan-sitios-eriazos-para-evitar-incendios-y-aparicion-de-microbasurales","status":"publish","type":"post","link":"https:\/\/eltrabajo.cl\/portal\/desmalezan-sitios-eriazos-para-evitar-incendios-y-aparicion-de-microbasurales\/","title":{"rendered":"Desmalezan sitios eriazos para evitar incendios y aparici\u00f3n de microbasurales"},"content":{"rendered":"<figure id=\"attachment_66914\" aria-describedby=\"caption-attachment-66914\" style=\"width: 300px\" class=\"wp-caption alignleft\"><img data-recalc-dims=\"1\" loading=\"lazy\" decoding=\"async\" class=\"wp-image-66914 size-medium\" src=\"https:\/\/i0.wp.com\/www.eltrabajo.cl\/portal\/wp-content\/uploads\/2016\/02\/Desmalezamiento-300x198.jpg?resize=300%2C198\" alt=\"La idea es limpiar sitios eriazos cubiertos por pastizales para evitar incendios cerca de viviendas y la formaci\u00f3n de microbasurales.\" width=\"300\" height=\"198\" srcset=\"https:\/\/i0.wp.com\/eltrabajo.cl\/portal\/wp-content\/uploads\/2016\/02\/Desmalezamiento.jpg?resize=300%2C198&amp;ssl=1 300w, https:\/\/i0.wp.com\/eltrabajo.cl\/portal\/wp-content\/uploads\/2016\/02\/Desmalezamiento.jpg?resize=200%2C132&amp;ssl=1 200w, https:\/\/i0.wp.com\/eltrabajo.cl\/portal\/wp-content\/uploads\/2016\/02\/Desmalezamiento.jpg?resize=227%2C150&amp;ssl=1 227w, https:\/\/i0.wp.com\/eltrabajo.cl\/portal\/wp-content\/uploads\/2016\/02\/Desmalezamiento.jpg?resize=400%2C264&amp;ssl=1 400w, https:\/\/i0.wp.com\/eltrabajo.cl\/portal\/wp-content\/uploads\/2016\/02\/Desmalezamiento.jpg?w=530&amp;ssl=1 530w\" sizes=\"auto, (max-width: 300px) 100vw, 300px\" \/><figcaption id=\"caption-attachment-66914\" class=\"wp-caption-text\">La idea es limpiar sitios eriazos cubiertos por pastizales para evitar incendios cerca de viviendas y la formaci\u00f3n de microbasurales.<\/figcaption><\/figure>\n<ul>\n<li><strong>Tambi\u00e9n se realiza una limpieza en \u00e1reas verdes no contempladas en el contrato de mantenci\u00f3n de jardines.<\/strong><\/li>\n<\/ul>\n<p><strong>LOS ANDES.<\/strong>&#8211; El Departamento de Medio Ambiente del municipio andino inici\u00f3 un programa de desmalezamiento de sitios eriazos a fin de evitar la ocurrencia de siniestros por las altas temperaturas y la formaci\u00f3n de microbaurales.<br \/>\nEl Director de esa unidad municipal, Cristi\u00e1n Veloz, inform\u00f3 que para ello el municipio contrat\u00f3 personal y adquiri\u00f3 m\u00e1quinas para proceder a esta limpieza, la cual incluye tambi\u00e9n todas las \u00e1reas verdes no incluidas en el contrato de mantenci\u00f3n.<br \/>\n\u201cEsta es una forma de ampliar la cobertura del servicio que entrega el municipio para tener una mejor mantenci\u00f3n de las \u00e1reas verdes y eliminar riesgos de incendios en sitios eriazos\u201d, expres\u00f3.<br \/>\nVelozo puntualiz\u00f3 que este programa se llevar\u00e1 adelante hasta la \u00faltima semana de marzo, \u201cpero antes de esa fecha haremos una evaluaci\u00f3n correspondiente para ver si es necesario prolongarlo se har\u00e1 de esta forma\u201d.<br \/>\nEn cuanto a los lugares a intervenir dijo que el objeto es cubrir la mayor cantidad de sitios eriazos y \u00e1reas verdes dentro de la comuna, \u201cpues se trata de un apoyo al actual contrato de mantenci\u00f3n de jardines que tiene el municipio y nuestra idea es poder lograr la mayor cobertura, pues ya partimos en el sector de Los Portales, Los Copihues, Porvenir, V\u00eda Monte y hoy estamos trabajando en el sector de El Horizonte y villa Los Jardines\u201d.<br \/>\nEl Jefe de la Unidad de Medio Ambiente llam\u00f3 tambi\u00e9n a los vecinos a informar si existe en su sector alg\u00fan sitio eriazo que requiere limpieza, \u201cpara lo cual se pueden dirigir a la Unidad de Medio Ambiente ubicada en calle Balmaceda esquina San Rafael o llamando a la mesa central del municipio\u201d.<\/p>\n","protected":false},"excerpt":{"rendered":"<p>Tambi\u00e9n se realiza una limpieza en \u00e1reas verdes no contempladas en el contrato de mantenci\u00f3n de jardines. LOS ANDES.&#8211; El Departamento de Medio Ambiente del municipio andino inici\u00f3 un programa de desmalezamiento&#8230;<\/p>\n","protected":false},"author":482,"featured_media":66914,"comment_status":"open","ping_status":"open","sticky":false,"template":"","format":"standard","meta":{"advanced_seo_description":"","jetpack_seo_html_title":"","jetpack_seo_noindex":false,"_jetpack_memberships_contains_paid_content":false,"footnotes":""},"categories":[15],"tags":[],"class_list":["post-66913","post","type-post","status-publish","format-standard","has-post-thumbnail","hentry","category-comunidad"],"jetpack_featured_media_url":"https:\/\/i0.wp.com\/eltrabajo.cl\/portal\/wp-content\/uploads\/2016\/02\/Desmalezamiento.jpg?fit=530%2C350&ssl=1","jetpack_sharing_enabled":true,"jetpack_likes_enabled":true,"jetpack-related-posts":[],"_links":{"self":[{"href":"https:\/\/eltrabajo.cl\/portal\/wp-json\/wp\/v2\/posts\/66913","targetHints":{"allow":["GET"]}}],"collection":[{"href":"https:\/\/eltrabajo.cl\/portal\/wp-json\/wp\/v2\/posts"}],"about":[{"href":"https:\/\/eltrabajo.cl\/portal\/wp-json\/wp\/v2\/types\/post"}],"author":[{"embeddable":true,"href":"https:\/\/eltrabajo.cl\/portal\/wp-json\/wp\/v2\/users\/482"}],"replies":[{"embeddable":true,"href":"https:\/\/eltrabajo.cl\/portal\/wp-json\/wp\/v2\/comments?post=66913"}],"version-history":[{"count":0,"href":"https:\/\/eltrabajo.cl\/portal\/wp-json\/wp\/v2\/posts\/66913\/revisions"}],"wp:featuredmedia":[{"embeddable":true,"href":"https:\/\/eltrabajo.cl\/portal\/wp-json\/wp\/v2\/media\/66914"}],"wp:attachment":[{"href":"https:\/\/eltrabajo.cl\/portal\/wp-json\/wp\/v2\/media?parent=66913"}],"wp:term":[{"taxonomy":"category","embeddable":true,"href":"https:\/\/eltrabajo.cl\/portal\/wp-json\/wp\/v2\/categories?post=66913"},{"taxonomy":"post_tag","embeddable":true,"href":"https:\/\/eltrabajo.cl\/portal\/wp-json\/wp\/v2\/tags?post=66913"}],"curies":[{"name":"wp","href":"https:\/\/api.w.org\/{rel}","templated":true}]}}