{"id":66916,"date":"2016-02-18T09:35:38","date_gmt":"2016-02-18T12:35:38","guid":{"rendered":"http:\/\/www.eltrabajo.cl\/portal\/?p=66916"},"modified":"2016-02-18T09:35:38","modified_gmt":"2016-02-18T12:35:38","slug":"municipio-dispondra-de-80-cupos-para-programa-jefas-de-hogar","status":"publish","type":"post","link":"https:\/\/eltrabajo.cl\/portal\/municipio-dispondra-de-80-cupos-para-programa-jefas-de-hogar\/","title":{"rendered":"Municipio dispondr\u00e1 de 80 cupos para Programa Jefas de Hogar"},"content":{"rendered":"<figure id=\"attachment_66917\" aria-describedby=\"caption-attachment-66917\" style=\"width: 300px\" class=\"wp-caption alignleft\"><img data-recalc-dims=\"1\" loading=\"lazy\" decoding=\"async\" class=\"wp-image-66917 size-medium\" src=\"https:\/\/i0.wp.com\/www.eltrabajo.cl\/portal\/wp-content\/uploads\/2016\/02\/Alcalde-de-Panquehue-300x197.jpg?resize=300%2C197\" alt=\"El lunes 29 de febrero termina el plazo para postular al programa Jefas de Hogar.\" width=\"300\" height=\"197\" srcset=\"https:\/\/i0.wp.com\/eltrabajo.cl\/portal\/wp-content\/uploads\/2016\/02\/Alcalde-de-Panquehue.jpg?resize=300%2C197&amp;ssl=1 300w, https:\/\/i0.wp.com\/eltrabajo.cl\/portal\/wp-content\/uploads\/2016\/02\/Alcalde-de-Panquehue.jpg?resize=200%2C131&amp;ssl=1 200w, https:\/\/i0.wp.com\/eltrabajo.cl\/portal\/wp-content\/uploads\/2016\/02\/Alcalde-de-Panquehue.jpg?resize=228%2C150&amp;ssl=1 228w, https:\/\/i0.wp.com\/eltrabajo.cl\/portal\/wp-content\/uploads\/2016\/02\/Alcalde-de-Panquehue.jpg?resize=400%2C263&amp;ssl=1 400w, https:\/\/i0.wp.com\/eltrabajo.cl\/portal\/wp-content\/uploads\/2016\/02\/Alcalde-de-Panquehue.jpg?w=530&amp;ssl=1 530w\" sizes=\"auto, (max-width: 300px) 100vw, 300px\" \/><figcaption id=\"caption-attachment-66917\" class=\"wp-caption-text\">El lunes 29 de febrero termina el plazo para postular al programa Jefas de Hogar.<\/figcaption><\/figure>\n<ul>\n<li><strong>De acuerdo a lo informado por la encargada del programa Patricia Gonz\u00e1lez, el plazo de inscripci\u00f3n expira el 29 de febrero pr\u00f3ximo.<\/strong><\/li>\n<\/ul>\n<p><strong>PANQUEHUE.-<\/strong> 80 cupos dispondr\u00e1 el municipio para el desarrollo del programa Jefas de Hogar, y que para este a\u00f1o, se espera poder trabajar con mujeres que no han sido beneficiadas con programas de emprendimiento.<br \/>\nPatricia Gonz\u00e1lez, asistente social y coordinadora de este programa que se ejecuta con el apoyo del Sernam, explic\u00f3 que este ofrece el acceso a talleres de formaci\u00f3n para el trabajo, donde las mujeres podr\u00e1n adquirir herramientas para el desarrollo personal y laboral, y donde asimismo podr\u00e1n conocer los derechos laborales, recibiendo el apoyo para mejorar la l\u00ednea de empleabilidad.<br \/>\n\u201cEn el programa mujeres jefas de hogar, cada mujer elabora un proyecto laboral donde, dependiendo de su perfil y de la disponibilidad de cupos en la comuna, se podr\u00e1 optar a una serie de capacitaciones tales como l\u00edneas de oficio, nivelaci\u00f3n de estudios, cuidado infantil, alfabetizaci\u00f3n digital y atenci\u00f3n\u201d.<br \/>\nAgreg\u00f3 Patricia Gonz\u00e1lez que las mujeres que deseen inscribirse en el programa cuyo plazo expira el pr\u00f3ximo lunes 29 de febrero, deben cumplir con el perfil de ser jefa de hogar o en su efecto jefa del n\u00facleo familiar; tener entre 18 y 65 a\u00f1os de edad; adem\u00e1s ser econ\u00f3micamente activa, o sea estar trabajando de manera dependiente o independiente, o buscando trabajo y finalmente vivir o trabajar en la comuna de Panquehue.<br \/>\nEste programa existe desde 1992 y cada a\u00f1o entrega herramientas a m\u00e1s de 30 mil mujeres a lo largo de todo Chile. Permite ser un apoyo integral para que las jefas de hogar puedan optar a capacitaciones, talleres, peque\u00f1os proyectos de microempresarias. La cobertura es de 250 comunas, lo que significa el 72% del territorio nacional, adem\u00e1s en nuestro pa\u00eds el 37,8% de los hogares est\u00e1n a cargo de mujeres.<\/p>\n","protected":false},"excerpt":{"rendered":"<p>De acuerdo a lo informado por la encargada del programa Patricia Gonz\u00e1lez, el plazo de inscripci\u00f3n expira el 29 de febrero pr\u00f3ximo. PANQUEHUE.- 80 cupos dispondr\u00e1 el municipio para el desarrollo del&#8230;<\/p>\n","protected":false},"author":482,"featured_media":66917,"comment_status":"open","ping_status":"open","sticky":false,"template":"","format":"standard","meta":{"advanced_seo_description":"","jetpack_seo_html_title":"","jetpack_seo_noindex":false,"_jetpack_memberships_contains_paid_content":false,"footnotes":""},"categories":[15],"tags":[],"class_list":["post-66916","post","type-post","status-publish","format-standard","has-post-thumbnail","hentry","category-comunidad"],"jetpack_featured_media_url":"https:\/\/i0.wp.com\/eltrabajo.cl\/portal\/wp-content\/uploads\/2016\/02\/Alcalde-de-Panquehue.jpg?fit=530%2C348&ssl=1","jetpack_sharing_enabled":true,"jetpack_likes_enabled":true,"jetpack-related-posts":[],"_links":{"self":[{"href":"https:\/\/eltrabajo.cl\/portal\/wp-json\/wp\/v2\/posts\/66916","targetHints":{"allow":["GET"]}}],"collection":[{"href":"https:\/\/eltrabajo.cl\/portal\/wp-json\/wp\/v2\/posts"}],"about":[{"href":"https:\/\/eltrabajo.cl\/portal\/wp-json\/wp\/v2\/types\/post"}],"author":[{"embeddable":true,"href":"https:\/\/eltrabajo.cl\/portal\/wp-json\/wp\/v2\/users\/482"}],"replies":[{"embeddable":true,"href":"https:\/\/eltrabajo.cl\/portal\/wp-json\/wp\/v2\/comments?post=66916"}],"version-history":[{"count":0,"href":"https:\/\/eltrabajo.cl\/portal\/wp-json\/wp\/v2\/posts\/66916\/revisions"}],"wp:featuredmedia":[{"embeddable":true,"href":"https:\/\/eltrabajo.cl\/portal\/wp-json\/wp\/v2\/media\/66917"}],"wp:attachment":[{"href":"https:\/\/eltrabajo.cl\/portal\/wp-json\/wp\/v2\/media?parent=66916"}],"wp:term":[{"taxonomy":"category","embeddable":true,"href":"https:\/\/eltrabajo.cl\/portal\/wp-json\/wp\/v2\/categories?post=66916"},{"taxonomy":"post_tag","embeddable":true,"href":"https:\/\/eltrabajo.cl\/portal\/wp-json\/wp\/v2\/tags?post=66916"}],"curies":[{"name":"wp","href":"https:\/\/api.w.org\/{rel}","templated":true}]}}