{"id":66919,"date":"2016-02-18T09:38:22","date_gmt":"2016-02-18T12:38:22","guid":{"rendered":"http:\/\/www.eltrabajo.cl\/portal\/?p=66919"},"modified":"2016-02-18T09:38:22","modified_gmt":"2016-02-18T12:38:22","slug":"nuevamente-vecinos-viajaran-al-balneario-de-ventanas-gracias-a-programa-municipal","status":"publish","type":"post","link":"https:\/\/eltrabajo.cl\/portal\/nuevamente-vecinos-viajaran-al-balneario-de-ventanas-gracias-a-programa-municipal\/","title":{"rendered":"Nuevamente vecinos viajar\u00e1n al balneario de Ventanas gracias a programa municipal"},"content":{"rendered":"<figure id=\"attachment_66920\" aria-describedby=\"caption-attachment-66920\" style=\"width: 300px\" class=\"wp-caption alignleft\"><img data-recalc-dims=\"1\" loading=\"lazy\" decoding=\"async\" class=\"wp-image-66920 size-medium\" src=\"https:\/\/i0.wp.com\/www.eltrabajo.cl\/portal\/wp-content\/uploads\/2016\/02\/Visita-Playa-Ventanas-2-300x198.jpg?resize=300%2C198\" alt=\"Cerca de 800 vecinos de Calle Larga viajar\u00e1n durante todo febrero a Ventanas con apoyo del municipio.\" width=\"300\" height=\"198\" srcset=\"https:\/\/i0.wp.com\/eltrabajo.cl\/portal\/wp-content\/uploads\/2016\/02\/Visita-Playa-Ventanas-2.jpg?resize=300%2C198&amp;ssl=1 300w, https:\/\/i0.wp.com\/eltrabajo.cl\/portal\/wp-content\/uploads\/2016\/02\/Visita-Playa-Ventanas-2.jpg?resize=200%2C132&amp;ssl=1 200w, https:\/\/i0.wp.com\/eltrabajo.cl\/portal\/wp-content\/uploads\/2016\/02\/Visita-Playa-Ventanas-2.jpg?resize=227%2C150&amp;ssl=1 227w, https:\/\/i0.wp.com\/eltrabajo.cl\/portal\/wp-content\/uploads\/2016\/02\/Visita-Playa-Ventanas-2.jpg?resize=400%2C264&amp;ssl=1 400w, https:\/\/i0.wp.com\/eltrabajo.cl\/portal\/wp-content\/uploads\/2016\/02\/Visita-Playa-Ventanas-2.jpg?w=530&amp;ssl=1 530w\" sizes=\"auto, (max-width: 300px) 100vw, 300px\" \/><figcaption id=\"caption-attachment-66920\" class=\"wp-caption-text\">Cerca de 800 vecinos de Calle Larga viajar\u00e1n durante todo febrero a Ventanas con apoyo del municipio.<\/figcaption><\/figure>\n<ul>\n<li><strong>En total se espera que viajen m\u00e1s de ochocientas personas durante todo febrero.<\/strong><\/li>\n<\/ul>\n<p><strong>CALLE LARGA<\/strong>.- Tal como es tradici\u00f3n durante los meses de verano, este a\u00f1o el municipio puso en marcha el programa que permite a un importante n\u00famero de vecinos de la comuna, disfrutar de unos d\u00edas de vacaciones en el balneario de Ventanas, en la Regi\u00f3n de Valpara\u00edso.<br \/>\nM\u00e1s de ochocientos habitantes de la comuna se trasladar\u00e1n durante lo que queda de febrero a este balneario. De ellos cuatrocientos ya lo han hecho durante el inicio de las vacaciones, quienes cancelando 4 mil pesos, han podido disfrutar de un entretenido verano junto a sus familias y amigos.<br \/>\n\u201cQue los vecinos de Calle Larga tengan la posibilidad de viajar a Ventanas a pasar sus vacaciones es sumamente importante. Las personas que han participado en este programa nos han comentado que lo han pasado muy bien, principalmente porque este es un balneario tranquilo, con precios accesibles y en el que han podido disfrutar con sus familiares\u201d, sostuvo el alcalde Nelson Venegas.<br \/>\nRoxana Rosales, vecina de la poblaci\u00f3n El Cristo de Calle Larga, destac\u00f3 esta iniciativa.<br \/>\n\u201cEste viaje nos ha permitido conocer m\u00e1s a nuestros vecinos, compartir con nuestras familias pas\u00e1ndolo bien durante los tres d\u00edas que dura. Esta es una iniciativa bien buena del municipio que nos permite vacacionar y desestresarnos de las actividades cotidianas\u201d, cont\u00f3 Rosana Rosales.<br \/>\nTambi\u00e9n Ar\u00edstides Ayala agradeci\u00f3 la posibilidad de pasar sus vacaciones junto a su familia de una manera econ\u00f3mica y segura.<br \/>\n\u201cPara m\u00ed ha sido una muy linda experiencia, hemos disfrutado mucho la playa, nos estamos quedando en un colegio muy lindo que cuenta con todas las comodidades. Agradezco de verdad esta iniciativa que no se da en todas las comunas\u201d, sostuvo el vecino.<\/p>\n","protected":false},"excerpt":{"rendered":"<p>En total se espera que viajen m\u00e1s de ochocientas personas durante todo febrero. CALLE LARGA.- Tal como es tradici\u00f3n durante los meses de verano, este a\u00f1o el municipio puso en marcha el&#8230;<\/p>\n","protected":false},"author":482,"featured_media":66920,"comment_status":"open","ping_status":"open","sticky":false,"template":"","format":"standard","meta":{"advanced_seo_description":"","jetpack_seo_html_title":"","jetpack_seo_noindex":false,"_jetpack_memberships_contains_paid_content":false,"footnotes":""},"categories":[15],"tags":[],"class_list":["post-66919","post","type-post","status-publish","format-standard","has-post-thumbnail","hentry","category-comunidad"],"jetpack_featured_media_url":"https:\/\/i0.wp.com\/eltrabajo.cl\/portal\/wp-content\/uploads\/2016\/02\/Visita-Playa-Ventanas-2.jpg?fit=530%2C350&ssl=1","jetpack_sharing_enabled":true,"jetpack_likes_enabled":true,"jetpack-related-posts":[],"_links":{"self":[{"href":"https:\/\/eltrabajo.cl\/portal\/wp-json\/wp\/v2\/posts\/66919","targetHints":{"allow":["GET"]}}],"collection":[{"href":"https:\/\/eltrabajo.cl\/portal\/wp-json\/wp\/v2\/posts"}],"about":[{"href":"https:\/\/eltrabajo.cl\/portal\/wp-json\/wp\/v2\/types\/post"}],"author":[{"embeddable":true,"href":"https:\/\/eltrabajo.cl\/portal\/wp-json\/wp\/v2\/users\/482"}],"replies":[{"embeddable":true,"href":"https:\/\/eltrabajo.cl\/portal\/wp-json\/wp\/v2\/comments?post=66919"}],"version-history":[{"count":0,"href":"https:\/\/eltrabajo.cl\/portal\/wp-json\/wp\/v2\/posts\/66919\/revisions"}],"wp:featuredmedia":[{"embeddable":true,"href":"https:\/\/eltrabajo.cl\/portal\/wp-json\/wp\/v2\/media\/66920"}],"wp:attachment":[{"href":"https:\/\/eltrabajo.cl\/portal\/wp-json\/wp\/v2\/media?parent=66919"}],"wp:term":[{"taxonomy":"category","embeddable":true,"href":"https:\/\/eltrabajo.cl\/portal\/wp-json\/wp\/v2\/categories?post=66919"},{"taxonomy":"post_tag","embeddable":true,"href":"https:\/\/eltrabajo.cl\/portal\/wp-json\/wp\/v2\/tags?post=66919"}],"curies":[{"name":"wp","href":"https:\/\/api.w.org\/{rel}","templated":true}]}}