{"id":66929,"date":"2016-02-18T09:44:42","date_gmt":"2016-02-18T12:44:42","guid":{"rendered":"http:\/\/www.eltrabajo.cl\/portal\/?p=66929"},"modified":"2016-02-18T09:44:42","modified_gmt":"2016-02-18T12:44:42","slug":"municipio-instaura-plataforma-para-responder-inquietudes-de-la-comunidad","status":"publish","type":"post","link":"https:\/\/eltrabajo.cl\/portal\/municipio-instaura-plataforma-para-responder-inquietudes-de-la-comunidad\/","title":{"rendered":"Municipio instaura plataforma para responder inquietudes de la comunidad"},"content":{"rendered":"<figure id=\"attachment_66930\" aria-describedby=\"caption-attachment-66930\" style=\"width: 300px\" class=\"wp-caption alignleft\"><img data-recalc-dims=\"1\" loading=\"lazy\" decoding=\"async\" class=\"wp-image-66930 size-medium\" src=\"https:\/\/i0.wp.com\/www.eltrabajo.cl\/portal\/wp-content\/uploads\/2016\/02\/conferencia-300x198.jpg?resize=300%2C198\" alt=\"Representantes del municipio junto al alcalde Patricio Freire presentaron estos nuevos mecanismos de comunicaci\u00f3n directa entre las autoridades y los vecinos de San Felipe.\" width=\"300\" height=\"198\" srcset=\"https:\/\/i0.wp.com\/eltrabajo.cl\/portal\/wp-content\/uploads\/2016\/02\/conferencia.jpg?resize=300%2C198&amp;ssl=1 300w, https:\/\/i0.wp.com\/eltrabajo.cl\/portal\/wp-content\/uploads\/2016\/02\/conferencia.jpg?resize=200%2C132&amp;ssl=1 200w, https:\/\/i0.wp.com\/eltrabajo.cl\/portal\/wp-content\/uploads\/2016\/02\/conferencia.jpg?resize=227%2C150&amp;ssl=1 227w, https:\/\/i0.wp.com\/eltrabajo.cl\/portal\/wp-content\/uploads\/2016\/02\/conferencia.jpg?resize=400%2C264&amp;ssl=1 400w, https:\/\/i0.wp.com\/eltrabajo.cl\/portal\/wp-content\/uploads\/2016\/02\/conferencia.jpg?w=530&amp;ssl=1 530w\" sizes=\"auto, (max-width: 300px) 100vw, 300px\" \/><figcaption id=\"caption-attachment-66930\" class=\"wp-caption-text\">Representantes del municipio junto al alcalde Patricio Freire presentaron estos nuevos mecanismos de comunicaci\u00f3n directa entre las autoridades y los vecinos de San Felipe.<\/figcaption><\/figure>\n<ul>\n<li><strong>En el sitio municipal wwww.municipalidaddesanfelipe.cl, los vecinos encontrar\u00e1n el banner de enlace a la plataforma donde podr\u00e1n reportar problemas de \u00e1reas verdes, iluminaci\u00f3n, espacios p\u00fablicos, entre otros. Se suma la l\u00ednea telef\u00f3nica 800 211 700.<\/strong><\/li>\n<\/ul>\n<p>Una l\u00ednea telef\u00f3nica gratuita y una plataforma en internet a la que se puede acceder en el sitio web institucional, son las dos instancias que conforman el Programa \u2018Vecinos Conectados\u2019, iniciativa implementada por la municipalidad de San Felipe, con la finalidad favorecer la comunicaci\u00f3n con los vecinos que podr\u00e1n reportar sus inquietudes o solicitar apoyo para atender temas de su sector.<br \/>\nLa Fundaci\u00f3n para la Democracia y el Desarrollo es el organismo que est\u00e1 detr\u00e1s de este sistema y que acogi\u00f3 la inquietud del alcalde Patricio Freire, para realizar alianza con el municipio de San Felipe y as\u00ed, aprovechar las llamadas TICS (Tecnolog\u00edas de la Informaci\u00f3n y la Comunicaci\u00f3n), en beneficio de la comunidad y tambi\u00e9n de la gesti\u00f3n municipal, en la medida que podr\u00e1 asegurarse de dar respuesta a las inquietudes de los vecinos.<br \/>\nLa iniciativa fue dada a conocer este martes por el alcalde Patricio Freire, quien relev\u00f3 que \u201cla intenci\u00f3n de la corporaci\u00f3n edilicia es que por medio de este sistema, los vecinos puedan informar con rapidez situaciones tales como fallas en el alumbrado p\u00fablico, dificultades con \u00e1reas verdes o espacios p\u00fablicos, entre otras, garantizando celeridad en la respuesta, que se entregar\u00e1 en un plazo de entre 3 a partir del momento en que se reporta\u201d.<br \/>\nEn este mismo sentido, el presidente de la Junta de Vecinos de la Poblaci\u00f3n Santa Br\u00edgida, Ram\u00f3n Astudillo, valor\u00f3 el esfuerzo y la gesti\u00f3n del alcalde Freire, en cuanto a generar esta instancia, que seg\u00fan afirm\u00f3, da respuesta a las inquietudes de la comunidad, que muchas veces utilizaban otras plataformas no convencionales o informales, para lograr respuesta del municipio.<br \/>\n\u201cTodos aquellos vecinos que de pronto no se consideran escuchados, pueden aprovechar esta instancia para informar al municipio sobre situaciones que ellos consideran irregulares. Esto nos beneficia a nosotros y a la municipalidad. A nosotros, porque tendremos respuesta oportuna, y al municipio porque contar\u00e1 con la informaci\u00f3n sobre los problemas que existen en los barrios y que deben atender\u201d, se\u00f1al\u00f3 el dirigente vecinal.<br \/>\nRespecto del programa y su funcionalidad, el administrador municipal Patricio Gonz\u00e1lez entreg\u00f3 detalles acerca de c\u00f3mo va a operar esta plataforma, aun cuando recalc\u00f3 que se realizar\u00e1n talleres comunitarios, para explicar a los vecinos y vecinas acerca de c\u00f3mo se puede ingresar un requerimiento o reclamo.<br \/>\n\u201cEsta iniciativa se ha implementado en seis municipios del pa\u00eds, generando una participaci\u00f3n ciudadana corresponsable, para resolver los problemas que cotidianamente los municipios resuelven. As\u00ed, habr\u00e1 una georeferenciaci\u00f3n de los problemas, una trazabilidad de lo que estamos dando como respuesta, al tiempo que podremos identificar los requerimientos y as\u00ed, dar una respuesta eficiente y efectiva\u201d, manifest\u00f3 Patricio Gonz\u00e1lez.<br \/>\nLa invitaci\u00f3n es a aprovechar esta instancia de comunicaci\u00f3n directa con la corporaci\u00f3n edilicia sanfelipe\u00f1a, llamando al 800 211 700 o bien, ingresando al sitio web institucional www.municipalidaddesanfelipe.cl<\/p>\n","protected":false},"excerpt":{"rendered":"<p>En el sitio municipal wwww.municipalidaddesanfelipe.cl, los vecinos encontrar\u00e1n el banner de enlace a la plataforma donde podr\u00e1n reportar problemas de \u00e1reas verdes, iluminaci\u00f3n, espacios p\u00fablicos, entre otros. Se suma la l\u00ednea telef\u00f3nica&#8230;<\/p>\n","protected":false},"author":482,"featured_media":66930,"comment_status":"open","ping_status":"open","sticky":false,"template":"","format":"standard","meta":{"advanced_seo_description":"","jetpack_seo_html_title":"","jetpack_seo_noindex":false,"_jetpack_memberships_contains_paid_content":false,"footnotes":""},"categories":[1],"tags":[],"class_list":["post-66929","post","type-post","status-publish","format-standard","has-post-thumbnail","hentry","category-cronica"],"jetpack_featured_media_url":"https:\/\/i0.wp.com\/eltrabajo.cl\/portal\/wp-content\/uploads\/2016\/02\/conferencia.jpg?fit=530%2C350&ssl=1","jetpack_sharing_enabled":true,"jetpack_likes_enabled":true,"jetpack-related-posts":[],"_links":{"self":[{"href":"https:\/\/eltrabajo.cl\/portal\/wp-json\/wp\/v2\/posts\/66929","targetHints":{"allow":["GET"]}}],"collection":[{"href":"https:\/\/eltrabajo.cl\/portal\/wp-json\/wp\/v2\/posts"}],"about":[{"href":"https:\/\/eltrabajo.cl\/portal\/wp-json\/wp\/v2\/types\/post"}],"author":[{"embeddable":true,"href":"https:\/\/eltrabajo.cl\/portal\/wp-json\/wp\/v2\/users\/482"}],"replies":[{"embeddable":true,"href":"https:\/\/eltrabajo.cl\/portal\/wp-json\/wp\/v2\/comments?post=66929"}],"version-history":[{"count":0,"href":"https:\/\/eltrabajo.cl\/portal\/wp-json\/wp\/v2\/posts\/66929\/revisions"}],"wp:featuredmedia":[{"embeddable":true,"href":"https:\/\/eltrabajo.cl\/portal\/wp-json\/wp\/v2\/media\/66930"}],"wp:attachment":[{"href":"https:\/\/eltrabajo.cl\/portal\/wp-json\/wp\/v2\/media?parent=66929"}],"wp:term":[{"taxonomy":"category","embeddable":true,"href":"https:\/\/eltrabajo.cl\/portal\/wp-json\/wp\/v2\/categories?post=66929"},{"taxonomy":"post_tag","embeddable":true,"href":"https:\/\/eltrabajo.cl\/portal\/wp-json\/wp\/v2\/tags?post=66929"}],"curies":[{"name":"wp","href":"https:\/\/api.w.org\/{rel}","templated":true}]}}