{"id":66932,"date":"2016-02-18T09:46:27","date_gmt":"2016-02-18T12:46:27","guid":{"rendered":"http:\/\/www.eltrabajo.cl\/portal\/?p=66932"},"modified":"2016-02-18T09:46:27","modified_gmt":"2016-02-18T12:46:27","slug":"autoridades-solicitan-a-la-comunidad-esperar-resultados-del-ssa-tras-aparicion-de-vinchuca","status":"publish","type":"post","link":"https:\/\/eltrabajo.cl\/portal\/autoridades-solicitan-a-la-comunidad-esperar-resultados-del-ssa-tras-aparicion-de-vinchuca\/","title":{"rendered":"Autoridades solicitan a la comunidad esperar resultados del SSA tras aparici\u00f3n de vinchuca"},"content":{"rendered":"<figure id=\"attachment_66933\" aria-describedby=\"caption-attachment-66933\" style=\"width: 300px\" class=\"wp-caption alignleft\"><img data-recalc-dims=\"1\" loading=\"lazy\" decoding=\"async\" class=\"wp-image-66933 size-medium\" src=\"https:\/\/i0.wp.com\/www.eltrabajo.cl\/portal\/wp-content\/uploads\/2016\/02\/Vinchuca-1-300x198.jpg?resize=300%2C198\" alt=\"Autoridades de salud pidieron a los vecinos que a\u00fan se deben esperar los resultados que entregar\u00e1 el Servicio de Salud para determinar si esa vinchuca pose\u00eda o no el Mal de Chagas.\" width=\"300\" height=\"198\" srcset=\"https:\/\/i0.wp.com\/eltrabajo.cl\/portal\/wp-content\/uploads\/2016\/02\/Vinchuca-1.jpg?resize=300%2C198&amp;ssl=1 300w, https:\/\/i0.wp.com\/eltrabajo.cl\/portal\/wp-content\/uploads\/2016\/02\/Vinchuca-1.jpg?resize=200%2C132&amp;ssl=1 200w, https:\/\/i0.wp.com\/eltrabajo.cl\/portal\/wp-content\/uploads\/2016\/02\/Vinchuca-1.jpg?resize=228%2C150&amp;ssl=1 228w, https:\/\/i0.wp.com\/eltrabajo.cl\/portal\/wp-content\/uploads\/2016\/02\/Vinchuca-1.jpg?resize=400%2C263&amp;ssl=1 400w, https:\/\/i0.wp.com\/eltrabajo.cl\/portal\/wp-content\/uploads\/2016\/02\/Vinchuca-1.jpg?w=530&amp;ssl=1 530w\" sizes=\"auto, (max-width: 300px) 100vw, 300px\" \/><figcaption id=\"caption-attachment-66933\" class=\"wp-caption-text\">Autoridades de salud pidieron a los vecinos que a\u00fan se deben esperar los resultados que entregar\u00e1 el Servicio de Salud para determinar si esa vinchuca pose\u00eda o no el Mal de Chagas.<\/figcaption><\/figure>\n<ul>\n<li><strong>Profesionales del centro de salud primario sostuvieron que a\u00fan faltan los resultados que arrojar\u00e1n las pruebas que realizar\u00e1 el Servicio de Salud Aconcagua antes de determinar si el insecto es o no portador del Mal de Chagas.<\/strong><\/li>\n<\/ul>\n<p><strong>PUTAENDO.<\/strong>&#8211; El Director (s) del Cesfam valle de los Libertadores de Putaendo, Ronny Z\u00fa\u00f1iga, hizo un llamado a la comunidad a no alarmarse y esperar los resultados que entregar\u00e1 el Servicio de Salud Aconcagua, una vez que env\u00eden la vinchuca encontrada en villa Los Alerces de Putaendo al Instituto de Salud P\u00fablica, entidad que estar\u00e1 a cargo de determinar si el insecto es o no portador del Mal de Chagas.<br \/>\nEl profesional afirm\u00f3 que efectivamente existen dos tipos de vinchuca; la silvestre (mepraiaspinolai), que es un tipo de vinchuca que en un 99,9% no es portadora del Mal de Chagas, y tambi\u00e9n la vinchuca dom\u00e9stica (triatoma infestans), que es la que efectivamente puede tener el virus y que corresponde al insecto encontrado en villa Los Alerces.<br \/>\nEl Dr. Ronny Z\u00fa\u00f1iga aclar\u00f3 que lo expresado por el Encargado del Programa de Monitoreo de Vinchucas del Cesfam de Putaendo, Norberto Am\u00e9stica, es que la vinchuca que fue llevada al centro asistencial puede ser portadora del Mal de Chagas, lo que no podr\u00e1 ser determinado a\u00fan hasta que concluyan los an\u00e1lisis del Instituto de Salud P\u00fablica, encargados por el Servicio de Salud Aconcagua.<br \/>\nEl Director (S) del Cesfam valle de los Libertadores mostr\u00f3 su preocupaci\u00f3n al conocer que algunos residentes de villa Los Alerces comenzaron a fumigar sus viviendas incluso con productos agr\u00edcolas, debido al temor a encontrar este insecto en sus hogares, motivo por el cual se\u00f1al\u00f3 que eso es un riesgo innecesario para los integrantes del grupo familiar, porque es la Autoridad Sanitaria la encargada de determinar si corresponde o no una fumigaci\u00f3n.<br \/>\nFinalmente, el profesional adelant\u00f3 que durante la pr\u00f3xima semana desarrollar\u00e1n una jornada de orientaci\u00f3n con los vecinos de villa Los Alerces.<\/p>\n<p><strong>ALGUNAS RECOMENDACIONES<\/strong><br \/>\nLas vinchucas adultas miden de 1,6 a 2,5 cent\u00edmetros, son de color caf\u00e9 oscuro.<br \/>\nExisten 2 tipos: la dom\u00e9stica, que tiene borde oscuro y amarillo, y la silvestre con borde rojo y negro.<br \/>\nLa presencia de vinchuca dom\u00e9stica tambi\u00e9n puede estar en el entorno de la vivienda.<br \/>\n<strong>Patricio Gallardo M.<\/strong><\/p>\n","protected":false},"excerpt":{"rendered":"<p>Profesionales del centro de salud primario sostuvieron que a\u00fan faltan los resultados que arrojar\u00e1n las pruebas que realizar\u00e1 el Servicio de Salud Aconcagua antes de determinar si el insecto es o no&#8230;<\/p>\n","protected":false},"author":482,"featured_media":66933,"comment_status":"open","ping_status":"open","sticky":false,"template":"","format":"standard","meta":{"advanced_seo_description":"","jetpack_seo_html_title":"","jetpack_seo_noindex":false,"_jetpack_memberships_contains_paid_content":false,"footnotes":""},"categories":[1],"tags":[],"class_list":["post-66932","post","type-post","status-publish","format-standard","has-post-thumbnail","hentry","category-cronica"],"jetpack_featured_media_url":"https:\/\/i0.wp.com\/eltrabajo.cl\/portal\/wp-content\/uploads\/2016\/02\/Vinchuca-1.jpg?fit=530%2C349&ssl=1","jetpack_sharing_enabled":true,"jetpack_likes_enabled":true,"jetpack-related-posts":[],"_links":{"self":[{"href":"https:\/\/eltrabajo.cl\/portal\/wp-json\/wp\/v2\/posts\/66932","targetHints":{"allow":["GET"]}}],"collection":[{"href":"https:\/\/eltrabajo.cl\/portal\/wp-json\/wp\/v2\/posts"}],"about":[{"href":"https:\/\/eltrabajo.cl\/portal\/wp-json\/wp\/v2\/types\/post"}],"author":[{"embeddable":true,"href":"https:\/\/eltrabajo.cl\/portal\/wp-json\/wp\/v2\/users\/482"}],"replies":[{"embeddable":true,"href":"https:\/\/eltrabajo.cl\/portal\/wp-json\/wp\/v2\/comments?post=66932"}],"version-history":[{"count":0,"href":"https:\/\/eltrabajo.cl\/portal\/wp-json\/wp\/v2\/posts\/66932\/revisions"}],"wp:featuredmedia":[{"embeddable":true,"href":"https:\/\/eltrabajo.cl\/portal\/wp-json\/wp\/v2\/media\/66933"}],"wp:attachment":[{"href":"https:\/\/eltrabajo.cl\/portal\/wp-json\/wp\/v2\/media?parent=66932"}],"wp:term":[{"taxonomy":"category","embeddable":true,"href":"https:\/\/eltrabajo.cl\/portal\/wp-json\/wp\/v2\/categories?post=66932"},{"taxonomy":"post_tag","embeddable":true,"href":"https:\/\/eltrabajo.cl\/portal\/wp-json\/wp\/v2\/tags?post=66932"}],"curies":[{"name":"wp","href":"https:\/\/api.w.org\/{rel}","templated":true}]}}