{"id":66935,"date":"2016-02-18T09:47:40","date_gmt":"2016-02-18T12:47:40","guid":{"rendered":"http:\/\/www.eltrabajo.cl\/portal\/?p=66935"},"modified":"2016-02-18T09:47:40","modified_gmt":"2016-02-18T12:47:40","slug":"oficina-municipal-de-sernac-aconsejo-cotizar-antes-de-comprar-uniformes-o-utiles-escolares","status":"publish","type":"post","link":"https:\/\/eltrabajo.cl\/portal\/oficina-municipal-de-sernac-aconsejo-cotizar-antes-de-comprar-uniformes-o-utiles-escolares\/","title":{"rendered":"Oficina Municipal de Sernac aconsej\u00f3 cotizar antes de comprar uniformes o \u00fatiles escolares"},"content":{"rendered":"<figure id=\"attachment_66936\" aria-describedby=\"caption-attachment-66936\" style=\"width: 300px\" class=\"wp-caption alignleft\"><img data-recalc-dims=\"1\" loading=\"lazy\" decoding=\"async\" class=\"wp-image-66936 size-medium\" src=\"https:\/\/i0.wp.com\/www.eltrabajo.cl\/portal\/wp-content\/uploads\/2016\/02\/VLADIMIR-TAPIA-Encargado-de-la-Oficina-Municipal-del-SERNAC-300x197.jpg?resize=300%2C197\" alt=\"Vladimir Tapia encargado de la Oficina Municipal del Sernac, San Felipe.\" width=\"300\" height=\"197\" srcset=\"https:\/\/i0.wp.com\/eltrabajo.cl\/portal\/wp-content\/uploads\/2016\/02\/VLADIMIR-TAPIA-Encargado-de-la-Oficina-Municipal-del-SERNAC.jpg?resize=300%2C197&amp;ssl=1 300w, https:\/\/i0.wp.com\/eltrabajo.cl\/portal\/wp-content\/uploads\/2016\/02\/VLADIMIR-TAPIA-Encargado-de-la-Oficina-Municipal-del-SERNAC.jpg?resize=200%2C131&amp;ssl=1 200w, https:\/\/i0.wp.com\/eltrabajo.cl\/portal\/wp-content\/uploads\/2016\/02\/VLADIMIR-TAPIA-Encargado-de-la-Oficina-Municipal-del-SERNAC.jpg?resize=228%2C150&amp;ssl=1 228w, https:\/\/i0.wp.com\/eltrabajo.cl\/portal\/wp-content\/uploads\/2016\/02\/VLADIMIR-TAPIA-Encargado-de-la-Oficina-Municipal-del-SERNAC.jpg?resize=400%2C263&amp;ssl=1 400w, https:\/\/i0.wp.com\/eltrabajo.cl\/portal\/wp-content\/uploads\/2016\/02\/VLADIMIR-TAPIA-Encargado-de-la-Oficina-Municipal-del-SERNAC.jpg?w=530&amp;ssl=1 530w\" sizes=\"auto, (max-width: 300px) 100vw, 300px\" \/><figcaption id=\"caption-attachment-66936\" class=\"wp-caption-text\">Vladimir Tapia encargado de la Oficina Municipal del Sernac, San Felipe.<\/figcaption><\/figure>\n<ul>\n<li><strong>Cuadernos, l\u00e1pices, zapatos, pantalones, cotonas, faldas, libros, jumper, entre otros productos, provocan durante los pr\u00f3ximos d\u00edas, previos al inicio del a\u00f1o escolar 2016, una verdadera locura en distintas tiendas y librer\u00edas de San Felipe y sus alrededores.<\/strong><\/li>\n<\/ul>\n<p>La vertiginosidad con la que se enfrenta el inicio de clases y el af\u00e1n por cumplir con los requerimientos de cada colegio, desata una verdadera vor\u00e1gine de compras, dentro de las cuales, en variadas ocasiones ocurren situaciones que provocan la necesidad de cambiar o devolver el producto adquirido.<br \/>\nEn este contexto, el encargado de la oficina municipal del Servicio Nacional del Consumidor, (Sernac), Vladimir Tapia, entreg\u00f3 ciertos tips en relaci\u00f3n con la locura comercial de marzo y aconsej\u00f3 que \u201clo importante siempre es cotizar, es conveniente, toda vez que existen grandes diferencias en los precios tanto de los uniformes escolares como de los mismos \u00fatiles\u201d, determin\u00f3.<br \/>\nAs\u00ed mismo, Tapia record\u00f3 que el consumidor no debe olvidar la exigencia de la boleta en cada una de las compras, elemento que en definitiva le permitir\u00e1 hacer valer sus derechos en caso que surgiera alguna dificultad con el producto: \u201cSi el producto presenta alguna falla en cuanto a la calidad, el cliente va a tener siempre el derecho al cambio, la devoluci\u00f3n del dinero o a la reparaci\u00f3n\u201d, insisti\u00f3.<br \/>\nOtro aspecto importante destacado por Tapia, dice relaci\u00f3n con lo se\u00f1alado por el Seremi de Educaci\u00f3n Alejandro Tapia en relaci\u00f3n con la imposibilidad de los colegios de imponer determinadas marcas en la lista de \u00fatiles escolares (ver nota anexa).<br \/>\n\u201cActualmente existe la libertad de elecci\u00f3n del producto, es decir, el colegio no puede exigir la compra de una lista especial, sino que tiene que dar la posibilidad al comprador, en este caso el padre o apoderado pueda seleccionar dentro de las opciones que les ofrece el comercio y en el caso de los uniformes, tampoco debiera ser obligatorio salvo que as\u00ed lo determine el reglamento interno del establecimiento\u201d, enfatiz\u00f3.<br \/>\nEn cuanto a \u00fatiles escolares de pre b\u00e1sica, Tapia hizo hincapi\u00e9 en un producto en espec\u00edfico en el que hay que poner mayor atenci\u00f3n, se\u00f1alando que \u201chay que hacer un especial llamado para los apoderados que van a comprar \u00fatiles para los cursos de pre-k\u00ednder, k\u00ednder, primero y segundo b\u00e1sico, y que tiene relaci\u00f3n con los l\u00e1pices de colores, t\u00e9mperas y acuarelas, que \u00e9stas est\u00e9n certificadas y debidamente rotuladas en t\u00e9rminos de la sanidad que ofrezca para los estudiantes, pues son elementos que son f\u00e1ciles de llevar a la boca o digeridos por los ni\u00f1os, por eso deben estar autorizados sanitariamente para su debido uso\u201d, recalc\u00f3.<\/p>\n","protected":false},"excerpt":{"rendered":"<p>Cuadernos, l\u00e1pices, zapatos, pantalones, cotonas, faldas, libros, jumper, entre otros productos, provocan durante los pr\u00f3ximos d\u00edas, previos al inicio del a\u00f1o escolar 2016, una verdadera locura en distintas tiendas y librer\u00edas de&#8230;<\/p>\n","protected":false},"author":482,"featured_media":66936,"comment_status":"open","ping_status":"open","sticky":false,"template":"","format":"standard","meta":{"advanced_seo_description":"","jetpack_seo_html_title":"","jetpack_seo_noindex":false,"_jetpack_memberships_contains_paid_content":false,"footnotes":""},"categories":[1],"tags":[],"class_list":["post-66935","post","type-post","status-publish","format-standard","has-post-thumbnail","hentry","category-cronica"],"jetpack_featured_media_url":"https:\/\/i0.wp.com\/eltrabajo.cl\/portal\/wp-content\/uploads\/2016\/02\/VLADIMIR-TAPIA-Encargado-de-la-Oficina-Municipal-del-SERNAC.jpg?fit=530%2C348&ssl=1","jetpack_sharing_enabled":true,"jetpack_likes_enabled":true,"jetpack-related-posts":[],"_links":{"self":[{"href":"https:\/\/eltrabajo.cl\/portal\/wp-json\/wp\/v2\/posts\/66935","targetHints":{"allow":["GET"]}}],"collection":[{"href":"https:\/\/eltrabajo.cl\/portal\/wp-json\/wp\/v2\/posts"}],"about":[{"href":"https:\/\/eltrabajo.cl\/portal\/wp-json\/wp\/v2\/types\/post"}],"author":[{"embeddable":true,"href":"https:\/\/eltrabajo.cl\/portal\/wp-json\/wp\/v2\/users\/482"}],"replies":[{"embeddable":true,"href":"https:\/\/eltrabajo.cl\/portal\/wp-json\/wp\/v2\/comments?post=66935"}],"version-history":[{"count":0,"href":"https:\/\/eltrabajo.cl\/portal\/wp-json\/wp\/v2\/posts\/66935\/revisions"}],"wp:featuredmedia":[{"embeddable":true,"href":"https:\/\/eltrabajo.cl\/portal\/wp-json\/wp\/v2\/media\/66936"}],"wp:attachment":[{"href":"https:\/\/eltrabajo.cl\/portal\/wp-json\/wp\/v2\/media?parent=66935"}],"wp:term":[{"taxonomy":"category","embeddable":true,"href":"https:\/\/eltrabajo.cl\/portal\/wp-json\/wp\/v2\/categories?post=66935"},{"taxonomy":"post_tag","embeddable":true,"href":"https:\/\/eltrabajo.cl\/portal\/wp-json\/wp\/v2\/tags?post=66935"}],"curies":[{"name":"wp","href":"https:\/\/api.w.org\/{rel}","templated":true}]}}