{"id":66938,"date":"2016-02-18T09:49:23","date_gmt":"2016-02-18T12:49:23","guid":{"rendered":"http:\/\/www.eltrabajo.cl\/portal\/?p=66938"},"modified":"2016-02-18T09:49:23","modified_gmt":"2016-02-18T12:49:23","slug":"seremi-de-educacion-de-valparaiso-rayo-la-cancha-de-cara-al-inicio-del-ano-escolar-2016","status":"publish","type":"post","link":"https:\/\/eltrabajo.cl\/portal\/seremi-de-educacion-de-valparaiso-rayo-la-cancha-de-cara-al-inicio-del-ano-escolar-2016\/","title":{"rendered":"Seremi de Educaci\u00f3n de Valpara\u00edso ray\u00f3 la cancha de cara al inicio del a\u00f1o escolar 2016"},"content":{"rendered":"<figure id=\"attachment_66939\" aria-describedby=\"caption-attachment-66939\" style=\"width: 300px\" class=\"wp-caption alignleft\"><img data-recalc-dims=\"1\" loading=\"lazy\" decoding=\"async\" class=\"wp-image-66939 size-medium\" src=\"https:\/\/i0.wp.com\/www.eltrabajo.cl\/portal\/wp-content\/uploads\/2016\/02\/SEREMI-DE-EDUCACI%C3%93N-ALEJANDRO-TAPIA-300x197.jpg?resize=300%2C197\" alt=\"Seremi de Educaci\u00f3n, Alejandro Tapia\" width=\"300\" height=\"197\" srcset=\"https:\/\/i0.wp.com\/eltrabajo.cl\/portal\/wp-content\/uploads\/2016\/02\/SEREMI-DE-EDUCACI%C3%93N-ALEJANDRO-TAPIA.jpg?resize=300%2C197&amp;ssl=1 300w, https:\/\/i0.wp.com\/eltrabajo.cl\/portal\/wp-content\/uploads\/2016\/02\/SEREMI-DE-EDUCACI%C3%93N-ALEJANDRO-TAPIA.jpg?resize=200%2C131&amp;ssl=1 200w, https:\/\/i0.wp.com\/eltrabajo.cl\/portal\/wp-content\/uploads\/2016\/02\/SEREMI-DE-EDUCACI%C3%93N-ALEJANDRO-TAPIA.jpg?resize=228%2C150&amp;ssl=1 228w, https:\/\/i0.wp.com\/eltrabajo.cl\/portal\/wp-content\/uploads\/2016\/02\/SEREMI-DE-EDUCACI%C3%93N-ALEJANDRO-TAPIA.jpg?resize=400%2C263&amp;ssl=1 400w, https:\/\/i0.wp.com\/eltrabajo.cl\/portal\/wp-content\/uploads\/2016\/02\/SEREMI-DE-EDUCACI%C3%93N-ALEJANDRO-TAPIA.jpg?w=530&amp;ssl=1 530w\" sizes=\"auto, (max-width: 300px) 100vw, 300px\" \/><figcaption id=\"caption-attachment-66939\" class=\"wp-caption-text\">Seremi de Educaci\u00f3n, Alejandro Tapia<\/figcaption><\/figure>\n<ul>\n<li><strong>Alejandro Tapia se refiri\u00f3 a la imposibilidad que tienen los establecimientos municipales y subvencionados de cobrar matr\u00edculas, mensualidades, exigir \u00fatiles de una marca determinada o dejar a los alumnos sin clases por no asistir con el uniforme acordado.<\/strong><\/li>\n<\/ul>\n<p>Junto con confirmar que casi un 90% de los alumnos de la Regi\u00f3n de Valpara\u00edso ingresar\u00e1n a clases el pr\u00f3ximo 3 de marzo, el Secretario Regional Ministerial de Educaci\u00f3n, Seremi Alejandro Tapia, se refiri\u00f3 a algunas problem\u00e1ticas que surgen de forma inherente con el comienzo del a\u00f1o escolar y que afectan directamente a padres y apoderados.<br \/>\nEn primer lugar, Tapia se refiri\u00f3 a la compra de \u00fatiles escolares y uniformes, este \u00faltimo punto, dijo, supone un acuerdo entre el establecimiento y el centro general de padres, afirmando que \u201csu uso no es obligatorio, por lo tanto, cuando ocurre que, por alguna de estas t\u00edpicas casualidades que le suceden a ciertos alumnos, estos no pueden concurrir con el uniforme, esto no significa una sanci\u00f3n y menos a\u00fan que los devuelvan para la casa, esta determinaci\u00f3n est\u00e1 absolutamente prohibida, no se puede privar a los alumnos de lo m\u00e1s esencial del servicio educativo que es el acceso a clases\u201d, apunt\u00f3 el Seremi.<br \/>\nEn relaci\u00f3n con la lista de \u00fatiles escolares, Tapia manifest\u00f3 que \u201cse entiende que este \u00edtem tambi\u00e9n es un acuerdo con el centro general de padres de cada establecimiento y en ese sentido no se pueden exigir marcas o algunos \u00fatiles espec\u00edficos. Adem\u00e1s, por ning\u00fan motivo, se acepta la solicitud de \u00fatiles de aseo, porque ya sea los colegios municipales o particulares subvencionados tienen que proveer al establecimiento de estos \u00fatiles de aseo\u201d, sostuvo.<br \/>\nEn segundo lugar, el personero se refiri\u00f3 al nuevo proceso de gratuidad en la Educaci\u00f3n, que exime de pagos de mensualidades y matr\u00edculas a los padres y apoderados de establecimientos p\u00fablicos y subvencionados. En este punto Tapia adujo que \u201cla gratuidad supone que no existe ning\u00fan pago obligatorio, lo que puede existir es un aporte voluntario acordado con el centro general de padres\u201d, reafirm\u00f3.<br \/>\nRespecto de c\u00f3mo los padres y apoderados pueden denunciar alguna situaci\u00f3n que vaya en contra de anteriormente descrito, Tapia recomend\u00f3 que \u201cel canal m\u00e1s apropiado es la superintendencia de educaci\u00f3n a trav\u00e9s de su p\u00e1gina web www.supereduc.cl o, en su defecto, dirigirse a realizar la denuncia personalmente a la direcci\u00f3n provincial de la cartera, en este caso ac\u00e1 en San Felipe\u201d, dijo.<br \/>\nCabe destacar que a nivel regional son unos 260 mil los alumnos que estar\u00e1n ingresando a clases el pr\u00f3ximo 3 de marzo. Sin embargo, existen algunas excepciones, de un n\u00famero importante de establecimientos, que solicit\u00f3 ingresar unos d\u00edas antes, aunque esto en su gran mayor\u00eda no ser\u00e1 antes del 29 de este mes.<\/p>\n","protected":false},"excerpt":{"rendered":"<p>Alejandro Tapia se refiri\u00f3 a la imposibilidad que tienen los establecimientos municipales y subvencionados de cobrar matr\u00edculas, mensualidades, exigir \u00fatiles de una marca determinada o dejar a los alumnos sin clases por&#8230;<\/p>\n","protected":false},"author":482,"featured_media":66939,"comment_status":"open","ping_status":"open","sticky":false,"template":"","format":"standard","meta":{"advanced_seo_description":"","jetpack_seo_html_title":"","jetpack_seo_noindex":false,"_jetpack_memberships_contains_paid_content":false,"footnotes":""},"categories":[1],"tags":[],"class_list":["post-66938","post","type-post","status-publish","format-standard","has-post-thumbnail","hentry","category-cronica"],"jetpack_featured_media_url":"https:\/\/i0.wp.com\/eltrabajo.cl\/portal\/wp-content\/uploads\/2016\/02\/SEREMI-DE-EDUCACI%C3%93N-ALEJANDRO-TAPIA.jpg?fit=530%2C348&ssl=1","jetpack_sharing_enabled":true,"jetpack_likes_enabled":true,"jetpack-related-posts":[],"_links":{"self":[{"href":"https:\/\/eltrabajo.cl\/portal\/wp-json\/wp\/v2\/posts\/66938","targetHints":{"allow":["GET"]}}],"collection":[{"href":"https:\/\/eltrabajo.cl\/portal\/wp-json\/wp\/v2\/posts"}],"about":[{"href":"https:\/\/eltrabajo.cl\/portal\/wp-json\/wp\/v2\/types\/post"}],"author":[{"embeddable":true,"href":"https:\/\/eltrabajo.cl\/portal\/wp-json\/wp\/v2\/users\/482"}],"replies":[{"embeddable":true,"href":"https:\/\/eltrabajo.cl\/portal\/wp-json\/wp\/v2\/comments?post=66938"}],"version-history":[{"count":0,"href":"https:\/\/eltrabajo.cl\/portal\/wp-json\/wp\/v2\/posts\/66938\/revisions"}],"wp:featuredmedia":[{"embeddable":true,"href":"https:\/\/eltrabajo.cl\/portal\/wp-json\/wp\/v2\/media\/66939"}],"wp:attachment":[{"href":"https:\/\/eltrabajo.cl\/portal\/wp-json\/wp\/v2\/media?parent=66938"}],"wp:term":[{"taxonomy":"category","embeddable":true,"href":"https:\/\/eltrabajo.cl\/portal\/wp-json\/wp\/v2\/categories?post=66938"},{"taxonomy":"post_tag","embeddable":true,"href":"https:\/\/eltrabajo.cl\/portal\/wp-json\/wp\/v2\/tags?post=66938"}],"curies":[{"name":"wp","href":"https:\/\/api.w.org\/{rel}","templated":true}]}}