{"id":66941,"date":"2016-02-18T09:51:43","date_gmt":"2016-02-18T12:51:43","guid":{"rendered":"http:\/\/www.eltrabajo.cl\/portal\/?p=66941"},"modified":"2016-02-18T09:51:43","modified_gmt":"2016-02-18T12:51:43","slug":"campana-del-cuerpo-de-bomberos-solo-ha-llegado-a-un-10-de-la-meta-establecida","status":"publish","type":"post","link":"https:\/\/eltrabajo.cl\/portal\/campana-del-cuerpo-de-bomberos-solo-ha-llegado-a-un-10-de-la-meta-establecida\/","title":{"rendered":"Campa\u00f1a del cuerpo de bomberos s\u00f3lo ha llegado a un 10% de la meta establecida"},"content":{"rendered":"<figure id=\"attachment_66942\" aria-describedby=\"caption-attachment-66942\" style=\"width: 300px\" class=\"wp-caption alignleft\"><img data-recalc-dims=\"1\" loading=\"lazy\" decoding=\"async\" class=\"wp-image-66942 size-medium\" src=\"https:\/\/i0.wp.com\/www.eltrabajo.cl\/portal\/wp-content\/uploads\/2016\/02\/JULIO-HARDOY-SUPERINTENDENTE-DEL-CUERPO-DE-BOMBEROS-DE-SAN-FELIPE-300x197.jpg?resize=300%2C197\" alt=\"Julio Hardoy, Superintendente del Cuerpo de Bomberos de San Felipe.\" width=\"300\" height=\"197\" srcset=\"https:\/\/i0.wp.com\/eltrabajo.cl\/portal\/wp-content\/uploads\/2016\/02\/JULIO-HARDOY-SUPERINTENDENTE-DEL-CUERPO-DE-BOMBEROS-DE-SAN-FELIPE.jpg?resize=300%2C197&amp;ssl=1 300w, https:\/\/i0.wp.com\/eltrabajo.cl\/portal\/wp-content\/uploads\/2016\/02\/JULIO-HARDOY-SUPERINTENDENTE-DEL-CUERPO-DE-BOMBEROS-DE-SAN-FELIPE.jpg?resize=200%2C131&amp;ssl=1 200w, https:\/\/i0.wp.com\/eltrabajo.cl\/portal\/wp-content\/uploads\/2016\/02\/JULIO-HARDOY-SUPERINTENDENTE-DEL-CUERPO-DE-BOMBEROS-DE-SAN-FELIPE.jpg?resize=228%2C150&amp;ssl=1 228w, https:\/\/i0.wp.com\/eltrabajo.cl\/portal\/wp-content\/uploads\/2016\/02\/JULIO-HARDOY-SUPERINTENDENTE-DEL-CUERPO-DE-BOMBEROS-DE-SAN-FELIPE.jpg?resize=400%2C263&amp;ssl=1 400w, https:\/\/i0.wp.com\/eltrabajo.cl\/portal\/wp-content\/uploads\/2016\/02\/JULIO-HARDOY-SUPERINTENDENTE-DEL-CUERPO-DE-BOMBEROS-DE-SAN-FELIPE.jpg?w=530&amp;ssl=1 530w\" sizes=\"auto, (max-width: 300px) 100vw, 300px\" \/><figcaption id=\"caption-attachment-66942\" class=\"wp-caption-text\">Julio Hardoy, Superintendente del Cuerpo de Bomberos de San Felipe.<\/figcaption><\/figure>\n<ul>\n<li><strong>Julio Hardoy, superintendente de la instituci\u00f3n a nivel local, asegur\u00f3 que la gente ha mostrado cierto grado de desconfianza con el sistema de donaci\u00f3n, lo que atenta contra los 3500 nuevos socios que pretende captar.<\/strong><\/li>\n<\/ul>\n<p>Casi un mes y medio ha transcurrido desde que las 5 compa\u00f1\u00edas de Bomberos de San Felipe, m\u00e1s la sexta unidad correspondiente a la comuna de Panquehue, iniciaron la campa\u00f1a No M\u00e1s Tarro, la cual pretende captar 3.500 nuevos socios para la Instituci\u00f3n, quienes a trav\u00e9s de un aporte mensual desde alguna de sus cuentas del sistema bancario o comercial, puedan generar un sustento econ\u00f3mico, y de esta forma terminar con la presencia de voluntarios recaudando recursos en las calles del Valle de Aconcagua.<br \/>\nLa cruzada, que se extender\u00e1 hasta fines de marzo, no ha tenido una buena acogida por parte de la ciudadan\u00eda y a la fecha, s\u00f3lo ha logrado llegar a un 10% de la meta final, es decir, alrededor de 350 nuevos aportes.<br \/>\nAs\u00ed lo inform\u00f3 el Superintendente de Bomberos, Julio Hardoy, quien asegur\u00f3 que uno de los principales focos de conflicto con los que se han encontrado durante este tiempo es la desconfianza que muestra el p\u00fablico al momento de entregar datos personales y mencion\u00f3 que \u201chemos tenido una respuesta bastante lenta de la gente, hay un nivel alto de desconfianza respecto de los antecedentes que se deben entregar\u201d, dijo, agregando que \u201ctambi\u00e9n, debemos decirlo, nos hemos encontrado con una falta de voluntad de parte de nuestras compa\u00f1\u00edas, porque estamos en un per\u00edodo complejo desde el punto de vista del tiempo de los voluntarios\u201d, expres\u00f3.<br \/>\nAl mismo tiempo, Hardoy afirm\u00f3 que, junto con intensificar la salida de voluntarios a la calle durante la segunda quincena de febrero, se est\u00e1n llevando a efecto otro tipo de acciones para lograr aumentar el n\u00famero de personas que quiera colaborar con la instituci\u00f3n.<br \/>\n\u201cEstaremos recibiendo solicitudes en horario de oficina desde las 8.30 de la ma\u00f1ana hasta las 18 horas en nuestra direcci\u00f3n general. Ah\u00ed habr\u00e1 una persona que estar\u00e1 recibiendo precisamente toda la documentaci\u00f3n que se requiere, que en definitiva son los datos de las cuentas en cuesti\u00f3n para la firma de los mandatos correspondientes. Adem\u00e1s, en la tarde-noche se est\u00e1 haciendo lo mismo en la Plaza de Armas con voluntarios y finalmente; los jueves, viernes y s\u00e1bado, en el supermercado Tottus, entre las 10 am y las 7 pm, tambi\u00e9n tenemos a nuestros voluntarios captando nuevos socios\u201d, puntualiz\u00f3.<br \/>\nRespecto a la desconfianza que ha mostrado el p\u00fablico para adherirse a esta campa\u00f1a, el superintendente aconsej\u00f3 a los vecinos y les recomend\u00f3 que \u201chay que tener plena seguridad de que nuestro personal est\u00e1 completamente identificado, estamos con un carro a nuestro lado o afuera de alg\u00fan cuartel de Bomberos, si hay alguien que se pudiera instalar en otro lugar con alguna polera que diga Bomberos, en fin\u2026si el voluntario est\u00e1 con un carro a su lado no debiera caber duda alguna\u201d, sostuvo.<br \/>\nEn relaci\u00f3n con los antecedentes que se solicitan al financiante, estos tienen relaci\u00f3n con el n\u00famero de cuenta y la entidad bancaria a la que pertenece. En algunos casos, como las cuentas RUT o las chequeras electr\u00f3nicas, se necesita una fotocopia de la c\u00e9dula de identidad para enviarla como respaldo al banco y que \u00e9ste pueda verificar la firma de la persona. No as\u00ed cuando se trata de cuenta corriente u otro sistema. Todos estos documentos son propiedad de quien aporta, pero quedan en resguardo del Cuerpo de Bomberos, quien asume la responsabilidad de enviarlos a las respectivas entidades financieras, para que finalmente se haga efectivo el PAC (Pago Autom\u00e1tico de Cuentas).<br \/>\nOtro punto importante a considerar, es que las personas no quedan sujetas a un pago obligatorio del aporte permanentemente, puesto que no funciona como el pago de una cuenta, sino que s\u00f3lo como un donativo. Hardoy, al respecto aclar\u00f3 que \u201csi x persona puso una Cuenta Rut para entregar el aporte m\u00ednimo -que es de 3 mil pesos mensuales- y el d\u00eda que correspond\u00eda hacer el descuento no ten\u00eda fondos en su cuenta, esto no se acumula, es decir, al mes siguiente se le va a cobrar lo correspondiente a ese mes, pero nunca con efecto retroactivo\u201d, apunt\u00f3.<br \/>\nCabe recordar, que los aportes pueden ir desde los 3 mil en adelante y se realizan a trav\u00e9s de Cuenta Rut, Chequera Electr\u00f3nica, Cuenta Corriente o Tarjeta de Cr\u00e9dito de cualquier casa comercial. Para concretar la donaci\u00f3n, se debe llenar un mandato con la firma del suscrito, el cual, se despacha a la entidad bancaria o emisor seleccionado y el proceso demora entre 60 y 90 d\u00edas hasta que se descuenta el primer aporte mensual.<br \/>\nFinalmente Hardoy record\u00f3 que \u201csi una vez hecho el aporte, la persona desiste de \u00e9ste y desea salir del sistema es tan f\u00e1cil como llamar al Cuerpo de Bomberos y nosotros lo sacamos en 12 horas del sistema, de manera que no hay una obligaci\u00f3n permanente de estar aportando\u201d, enfatiz\u00f3.<\/p>\n","protected":false},"excerpt":{"rendered":"<p>Julio Hardoy, superintendente de la instituci\u00f3n a nivel local, asegur\u00f3 que la gente ha mostrado cierto grado de desconfianza con el sistema de donaci\u00f3n, lo que atenta contra los 3500 nuevos socios&#8230;<\/p>\n","protected":false},"author":482,"featured_media":66942,"comment_status":"open","ping_status":"open","sticky":false,"template":"","format":"standard","meta":{"advanced_seo_description":"","jetpack_seo_html_title":"","jetpack_seo_noindex":false,"_jetpack_memberships_contains_paid_content":false,"footnotes":""},"categories":[1],"tags":[],"class_list":["post-66941","post","type-post","status-publish","format-standard","has-post-thumbnail","hentry","category-cronica"],"jetpack_featured_media_url":"https:\/\/i0.wp.com\/eltrabajo.cl\/portal\/wp-content\/uploads\/2016\/02\/JULIO-HARDOY-SUPERINTENDENTE-DEL-CUERPO-DE-BOMBEROS-DE-SAN-FELIPE.jpg?fit=530%2C348&ssl=1","jetpack_sharing_enabled":true,"jetpack_likes_enabled":true,"jetpack-related-posts":[],"_links":{"self":[{"href":"https:\/\/eltrabajo.cl\/portal\/wp-json\/wp\/v2\/posts\/66941","targetHints":{"allow":["GET"]}}],"collection":[{"href":"https:\/\/eltrabajo.cl\/portal\/wp-json\/wp\/v2\/posts"}],"about":[{"href":"https:\/\/eltrabajo.cl\/portal\/wp-json\/wp\/v2\/types\/post"}],"author":[{"embeddable":true,"href":"https:\/\/eltrabajo.cl\/portal\/wp-json\/wp\/v2\/users\/482"}],"replies":[{"embeddable":true,"href":"https:\/\/eltrabajo.cl\/portal\/wp-json\/wp\/v2\/comments?post=66941"}],"version-history":[{"count":0,"href":"https:\/\/eltrabajo.cl\/portal\/wp-json\/wp\/v2\/posts\/66941\/revisions"}],"wp:featuredmedia":[{"embeddable":true,"href":"https:\/\/eltrabajo.cl\/portal\/wp-json\/wp\/v2\/media\/66942"}],"wp:attachment":[{"href":"https:\/\/eltrabajo.cl\/portal\/wp-json\/wp\/v2\/media?parent=66941"}],"wp:term":[{"taxonomy":"category","embeddable":true,"href":"https:\/\/eltrabajo.cl\/portal\/wp-json\/wp\/v2\/categories?post=66941"},{"taxonomy":"post_tag","embeddable":true,"href":"https:\/\/eltrabajo.cl\/portal\/wp-json\/wp\/v2\/tags?post=66941"}],"curies":[{"name":"wp","href":"https:\/\/api.w.org\/{rel}","templated":true}]}}