{"id":66944,"date":"2016-02-18T09:53:16","date_gmt":"2016-02-18T12:53:16","guid":{"rendered":"http:\/\/www.eltrabajo.cl\/portal\/?p=66944"},"modified":"2016-02-18T09:53:16","modified_gmt":"2016-02-18T12:53:16","slug":"astuto-delincuente-fue-sorprendido-en-flagrancia-dentro-de-una-vivienda-sin-moradores","status":"publish","type":"post","link":"https:\/\/eltrabajo.cl\/portal\/astuto-delincuente-fue-sorprendido-en-flagrancia-dentro-de-una-vivienda-sin-moradores\/","title":{"rendered":"Astuto delincuente fue sorprendido en flagrancia dentro de una vivienda sin moradores"},"content":{"rendered":"<figure id=\"attachment_66945\" aria-describedby=\"caption-attachment-66945\" style=\"width: 300px\" class=\"wp-caption alignleft\"><img data-recalc-dims=\"1\" loading=\"lazy\" decoding=\"async\" class=\"wp-image-66945 size-medium\" src=\"https:\/\/i0.wp.com\/www.eltrabajo.cl\/portal\/wp-content\/uploads\/2016\/02\/Detencion-Imputado-300x198.jpg?resize=300%2C198\" alt=\"El imputado fue sometido a control de detenci\u00f3n en el Juzgado de Garant\u00eda quedando a disposici\u00f3n de la Fiscal\u00eda. (Foto Archivo).\" width=\"300\" height=\"198\" srcset=\"https:\/\/i0.wp.com\/eltrabajo.cl\/portal\/wp-content\/uploads\/2016\/02\/Detencion-Imputado.jpg?resize=300%2C198&amp;ssl=1 300w, https:\/\/i0.wp.com\/eltrabajo.cl\/portal\/wp-content\/uploads\/2016\/02\/Detencion-Imputado.jpg?resize=200%2C132&amp;ssl=1 200w, https:\/\/i0.wp.com\/eltrabajo.cl\/portal\/wp-content\/uploads\/2016\/02\/Detencion-Imputado.jpg?resize=228%2C150&amp;ssl=1 228w, https:\/\/i0.wp.com\/eltrabajo.cl\/portal\/wp-content\/uploads\/2016\/02\/Detencion-Imputado.jpg?resize=400%2C263&amp;ssl=1 400w, https:\/\/i0.wp.com\/eltrabajo.cl\/portal\/wp-content\/uploads\/2016\/02\/Detencion-Imputado.jpg?w=530&amp;ssl=1 530w\" sizes=\"auto, (max-width: 300px) 100vw, 300px\" \/><figcaption id=\"caption-attachment-66945\" class=\"wp-caption-text\">El imputado fue sometido a control de detenci\u00f3n en el Juzgado de Garant\u00eda quedando a disposici\u00f3n de la Fiscal\u00eda. (Foto Archivo).<\/figcaption><\/figure>\n<ul>\n<li><strong>Carabineros de la comuna de Llay Llay captur\u00f3 al sujeto quien se encontrar\u00eda desmontando una ventana con la descarada excusa de querer ingresar \u2018al ba\u00f1o\u2019.<\/strong><\/li>\n<\/ul>\n<p>Gracias al importante llamado que efectu\u00f3 un vecino a Carabineros, se logr\u00f3 la detenci\u00f3n de un sujeto que se encontraba al interior de una vivienda en la comuna de Llay Llay, con el prop\u00f3sito de robar especies. Al ser capturado, el delincuente se\u00f1al\u00f3 a los efectivos policiales haber ingresado a la propiedad para \u2018ir al ba\u00f1o\u2019.<br \/>\nEl delito se cometi\u00f3 a eso de las 11:15 horas de la ma\u00f1ana del martes en circunstancias que un testigo oy\u00f3 ruidos desde la vivienda que colinda con su propiedad en la calle Blanca Manterola de Llay Llay, hecho que llam\u00f3 su atenci\u00f3n debido a que sus vecinos hab\u00edan salido de vacaciones. Posteriormente observ\u00f3 a un sujeto desconocido dentro del inmueble que habr\u00eda escalado el cierre perimetral.<br \/>\nInmediatamente el vecino se contact\u00f3 con personal de Carabineros de la Subcomisar\u00eda de Llay Llay, denunciando la presencia de este sujeto en dicha propiedad. Minutos m\u00e1s tarde la polic\u00eda lleg\u00f3 hasta el lugar de los hechos y observ\u00f3 a un individuo al interior de la vivienda, quien se habr\u00eda encontrado extrayendo un ventanal de aluminio. Sin embargo, al advertir la presencia policial, \u00e9ste habr\u00eda se\u00f1alado descaradamente que hab\u00eda ingresado la vivienda para pasar al ba\u00f1o.<br \/>\nNo obstante, los efectivos procedieron a la detenci\u00f3n de este sujeto por el delito de robo en lugar habitado en grado de frustrado, luego que Carabineros desestimara la sustracci\u00f3n de especies en el lugar tras la oportuna llegada.<br \/>\nAl mismo tiempo la polic\u00eda tom\u00f3 contacto con los propietarios de la vivienda afectada quienes se encontraban de vacaciones la ciudad de La Serena, dando cuenta de lo sucedido. Desde la instituci\u00f3n se destac\u00f3 el oportuno llamado de este vecino que logr\u00f3 frustrar la ocurrencia de un robo, especialmente en el per\u00edodo estival cuando muchas viviendas quedan abandonadas por sus residentes que son aprovechadas por los delincuentes para perpetrar il\u00edcitos.<br \/>\nEn tanto el imputado por este hecho fue individualizado por Carabineros como Eduardo Andr\u00e9s A.S. de 27 a\u00f1os de edad, quien no pose\u00eda antecedentes policiales, quedando a disposici\u00f3n de la Fiscal\u00eda que lo requiri\u00f3 por este delito en una pr\u00f3xima fecha de audiencia de juicio en el Juzgado de Garant\u00eda de San Felipe.<br \/>\n<strong>Pablo Salinas Sald\u00edas<\/strong><\/p>\n","protected":false},"excerpt":{"rendered":"<p>Carabineros de la comuna de Llay Llay captur\u00f3 al sujeto quien se encontrar\u00eda desmontando una ventana con la descarada excusa de querer ingresar \u2018al ba\u00f1o\u2019. Gracias al importante llamado que efectu\u00f3 un&#8230;<\/p>\n","protected":false},"author":482,"featured_media":66945,"comment_status":"open","ping_status":"open","sticky":false,"template":"","format":"standard","meta":{"advanced_seo_description":"","jetpack_seo_html_title":"","jetpack_seo_noindex":false,"_jetpack_memberships_contains_paid_content":false,"footnotes":""},"categories":[21],"tags":[],"class_list":["post-66944","post","type-post","status-publish","format-standard","has-post-thumbnail","hentry","category-policial"],"jetpack_featured_media_url":"https:\/\/i0.wp.com\/eltrabajo.cl\/portal\/wp-content\/uploads\/2016\/02\/Detencion-Imputado.jpg?fit=530%2C349&ssl=1","jetpack_sharing_enabled":true,"jetpack_likes_enabled":true,"jetpack-related-posts":[],"_links":{"self":[{"href":"https:\/\/eltrabajo.cl\/portal\/wp-json\/wp\/v2\/posts\/66944","targetHints":{"allow":["GET"]}}],"collection":[{"href":"https:\/\/eltrabajo.cl\/portal\/wp-json\/wp\/v2\/posts"}],"about":[{"href":"https:\/\/eltrabajo.cl\/portal\/wp-json\/wp\/v2\/types\/post"}],"author":[{"embeddable":true,"href":"https:\/\/eltrabajo.cl\/portal\/wp-json\/wp\/v2\/users\/482"}],"replies":[{"embeddable":true,"href":"https:\/\/eltrabajo.cl\/portal\/wp-json\/wp\/v2\/comments?post=66944"}],"version-history":[{"count":0,"href":"https:\/\/eltrabajo.cl\/portal\/wp-json\/wp\/v2\/posts\/66944\/revisions"}],"wp:featuredmedia":[{"embeddable":true,"href":"https:\/\/eltrabajo.cl\/portal\/wp-json\/wp\/v2\/media\/66945"}],"wp:attachment":[{"href":"https:\/\/eltrabajo.cl\/portal\/wp-json\/wp\/v2\/media?parent=66944"}],"wp:term":[{"taxonomy":"category","embeddable":true,"href":"https:\/\/eltrabajo.cl\/portal\/wp-json\/wp\/v2\/categories?post=66944"},{"taxonomy":"post_tag","embeddable":true,"href":"https:\/\/eltrabajo.cl\/portal\/wp-json\/wp\/v2\/tags?post=66944"}],"curies":[{"name":"wp","href":"https:\/\/api.w.org\/{rel}","templated":true}]}}