{"id":66947,"date":"2016-02-18T09:54:57","date_gmt":"2016-02-18T12:54:57","guid":{"rendered":"http:\/\/www.eltrabajo.cl\/portal\/?p=66947"},"modified":"2016-02-18T09:54:57","modified_gmt":"2016-02-18T12:54:57","slug":"a-quemarropa-balean-a-joven-pareja-en-presumible-ajuste-de-cuentas","status":"publish","type":"post","link":"https:\/\/eltrabajo.cl\/portal\/a-quemarropa-balean-a-joven-pareja-en-presumible-ajuste-de-cuentas\/","title":{"rendered":"A quemarropa balean a joven pareja en presumible ajuste de cuentas"},"content":{"rendered":"<figure id=\"attachment_66948\" aria-describedby=\"caption-attachment-66948\" style=\"width: 300px\" class=\"wp-caption alignleft\"><img data-recalc-dims=\"1\" loading=\"lazy\" decoding=\"async\" class=\"wp-image-66948 size-medium\" src=\"https:\/\/i0.wp.com\/www.eltrabajo.cl\/portal\/wp-content\/uploads\/2016\/02\/SITIO-DEL-SUCESO-300x197.jpg?resize=300%2C197\" alt=\"Durante la tarde de ayer personal de Carabineros inici\u00f3 las diligencias tras el brutal ataque a esta joven pareja que result\u00f3 herida a bala en un departamento de la villa El Totoral de San Felipe. \" width=\"300\" height=\"197\" srcset=\"https:\/\/i0.wp.com\/eltrabajo.cl\/portal\/wp-content\/uploads\/2016\/02\/SITIO-DEL-SUCESO.jpg?resize=300%2C197&amp;ssl=1 300w, https:\/\/i0.wp.com\/eltrabajo.cl\/portal\/wp-content\/uploads\/2016\/02\/SITIO-DEL-SUCESO.jpg?resize=200%2C131&amp;ssl=1 200w, https:\/\/i0.wp.com\/eltrabajo.cl\/portal\/wp-content\/uploads\/2016\/02\/SITIO-DEL-SUCESO.jpg?resize=228%2C150&amp;ssl=1 228w, https:\/\/i0.wp.com\/eltrabajo.cl\/portal\/wp-content\/uploads\/2016\/02\/SITIO-DEL-SUCESO.jpg?resize=400%2C263&amp;ssl=1 400w, https:\/\/i0.wp.com\/eltrabajo.cl\/portal\/wp-content\/uploads\/2016\/02\/SITIO-DEL-SUCESO.jpg?w=530&amp;ssl=1 530w\" sizes=\"auto, (max-width: 300px) 100vw, 300px\" \/><figcaption id=\"caption-attachment-66948\" class=\"wp-caption-text\">Durante la tarde de ayer personal de Carabineros inici\u00f3 las diligencias tras el brutal ataque a esta joven pareja que result\u00f3 herida a bala en un departamento de la villa El Totoral de San Felipe.<\/figcaption><\/figure>\n<ul>\n<li><strong>Los hechos que ocurrieron al interior de un departamento de la villa El Totoral de San Felipe la tarde de ayer mi\u00e9rcoles, fueron perpetrados por desconocidos que dispararon contra el matrimonio. La PDI a\u00fan se encuentra en b\u00fasqueda de estos delincuentes que no han logrado ser individualizados.<\/strong><\/li>\n<\/ul>\n<p>En un verdadero enigma policial se transform\u00f3 el caso de un matrimonio que fue herido a bala a quemarropa al interior de un departamento en la villa El Totoral de San Felipe, tras un aparente ajuste de cuentas. Desconocidos percutaron armas de fuego directo al cuerpo de las v\u00edctimas, lo que los mantiene con riesgo vital.<br \/>\nEl brutal hecho se habr\u00eda producido cerca de las 14:00 horas de ayer mi\u00e9rcoles, cuando al interior de la vivienda irrumpieron en forma abrupta al menos dos sujetos hasta ahora desconocidos, quienes a mano armada dispararon en contra del joven matrimonio a la altura del t\u00f3rax, aparentemente por un ajuste de cuentas.<br \/>\nLuego de estos hechos, la pareja qued\u00f3 tendida y cubierta de sangre hasta que los delincuentes desaparecieron sin dejar rastros. Este violento hecho conmocion\u00f3 a los vecinos que se percataron de lo sucedido, quienes realizaron primeros auxilios a las v\u00edctimas, requiriendo adem\u00e1s la presencia del Samu que los traslad\u00f3 hasta el servicio de urgencias del Hospital San Camilo de San Felipe.<br \/>\nSin embargo hasta el cierre de esta edici\u00f3n no exist\u00edan testigos que lograran individualizar a los autores de este hecho, aparentemente por miedo a represalias, hechos que mantiene a ambas polic\u00edas en b\u00fasqueda de estos antisociales.<br \/>\nLas primeras diligencias del caso fueron ejecutadas por Carabineros, quienes comenzaron las investigaciones preliminares del caso para dar cuenta al Fiscal de Turno sobre la ocurrencia de este hecho de sangre, ante lo cual la fiscal\u00eda instruy\u00f3 a la Brigada de Homicidios de la Polic\u00eda de Investigaciones de Los Andes.<br \/>\nTras el misterioso caso, se constituy\u00f3 al sitio del suceso el Fiscal (S) Ignacio Rivera Aguirre para recoger in situ los antecedentes del crimen que mantiene a la v\u00edctima de sexo masculino con riesgo vital, luego que el proyectil percutado perfor\u00f3 uno de sus pulmones; mientras que la mujer afectada estaba siendo intervenida quir\u00fargicamente para extraer una bala alojada en su cuerpo.<br \/>\n\u201cEn estos momentos hay dos personas heridas, una con riesgo vital y la otra la estaban operando. Personal de la Brigada de Homicidios de Los Andes est\u00e1n realizando las diligencias. Las v\u00edctimas al parecer son un matrimonio, ambos de alrededor de 35 a\u00f1os de edad, quienes fueron heridos dentro de su departamento alrededor de las 13:00 a 14:00 horas en la villa El Totoral de San Felipe\u201d, afirm\u00f3 el representante del Ministerio P\u00fablico de esta ciudad.<br \/>\n<strong>&#8211; \u00bfSe podr\u00eda presumir que se tratar\u00eda de un ajuste de cuentas?<\/strong><br \/>\n<strong>&#8211;<\/strong> Eventualmente lo que me se\u00f1ala Carabineros es que se podr\u00eda tratar de un ajuste de cuentas. Las v\u00edctimas recibieron una bala cada uno en su cuerpo.<br \/>\n<strong>&#8211; \u00bfCu\u00e1l es el diagn\u00f3stico m\u00e9dico hasta el momento?<\/strong><br \/>\n<strong>&#8211;<\/strong> El hombre se encuentra en riesgo vital debido a que el proyectil habr\u00eda perforado el pulm\u00f3n; en tanto la mujer se encontraba en pabell\u00f3n para ser intervenida quir\u00fargicamente. Las pericias se encuentran a cargo de la Brigada de Homicidios de la Polic\u00eda de Investigaciones de Los Andes.<br \/>\n<strong>&#8211; \u00bfCu\u00e1les son los antecedentes generales que se manejan al respecto?<\/strong><br \/>\n<strong>&#8211;<\/strong> A\u00fan no tenemos certeza de los autores del hecho, pero al parecer ser\u00eda m\u00e1s de un sujeto los que habr\u00edan irrumpido en el departamento. Hasta el momento se est\u00e1n recabando m\u00e1s antecedentes en el sitio del suceso para la captura de los imputados.<br \/>\nConsultado respecto al m\u00f3vil, el Fiscal concluy\u00f3 por el momento que a\u00fan no se ha logrado establecer la mec\u00e1nica de los hechos debido al estado grave en que se encuentran las v\u00edctimas y hasta el cierre de esta nota, no exist\u00edan testimonios claves que proporcionen pistas de los autores de este bestial hecho.<br \/>\n<strong>Pablo Salinas Sald\u00edas<\/strong><\/p>\n","protected":false},"excerpt":{"rendered":"<p>Los hechos que ocurrieron al interior de un departamento de la villa El Totoral de San Felipe la tarde de ayer mi\u00e9rcoles, fueron perpetrados por desconocidos que dispararon contra el matrimonio. La&#8230;<\/p>\n","protected":false},"author":482,"featured_media":66948,"comment_status":"open","ping_status":"open","sticky":false,"template":"","format":"standard","meta":{"advanced_seo_description":"","jetpack_seo_html_title":"","jetpack_seo_noindex":false,"_jetpack_memberships_contains_paid_content":false,"footnotes":""},"categories":[21],"tags":[],"class_list":["post-66947","post","type-post","status-publish","format-standard","has-post-thumbnail","hentry","category-policial"],"jetpack_featured_media_url":"https:\/\/i0.wp.com\/eltrabajo.cl\/portal\/wp-content\/uploads\/2016\/02\/SITIO-DEL-SUCESO.jpg?fit=530%2C348&ssl=1","jetpack_sharing_enabled":true,"jetpack_likes_enabled":true,"jetpack-related-posts":[],"_links":{"self":[{"href":"https:\/\/eltrabajo.cl\/portal\/wp-json\/wp\/v2\/posts\/66947","targetHints":{"allow":["GET"]}}],"collection":[{"href":"https:\/\/eltrabajo.cl\/portal\/wp-json\/wp\/v2\/posts"}],"about":[{"href":"https:\/\/eltrabajo.cl\/portal\/wp-json\/wp\/v2\/types\/post"}],"author":[{"embeddable":true,"href":"https:\/\/eltrabajo.cl\/portal\/wp-json\/wp\/v2\/users\/482"}],"replies":[{"embeddable":true,"href":"https:\/\/eltrabajo.cl\/portal\/wp-json\/wp\/v2\/comments?post=66947"}],"version-history":[{"count":0,"href":"https:\/\/eltrabajo.cl\/portal\/wp-json\/wp\/v2\/posts\/66947\/revisions"}],"wp:featuredmedia":[{"embeddable":true,"href":"https:\/\/eltrabajo.cl\/portal\/wp-json\/wp\/v2\/media\/66948"}],"wp:attachment":[{"href":"https:\/\/eltrabajo.cl\/portal\/wp-json\/wp\/v2\/media?parent=66947"}],"wp:term":[{"taxonomy":"category","embeddable":true,"href":"https:\/\/eltrabajo.cl\/portal\/wp-json\/wp\/v2\/categories?post=66947"},{"taxonomy":"post_tag","embeddable":true,"href":"https:\/\/eltrabajo.cl\/portal\/wp-json\/wp\/v2\/tags?post=66947"}],"curies":[{"name":"wp","href":"https:\/\/api.w.org\/{rel}","templated":true}]}}