{"id":66953,"date":"2016-02-19T09:36:18","date_gmt":"2016-02-19T12:36:18","guid":{"rendered":"http:\/\/www.eltrabajo.cl\/portal\/?p=66953"},"modified":"2016-02-19T09:36:18","modified_gmt":"2016-02-19T12:36:18","slug":"ninos-participan-en-jornada-de-limpieza-en-parque-ambrosio-ohiggins","status":"publish","type":"post","link":"https:\/\/eltrabajo.cl\/portal\/ninos-participan-en-jornada-de-limpieza-en-parque-ambrosio-ohiggins\/","title":{"rendered":"Ni\u00f1os participan en jornada de limpieza en Parque Ambrosio O\u2019Higgins"},"content":{"rendered":"<figure id=\"attachment_66954\" aria-describedby=\"caption-attachment-66954\" style=\"width: 300px\" class=\"wp-caption alignleft\"><img data-recalc-dims=\"1\" loading=\"lazy\" decoding=\"async\" class=\"wp-image-66954 size-medium\" src=\"https:\/\/i0.wp.com\/www.eltrabajo.cl\/portal\/wp-content\/uploads\/2016\/02\/Limpieza-parque-300x197.jpg?resize=300%2C197\" alt=\"Creando conciencia, ni\u00f1os de entre 7 y 15 a\u00f1os realizaron una limpieza general en el Parque Ambrosio O\u2019Higgins de Los Andes.\" width=\"300\" height=\"197\" srcset=\"https:\/\/i0.wp.com\/eltrabajo.cl\/portal\/wp-content\/uploads\/2016\/02\/Limpieza-parque.jpg?resize=300%2C197&amp;ssl=1 300w, https:\/\/i0.wp.com\/eltrabajo.cl\/portal\/wp-content\/uploads\/2016\/02\/Limpieza-parque.jpg?resize=200%2C131&amp;ssl=1 200w, https:\/\/i0.wp.com\/eltrabajo.cl\/portal\/wp-content\/uploads\/2016\/02\/Limpieza-parque.jpg?resize=228%2C150&amp;ssl=1 228w, https:\/\/i0.wp.com\/eltrabajo.cl\/portal\/wp-content\/uploads\/2016\/02\/Limpieza-parque.jpg?resize=400%2C263&amp;ssl=1 400w, https:\/\/i0.wp.com\/eltrabajo.cl\/portal\/wp-content\/uploads\/2016\/02\/Limpieza-parque.jpg?w=530&amp;ssl=1 530w\" sizes=\"auto, (max-width: 300px) 100vw, 300px\" \/><figcaption id=\"caption-attachment-66954\" class=\"wp-caption-text\">Creando conciencia, ni\u00f1os de entre 7 y 15 a\u00f1os realizaron una limpieza general en el Parque Ambrosio O\u2019Higgins de Los Andes.<\/figcaption><\/figure>\n<ul>\n<li><strong>Papeles, hojas secas y otros residuos fueron los que retiraron en bolsas de basura<\/strong><\/li>\n<\/ul>\n<p><strong>LOS ANDES<\/strong>.- Conscientes de que mejorar el entorno en que vivimos es tarea de todos, un grupo de ni\u00f1os y adolescentes se desplazaron a las dependencias del Parque Ambrosio O\u2019Higgins, con escobas, palas y bolsas para realizar una completa limpieza del lugar.<br \/>\nPapeles, hojas secas y otros residuos fueron los que retiraron en bolsas de basura, dejando pastos y senderos despejados para recibir a los transe\u00fantes que a diario visitan el principal paseo peatonal de la comuna de Los Andes.<br \/>\nEntusiasmados, ni\u00f1os entre 7 y 15 a\u00f1os aprendieron del cuidado del entorno y del medio ambiente, con peque\u00f1as acciones como recoger escombros y dejarlos en basureros, o guardar papeles y envoltorios hasta encontrar un lugar apropiado para los desperdicios. \u00abQuiero venir a limpiar el parque todos los d\u00edas\u00bb, dijo Yochuar, el m\u00e1s peque\u00f1o de los asistentes a esta actividad recreativa donde adem\u00e1s convivieron luego de disfrutar una tarde en la piscina del Liceo Am\u00e9rica.<br \/>\nLos asistentes a esta jornada de limpieza en el Parque Urbano invitaron a otros ni\u00f1os a imitar este tipo de acciones en las veredas y pasajes cercanos a sus casas, con el objetivo de ser un peque\u00f1o granito de arena en el cuidado del ambiente inmediato que nos rodea.<\/p>\n","protected":false},"excerpt":{"rendered":"<p>Papeles, hojas secas y otros residuos fueron los que retiraron en bolsas de basura LOS ANDES.- Conscientes de que mejorar el entorno en que vivimos es tarea de todos, un grupo de&#8230;<\/p>\n","protected":false},"author":482,"featured_media":66954,"comment_status":"open","ping_status":"open","sticky":false,"template":"","format":"standard","meta":{"advanced_seo_description":"","jetpack_seo_html_title":"","jetpack_seo_noindex":false,"_jetpack_memberships_contains_paid_content":false,"footnotes":""},"categories":[15],"tags":[],"class_list":["post-66953","post","type-post","status-publish","format-standard","has-post-thumbnail","hentry","category-comunidad"],"jetpack_featured_media_url":"https:\/\/i0.wp.com\/eltrabajo.cl\/portal\/wp-content\/uploads\/2016\/02\/Limpieza-parque.jpg?fit=530%2C348&ssl=1","jetpack_sharing_enabled":true,"jetpack_likes_enabled":true,"jetpack-related-posts":[],"_links":{"self":[{"href":"https:\/\/eltrabajo.cl\/portal\/wp-json\/wp\/v2\/posts\/66953","targetHints":{"allow":["GET"]}}],"collection":[{"href":"https:\/\/eltrabajo.cl\/portal\/wp-json\/wp\/v2\/posts"}],"about":[{"href":"https:\/\/eltrabajo.cl\/portal\/wp-json\/wp\/v2\/types\/post"}],"author":[{"embeddable":true,"href":"https:\/\/eltrabajo.cl\/portal\/wp-json\/wp\/v2\/users\/482"}],"replies":[{"embeddable":true,"href":"https:\/\/eltrabajo.cl\/portal\/wp-json\/wp\/v2\/comments?post=66953"}],"version-history":[{"count":0,"href":"https:\/\/eltrabajo.cl\/portal\/wp-json\/wp\/v2\/posts\/66953\/revisions"}],"wp:featuredmedia":[{"embeddable":true,"href":"https:\/\/eltrabajo.cl\/portal\/wp-json\/wp\/v2\/media\/66954"}],"wp:attachment":[{"href":"https:\/\/eltrabajo.cl\/portal\/wp-json\/wp\/v2\/media?parent=66953"}],"wp:term":[{"taxonomy":"category","embeddable":true,"href":"https:\/\/eltrabajo.cl\/portal\/wp-json\/wp\/v2\/categories?post=66953"},{"taxonomy":"post_tag","embeddable":true,"href":"https:\/\/eltrabajo.cl\/portal\/wp-json\/wp\/v2\/tags?post=66953"}],"curies":[{"name":"wp","href":"https:\/\/api.w.org\/{rel}","templated":true}]}}