{"id":66956,"date":"2016-02-19T09:38:37","date_gmt":"2016-02-19T12:38:37","guid":{"rendered":"http:\/\/www.eltrabajo.cl\/portal\/?p=66956"},"modified":"2016-02-19T09:38:37","modified_gmt":"2016-02-19T12:38:37","slug":"vecinos-contentos-con-la-nueva-techumbre-de-su-sede-vecinal","status":"publish","type":"post","link":"https:\/\/eltrabajo.cl\/portal\/vecinos-contentos-con-la-nueva-techumbre-de-su-sede-vecinal\/","title":{"rendered":"Vecinos contentos con la nueva techumbre de su sede vecinal"},"content":{"rendered":"<figure id=\"attachment_66957\" aria-describedby=\"caption-attachment-66957\" style=\"width: 300px\" class=\"wp-caption alignleft\"><img data-recalc-dims=\"1\" loading=\"lazy\" decoding=\"async\" class=\"wp-image-66957 size-medium\" src=\"https:\/\/i0.wp.com\/www.eltrabajo.cl\/portal\/wp-content\/uploads\/2016\/02\/Techo33-300x197.jpg?resize=300%2C197\" alt=\"TECHUMBRE NUEVA.- Ponce muestra a Diario El Trabajo el techo nuevo ya instalado, ahora las cosas van mejor, asegura.\" width=\"300\" height=\"197\" srcset=\"https:\/\/i0.wp.com\/eltrabajo.cl\/portal\/wp-content\/uploads\/2016\/02\/Techo33.jpg?resize=300%2C197&amp;ssl=1 300w, https:\/\/i0.wp.com\/eltrabajo.cl\/portal\/wp-content\/uploads\/2016\/02\/Techo33.jpg?resize=200%2C131&amp;ssl=1 200w, https:\/\/i0.wp.com\/eltrabajo.cl\/portal\/wp-content\/uploads\/2016\/02\/Techo33.jpg?resize=228%2C150&amp;ssl=1 228w, https:\/\/i0.wp.com\/eltrabajo.cl\/portal\/wp-content\/uploads\/2016\/02\/Techo33.jpg?resize=400%2C263&amp;ssl=1 400w, https:\/\/i0.wp.com\/eltrabajo.cl\/portal\/wp-content\/uploads\/2016\/02\/Techo33.jpg?w=530&amp;ssl=1 530w\" sizes=\"auto, (max-width: 300px) 100vw, 300px\" \/><figcaption id=\"caption-attachment-66957\" class=\"wp-caption-text\">TECHUMBRE NUEVA.- Ponce muestra a Diario El Trabajo el techo nuevo ya instalado, ahora las cosas van mejor, asegura.<\/figcaption><\/figure>\n<p>Muy agradecidos est\u00e1n los vecinos de poblaci\u00f3n Almendral Bajo, luego que recibieran para instalar en su sede vecinal 54 planchas de zinc y 300 pernos, a fin de techar una parte importante del recinto comunitario.<br \/>\n\u00abEra una parte de la sede que no pod\u00edamos usar en invierno, o cuando llov\u00eda, hicimos una carta y el Municipio nos respondi\u00f3 con este valioso donativo, ahora contamos con m\u00e1s seguridad y espacio para nuestras reuniones o actividades\u00bb, dijo a Diario El Trabajo el presidente de la junta vecinal N\u00ba 29 de Almendral Bajo, don Manuel Ponce Fern\u00e1ndez.<\/p>\n<figure id=\"attachment_66958\" aria-describedby=\"caption-attachment-66958\" style=\"width: 300px\" class=\"wp-caption alignright\"><img data-recalc-dims=\"1\" loading=\"lazy\" decoding=\"async\" class=\"wp-image-66958 size-medium\" src=\"https:\/\/i0.wp.com\/www.eltrabajo.cl\/portal\/wp-content\/uploads\/2016\/02\/Manuel-Ponce-300x198.jpg?resize=300%2C198\" alt=\"DIRIGENTE SATISFECHO.- Manuel Ponce, dirigente vecinal, muestra feliz la factura del zinc que el Municipio don\u00f3 para su sede.\" width=\"300\" height=\"198\" srcset=\"https:\/\/i0.wp.com\/eltrabajo.cl\/portal\/wp-content\/uploads\/2016\/02\/Manuel-Ponce.jpg?resize=300%2C198&amp;ssl=1 300w, https:\/\/i0.wp.com\/eltrabajo.cl\/portal\/wp-content\/uploads\/2016\/02\/Manuel-Ponce.jpg?resize=200%2C132&amp;ssl=1 200w, https:\/\/i0.wp.com\/eltrabajo.cl\/portal\/wp-content\/uploads\/2016\/02\/Manuel-Ponce.jpg?resize=227%2C150&amp;ssl=1 227w, https:\/\/i0.wp.com\/eltrabajo.cl\/portal\/wp-content\/uploads\/2016\/02\/Manuel-Ponce.jpg?resize=400%2C264&amp;ssl=1 400w, https:\/\/i0.wp.com\/eltrabajo.cl\/portal\/wp-content\/uploads\/2016\/02\/Manuel-Ponce.jpg?w=530&amp;ssl=1 530w\" sizes=\"auto, (max-width: 300px) 100vw, 300px\" \/><figcaption id=\"caption-attachment-66958\" class=\"wp-caption-text\">DIRIGENTE SATISFECHO.- Manuel Ponce, dirigente vecinal, muestra feliz la factura del zinc que el Municipio don\u00f3 para su sede.<\/figcaption><\/figure>\n<p><strong>CALLE EL CONVENTO<\/strong><br \/>\nSeg\u00fan dijo don Manuel, ellos tambi\u00e9n est\u00e1n esperando a que las autoridades den respuesta a una solicitud hecha por ellos, en el sentido de que se repare calle El Convento, entre el sector de la iglesia de El Almendral y el cementerio.<br \/>\n\u00abQueremos pedirle al Concejo, que por favor nos echen una mano con esta calle, pues cuando crearon la poblaci\u00f3n Inca, cerraron el paso, y ahora son much\u00edsimos los autos que circulan por ese sector, la calle est\u00e1 muy mal, aunque recientemente la Municipalidad hizo un carpeteo, a\u00fan as\u00ed dura poco\u00bb, agreg\u00f3 el dirigente.<\/p>\n","protected":false},"excerpt":{"rendered":"<p>Muy agradecidos est\u00e1n los vecinos de poblaci\u00f3n Almendral Bajo, luego que recibieran para instalar en su sede vecinal 54 planchas de zinc y 300 pernos, a fin de techar una parte importante&#8230;<\/p>\n","protected":false},"author":482,"featured_media":66957,"comment_status":"open","ping_status":"open","sticky":false,"template":"","format":"standard","meta":{"advanced_seo_description":"","jetpack_seo_html_title":"","jetpack_seo_noindex":false,"_jetpack_memberships_contains_paid_content":false,"footnotes":""},"categories":[15],"tags":[],"class_list":["post-66956","post","type-post","status-publish","format-standard","has-post-thumbnail","hentry","category-comunidad"],"jetpack_featured_media_url":"https:\/\/i0.wp.com\/eltrabajo.cl\/portal\/wp-content\/uploads\/2016\/02\/Techo33.jpg?fit=530%2C348&ssl=1","jetpack_sharing_enabled":true,"jetpack_likes_enabled":true,"jetpack-related-posts":[],"_links":{"self":[{"href":"https:\/\/eltrabajo.cl\/portal\/wp-json\/wp\/v2\/posts\/66956","targetHints":{"allow":["GET"]}}],"collection":[{"href":"https:\/\/eltrabajo.cl\/portal\/wp-json\/wp\/v2\/posts"}],"about":[{"href":"https:\/\/eltrabajo.cl\/portal\/wp-json\/wp\/v2\/types\/post"}],"author":[{"embeddable":true,"href":"https:\/\/eltrabajo.cl\/portal\/wp-json\/wp\/v2\/users\/482"}],"replies":[{"embeddable":true,"href":"https:\/\/eltrabajo.cl\/portal\/wp-json\/wp\/v2\/comments?post=66956"}],"version-history":[{"count":0,"href":"https:\/\/eltrabajo.cl\/portal\/wp-json\/wp\/v2\/posts\/66956\/revisions"}],"wp:featuredmedia":[{"embeddable":true,"href":"https:\/\/eltrabajo.cl\/portal\/wp-json\/wp\/v2\/media\/66957"}],"wp:attachment":[{"href":"https:\/\/eltrabajo.cl\/portal\/wp-json\/wp\/v2\/media?parent=66956"}],"wp:term":[{"taxonomy":"category","embeddable":true,"href":"https:\/\/eltrabajo.cl\/portal\/wp-json\/wp\/v2\/categories?post=66956"},{"taxonomy":"post_tag","embeddable":true,"href":"https:\/\/eltrabajo.cl\/portal\/wp-json\/wp\/v2\/tags?post=66956"}],"curies":[{"name":"wp","href":"https:\/\/api.w.org\/{rel}","templated":true}]}}