{"id":66961,"date":"2016-02-19T09:41:30","date_gmt":"2016-02-19T12:41:30","guid":{"rendered":"http:\/\/www.eltrabajo.cl\/portal\/?p=66961"},"modified":"2016-02-19T09:41:30","modified_gmt":"2016-02-19T12:41:30","slug":"prefecto-s-comandante-marcelo-arancibia-confirma-renuncia-de-comisario-de-san-felipe-que-habia-asumido-en-primeros-dias-de-enero","status":"publish","type":"post","link":"https:\/\/eltrabajo.cl\/portal\/prefecto-s-comandante-marcelo-arancibia-confirma-renuncia-de-comisario-de-san-felipe-que-habia-asumido-en-primeros-dias-de-enero\/","title":{"rendered":"Prefecto (S) Comandante Marcelo Arancibia confirma renuncia de Comisario de San Felipe que hab\u00eda asumido en primeros d\u00edas de enero"},"content":{"rendered":"<figure id=\"attachment_66962\" aria-describedby=\"caption-attachment-66962\" style=\"width: 300px\" class=\"wp-caption alignleft\"><img data-recalc-dims=\"1\" loading=\"lazy\" decoding=\"async\" class=\"wp-image-66962 size-medium\" src=\"https:\/\/i0.wp.com\/www.eltrabajo.cl\/portal\/wp-content\/uploads\/2016\/02\/FOTO-4-COMANDANTE-MARCELO-ARANCIBIA-PREFECTO-S-DE-LA-PREFECTURA-ACONCAGUA-300x197.jpg?resize=300%2C197\" alt=\"Comandante de la Prefectura de Aconcagua, Prefecto (s) Marcelo Arancibia.\" width=\"300\" height=\"197\" srcset=\"https:\/\/i0.wp.com\/eltrabajo.cl\/portal\/wp-content\/uploads\/2016\/02\/FOTO-4-COMANDANTE-MARCELO-ARANCIBIA-PREFECTO-S-DE-LA-PREFECTURA-ACONCAGUA.jpg?resize=300%2C197&amp;ssl=1 300w, https:\/\/i0.wp.com\/eltrabajo.cl\/portal\/wp-content\/uploads\/2016\/02\/FOTO-4-COMANDANTE-MARCELO-ARANCIBIA-PREFECTO-S-DE-LA-PREFECTURA-ACONCAGUA.jpg?resize=200%2C131&amp;ssl=1 200w, https:\/\/i0.wp.com\/eltrabajo.cl\/portal\/wp-content\/uploads\/2016\/02\/FOTO-4-COMANDANTE-MARCELO-ARANCIBIA-PREFECTO-S-DE-LA-PREFECTURA-ACONCAGUA.jpg?resize=228%2C150&amp;ssl=1 228w, https:\/\/i0.wp.com\/eltrabajo.cl\/portal\/wp-content\/uploads\/2016\/02\/FOTO-4-COMANDANTE-MARCELO-ARANCIBIA-PREFECTO-S-DE-LA-PREFECTURA-ACONCAGUA.jpg?resize=400%2C263&amp;ssl=1 400w, https:\/\/i0.wp.com\/eltrabajo.cl\/portal\/wp-content\/uploads\/2016\/02\/FOTO-4-COMANDANTE-MARCELO-ARANCIBIA-PREFECTO-S-DE-LA-PREFECTURA-ACONCAGUA.jpg?w=530&amp;ssl=1 530w\" sizes=\"auto, (max-width: 300px) 100vw, 300px\" \/><figcaption id=\"caption-attachment-66962\" class=\"wp-caption-text\">Comandante de la Prefectura de Aconcagua, Prefecto (s) Marcelo Arancibia.<\/figcaption><\/figure>\n<p>Tal como lo anticipara Diario El Trabajo, de forma exclusiva en la edici\u00f3n del d\u00eda lunes, ayer se ratific\u00f3 que el Mayor \u00c1lvaro Rodr\u00edguez -quien asumiera como Comisario de la Segunda Comisar\u00eda de Carabineros de San Felipe hace poco m\u00e1s de un mes- se ha acogido a su solicitud de retiro y \u00e9sta se debiera hacer efectiva una vez que termine su per\u00edodo de feriado legal.<br \/>\nAs\u00ed lo inform\u00f3 el Prefecto (s) de la Prefectura Aconcagua, Comandante Marcelo Arancibia, quien asegur\u00f3 que \u201cpara tranquilidad de toda la comunidad sanfelipe\u00f1a, es efectivo que el comisario reci\u00e9n trasladado a esta unidad ha pedido su retiro voluntario, solamente por situaciones particulares y que le afectan directamente a \u00e9l y l\u00f3gicamente nosotros tenemos que cursar la documentaci\u00f3n al departamento de personal de Carabineros de Chile, con la finalidad de proceder a su retiro\u201d, explic\u00f3.<br \/>\nSeg\u00fan Arancibia, ya se elevaron a la instancia correspondiente de la Instituci\u00f3n, todos los antecedentes para requerir un nuevo Comisario, no obstante por el momento y desde hoy, el puesto de Rodr\u00edguez ser\u00e1 subrogado por la actual subcomisario de los servicios de la unidad, la Capit\u00e1n Carolina Fern\u00e1ndez, quien ser\u00e1 apoyada en sus funciones por el Capit\u00e1n Alfredo Castillo, que \u201cha sido Comisario (s) a\u00f1os atr\u00e1s en la Segunda Comisar\u00eda de San Felipe y tiene bastante conocimiento de la problem\u00e1tica y obviamente la cercan\u00eda y el majo con la ciudadan\u00eda\u201d, destac\u00f3 el Comandante.<br \/>\nRespecto de las razones que habr\u00eda tenido Rodr\u00edguez para acogerse a retiro, el Prefecto (s) descart\u00f3 que se trate de alg\u00fan gusto personal o intenci\u00f3n de asumir en otra unidad de la regi\u00f3n, argumentando que \u201cla informaci\u00f3n que manejamos respecto de ese motivo\u2026todos los oficiales de Carabineros desde que egresamos de la Escuela, estamos dispuestos para servir a la instituci\u00f3n en todo Chile y no podemos pedir ning\u00fan lugar que implique un beneficio familiar o personal, nosotros estamos entregados al servicio policial y eso debe cumplirse a nivel Nacional\u201d, enfatiz\u00f3.<br \/>\nEn relaci\u00f3n a la preocupaci\u00f3n que podr\u00eda generar el hecho de que este cargo no haya tenido la continuidad que generalmente pretende otorgarle la instituci\u00f3n; pues cabe recordar que, previo a la salida de Rodr\u00edguez, la Mayor Maureen Espinoza cumpli\u00f3 s\u00f3lo un a\u00f1o de servicio en el puesto de Comisario en la unidad, cuando el promedio de tiempo indica que son cerca de 3 a\u00f1os los que debieran permanecer los oficiales en este puesto; Arancibia respondi\u00f3 que \u201cefectivamente las pol\u00edticas institucionales apuntan a eso, pero estas son decisiones personales y familiares que uno no puede cometer el error de comentarlas, porque son hechos personales\u201d, sostuvo, descartando que esto tenga que ver con un nivel de complejidad particular de la unidad policial.<\/p>\n","protected":false},"excerpt":{"rendered":"<p>Tal como lo anticipara Diario El Trabajo, de forma exclusiva en la edici\u00f3n del d\u00eda lunes, ayer se ratific\u00f3 que el Mayor \u00c1lvaro Rodr\u00edguez -quien asumiera como Comisario de la Segunda Comisar\u00eda&#8230;<\/p>\n","protected":false},"author":482,"featured_media":66962,"comment_status":"open","ping_status":"open","sticky":false,"template":"","format":"standard","meta":{"advanced_seo_description":"","jetpack_seo_html_title":"","jetpack_seo_noindex":false,"_jetpack_memberships_contains_paid_content":false,"footnotes":""},"categories":[1],"tags":[],"class_list":["post-66961","post","type-post","status-publish","format-standard","has-post-thumbnail","hentry","category-cronica"],"jetpack_featured_media_url":"https:\/\/i0.wp.com\/eltrabajo.cl\/portal\/wp-content\/uploads\/2016\/02\/FOTO-4-COMANDANTE-MARCELO-ARANCIBIA-PREFECTO-S-DE-LA-PREFECTURA-ACONCAGUA.jpg?fit=530%2C348&ssl=1","jetpack_sharing_enabled":true,"jetpack_likes_enabled":true,"jetpack-related-posts":[],"_links":{"self":[{"href":"https:\/\/eltrabajo.cl\/portal\/wp-json\/wp\/v2\/posts\/66961","targetHints":{"allow":["GET"]}}],"collection":[{"href":"https:\/\/eltrabajo.cl\/portal\/wp-json\/wp\/v2\/posts"}],"about":[{"href":"https:\/\/eltrabajo.cl\/portal\/wp-json\/wp\/v2\/types\/post"}],"author":[{"embeddable":true,"href":"https:\/\/eltrabajo.cl\/portal\/wp-json\/wp\/v2\/users\/482"}],"replies":[{"embeddable":true,"href":"https:\/\/eltrabajo.cl\/portal\/wp-json\/wp\/v2\/comments?post=66961"}],"version-history":[{"count":0,"href":"https:\/\/eltrabajo.cl\/portal\/wp-json\/wp\/v2\/posts\/66961\/revisions"}],"wp:featuredmedia":[{"embeddable":true,"href":"https:\/\/eltrabajo.cl\/portal\/wp-json\/wp\/v2\/media\/66962"}],"wp:attachment":[{"href":"https:\/\/eltrabajo.cl\/portal\/wp-json\/wp\/v2\/media?parent=66961"}],"wp:term":[{"taxonomy":"category","embeddable":true,"href":"https:\/\/eltrabajo.cl\/portal\/wp-json\/wp\/v2\/categories?post=66961"},{"taxonomy":"post_tag","embeddable":true,"href":"https:\/\/eltrabajo.cl\/portal\/wp-json\/wp\/v2\/tags?post=66961"}],"curies":[{"name":"wp","href":"https:\/\/api.w.org\/{rel}","templated":true}]}}