{"id":66964,"date":"2016-02-19T09:42:57","date_gmt":"2016-02-19T12:42:57","guid":{"rendered":"http:\/\/www.eltrabajo.cl\/portal\/?p=66964"},"modified":"2016-02-19T09:42:57","modified_gmt":"2016-02-19T12:42:57","slug":"casi-terminadas-estan-las-obras-de-construccion-de-moderno-edificio-para-organizaciones-comunitarias","status":"publish","type":"post","link":"https:\/\/eltrabajo.cl\/portal\/casi-terminadas-estan-las-obras-de-construccion-de-moderno-edificio-para-organizaciones-comunitarias\/","title":{"rendered":"Casi terminadas est\u00e1n las obras de construcci\u00f3n de moderno edificio para organizaciones comunitarias"},"content":{"rendered":"<figure id=\"attachment_66965\" aria-describedby=\"caption-attachment-66965\" style=\"width: 300px\" class=\"wp-caption alignleft\"><img data-recalc-dims=\"1\" loading=\"lazy\" decoding=\"async\" class=\"wp-image-66965 size-medium\" src=\"https:\/\/i0.wp.com\/www.eltrabajo.cl\/portal\/wp-content\/uploads\/2016\/02\/Edicicio-comunitario-panquehue-1-300x199.jpg?resize=300%2C199\" alt=\"Este nuevo edificio comunitario registra un 95% de avance y contar\u00e1 con cocina, ba\u00f1o y \u00e1reas para discapacitados.\" width=\"300\" height=\"199\" srcset=\"https:\/\/i0.wp.com\/eltrabajo.cl\/portal\/wp-content\/uploads\/2016\/02\/Edicicio-comunitario-panquehue-1.jpg?resize=300%2C199&amp;ssl=1 300w, https:\/\/i0.wp.com\/eltrabajo.cl\/portal\/wp-content\/uploads\/2016\/02\/Edicicio-comunitario-panquehue-1.jpg?resize=200%2C133&amp;ssl=1 200w, https:\/\/i0.wp.com\/eltrabajo.cl\/portal\/wp-content\/uploads\/2016\/02\/Edicicio-comunitario-panquehue-1.jpg?resize=226%2C150&amp;ssl=1 226w, https:\/\/i0.wp.com\/eltrabajo.cl\/portal\/wp-content\/uploads\/2016\/02\/Edicicio-comunitario-panquehue-1.jpg?resize=400%2C265&amp;ssl=1 400w, https:\/\/i0.wp.com\/eltrabajo.cl\/portal\/wp-content\/uploads\/2016\/02\/Edicicio-comunitario-panquehue-1.jpg?w=528&amp;ssl=1 528w\" sizes=\"auto, (max-width: 300px) 100vw, 300px\" \/><figcaption id=\"caption-attachment-66965\" class=\"wp-caption-text\">Este nuevo edificio comunitario registra un 95% de avance y contar\u00e1 con cocina, ba\u00f1o y \u00e1reas para discapacitados.<\/figcaption><\/figure>\n<ul>\n<li><strong>El proyecto que tiene una inversi\u00f3n de 88 millones de pesos, est\u00e1 en la etapa de obras finas e implementaci\u00f3n.<\/strong><\/li>\n<\/ul>\n<p><strong>PANQUEHUE.<\/strong>&#8211; Un 95 % de avance registran las obras de construcci\u00f3n de un moderno edificio de dos pisos, que implementar\u00e1 varias \u00e1reas del departamento de organizaciones comunitarias en el municipio panquehuino.<br \/>\nDe acuerdo a lo informado por la Directora de Obras, Loreto Galdames, se trata de una estructura que estar\u00e1 destinada a organizaciones comunitarias de Panquehue, cuya inversi\u00f3n asciende a los 88 millones de pesos.<br \/>\nCuenta con cocina, ba\u00f1o y \u00e1reas para discapacitados. En tanto en su segunda planta, se considera un sal\u00f3n para las sesiones del concejo municipal y otras oficinas para el Departamento de Desarrollo Comunitario.<br \/>\nEste edificio est\u00e1 ubicado en dependencias de la propia municipalidad y su construcci\u00f3n se ajusta a un entorno arquitect\u00f3nico, con el fin de lograr una implementaci\u00f3n con la ya construido.<br \/>\nAgreg\u00f3 Loreto Galdames, que la empresa a cargo de las obras, est\u00e1 en estos momentos desarrollando obras finas, finiquitando detalles de la red el\u00e9ctrica, h\u00fameda y la implementaci\u00f3n de las propias oficinas.<br \/>\nSobre la entrega de estas instalaciones, dijo que se espera que el proyecto est\u00e9 terminado la segunda quincena de marzo pr\u00f3ximo.<\/p>\n","protected":false},"excerpt":{"rendered":"<p>El proyecto que tiene una inversi\u00f3n de 88 millones de pesos, est\u00e1 en la etapa de obras finas e implementaci\u00f3n. PANQUEHUE.&#8211; Un 95 % de avance registran las obras de construcci\u00f3n de&#8230;<\/p>\n","protected":false},"author":482,"featured_media":66965,"comment_status":"open","ping_status":"open","sticky":false,"template":"","format":"standard","meta":{"advanced_seo_description":"","jetpack_seo_html_title":"","jetpack_seo_noindex":false,"_jetpack_memberships_contains_paid_content":false,"footnotes":""},"categories":[1],"tags":[],"class_list":["post-66964","post","type-post","status-publish","format-standard","has-post-thumbnail","hentry","category-cronica"],"jetpack_featured_media_url":"https:\/\/i0.wp.com\/eltrabajo.cl\/portal\/wp-content\/uploads\/2016\/02\/Edicicio-comunitario-panquehue-1.jpg?fit=528%2C350&ssl=1","jetpack_sharing_enabled":true,"jetpack_likes_enabled":true,"jetpack-related-posts":[],"_links":{"self":[{"href":"https:\/\/eltrabajo.cl\/portal\/wp-json\/wp\/v2\/posts\/66964","targetHints":{"allow":["GET"]}}],"collection":[{"href":"https:\/\/eltrabajo.cl\/portal\/wp-json\/wp\/v2\/posts"}],"about":[{"href":"https:\/\/eltrabajo.cl\/portal\/wp-json\/wp\/v2\/types\/post"}],"author":[{"embeddable":true,"href":"https:\/\/eltrabajo.cl\/portal\/wp-json\/wp\/v2\/users\/482"}],"replies":[{"embeddable":true,"href":"https:\/\/eltrabajo.cl\/portal\/wp-json\/wp\/v2\/comments?post=66964"}],"version-history":[{"count":0,"href":"https:\/\/eltrabajo.cl\/portal\/wp-json\/wp\/v2\/posts\/66964\/revisions"}],"wp:featuredmedia":[{"embeddable":true,"href":"https:\/\/eltrabajo.cl\/portal\/wp-json\/wp\/v2\/media\/66965"}],"wp:attachment":[{"href":"https:\/\/eltrabajo.cl\/portal\/wp-json\/wp\/v2\/media?parent=66964"}],"wp:term":[{"taxonomy":"category","embeddable":true,"href":"https:\/\/eltrabajo.cl\/portal\/wp-json\/wp\/v2\/categories?post=66964"},{"taxonomy":"post_tag","embeddable":true,"href":"https:\/\/eltrabajo.cl\/portal\/wp-json\/wp\/v2\/tags?post=66964"}],"curies":[{"name":"wp","href":"https:\/\/api.w.org\/{rel}","templated":true}]}}