{"id":66967,"date":"2016-02-19T09:44:19","date_gmt":"2016-02-19T12:44:19","guid":{"rendered":"http:\/\/www.eltrabajo.cl\/portal\/?p=66967"},"modified":"2016-02-19T09:44:19","modified_gmt":"2016-02-19T12:44:19","slug":"carabineros-anuncia-sumario-debido-a-denuncia-de-joven-golpeado-en-disco","status":"publish","type":"post","link":"https:\/\/eltrabajo.cl\/portal\/carabineros-anuncia-sumario-debido-a-denuncia-de-joven-golpeado-en-disco\/","title":{"rendered":"Carabineros anuncia sumario debido a denuncia de joven golpeado en disco"},"content":{"rendered":"<figure id=\"attachment_66968\" aria-describedby=\"caption-attachment-66968\" style=\"width: 300px\" class=\"wp-caption alignleft\"><img data-recalc-dims=\"1\" loading=\"lazy\" decoding=\"async\" class=\"wp-image-66968 size-medium\" src=\"https:\/\/i0.wp.com\/www.eltrabajo.cl\/portal\/wp-content\/uploads\/2016\/02\/SEBASTAN-ALLENDE-YANEZ-DE-20-ANOs-300x197.jpg?resize=300%2C197\" alt=\"El joven Sebasti\u00e1n Allende, v\u00edctima de una paliza, desminti\u00f3 a Carabineros y cuestion\u00f3 el procedimiento policial, raz\u00f3n que llev\u00f3 a la instituci\u00f3n a realizar un sumario. \" width=\"300\" height=\"197\" srcset=\"https:\/\/i0.wp.com\/eltrabajo.cl\/portal\/wp-content\/uploads\/2016\/02\/SEBASTAN-ALLENDE-YANEZ-DE-20-ANOs.jpg?resize=300%2C197&amp;ssl=1 300w, https:\/\/i0.wp.com\/eltrabajo.cl\/portal\/wp-content\/uploads\/2016\/02\/SEBASTAN-ALLENDE-YANEZ-DE-20-ANOs.jpg?resize=200%2C131&amp;ssl=1 200w, https:\/\/i0.wp.com\/eltrabajo.cl\/portal\/wp-content\/uploads\/2016\/02\/SEBASTAN-ALLENDE-YANEZ-DE-20-ANOs.jpg?resize=228%2C150&amp;ssl=1 228w, https:\/\/i0.wp.com\/eltrabajo.cl\/portal\/wp-content\/uploads\/2016\/02\/SEBASTAN-ALLENDE-YANEZ-DE-20-ANOs.jpg?resize=400%2C263&amp;ssl=1 400w, https:\/\/i0.wp.com\/eltrabajo.cl\/portal\/wp-content\/uploads\/2016\/02\/SEBASTAN-ALLENDE-YANEZ-DE-20-ANOs.jpg?w=530&amp;ssl=1 530w\" sizes=\"auto, (max-width: 300px) 100vw, 300px\" \/><figcaption id=\"caption-attachment-66968\" class=\"wp-caption-text\">El joven Sebasti\u00e1n Allende, v\u00edctima de una paliza, desminti\u00f3 a Carabineros y cuestion\u00f3 el procedimiento policial, raz\u00f3n que llev\u00f3 a la instituci\u00f3n a realizar un sumario.<\/figcaption><\/figure>\n<ul>\n<li><strong>Prefecto subrogante afirm\u00f3 que si se determinan errores en el procedimiento efectuado, se tomar\u00e1n las medidas necesarias para que no vuelvan a ocurrir este tipo de hechos.<\/strong><\/li>\n<\/ul>\n<p>Ante el contundente desmentido que realizara Sebasti\u00e1n Allende Y\u00e1\u00f1ez, conscripto naval de 19 a\u00f1os que junto a cuatro familiares fueron golpeados el s\u00e1bado pasado en Discotheque Scalibur, quien adem\u00e1s cuestion\u00f3 el procedimiento policial que realiz\u00f3 Carabineros en el momento y que terminara sin identificar ni detener a los responsables de las lesiones sufridas por el grupo de adolescentes; el comandante Marcelo Arancibia, Prefecto (s) de la Prefectura Aconcagua, inform\u00f3 que la Fiscal\u00eda Administrativa de la unidad policial de la cual se encuentra a cargo, abri\u00f3 una investigaci\u00f3n en torno a los hechos acaecidos en el local nocturno.<br \/>\nLa indagaci\u00f3n pretende transparentar los acontecimientos ocurridos aquella noche y defender el prestigio de la instituci\u00f3n ante la comunidad, puesto que, seg\u00fan dijo Arancibia, si existi\u00f3 alg\u00fan error no dudar\u00e1n en darlo a conocer y tomar las medidas necesarias para que no vuelva a ocurrir.<br \/>\n\u00abQueremos otorgarle tranquilidad a los ciudadanos y a ra\u00edz de este evento que ustedes manifiestan, la fiscal\u00eda administrativa de la Prefectura de Aconcagua, ya en este momento tiene los antecedentes en sus manos y se est\u00e1 llevando a cabo una investigaci\u00f3n, l\u00f3gicamente para transparentar esta situaci\u00f3n y en su momento vamos a dar cuenta de alguna situaci\u00f3n err\u00f3nea, si es que la hubiese, pero no obstante, los protocolos se cumplieron y vamos a analizar lo que est\u00e1 reclamando la familia\u00bb, expres\u00f3 el Prefecto (s).<br \/>\nRespecto de los mecanismo que utiliza Carabineros en la zona para tratar de controlar este tipo de situaciones, Arancibia a\u00f1adi\u00f3 que \u00abel plan cuadrante de seguridad preventiva tiene la obligaci\u00f3n de pasar por estos lugares de aglomeraci\u00f3n de p\u00fablico, especialmente los fines de semana, con la finalidad de controlar que no existan ebrios en la v\u00eda p\u00fablica, que se puedan desarrollar estas actividades de la juventud aconcag\u00fcina de forma normal, siempre habr\u00e1 algunos detalles porque el consumo de alcohol y algunas situaciones complejas pueden llevar a estos procedimientos que terminan con los hechos que lamentablemente ya todos conocemos\u00bb, sostuvo.<br \/>\nSe espera que el informe que elabore la instancia anteriormente descrita por Arancibia, est\u00e9 terminado dentro de 10 d\u00edas h\u00e1biles, por lo que la pr\u00f3xima semana, podr\u00edan haber novedades respecto del proceder que tuvieron los funcionarios, luego de la gresca que termin\u00f3 con cinco j\u00f3venes heridos de distinta consideraci\u00f3n, uno de ellos internado en el Hospital Naval.<\/p>\n","protected":false},"excerpt":{"rendered":"<p>Prefecto subrogante afirm\u00f3 que si se determinan errores en el procedimiento efectuado, se tomar\u00e1n las medidas necesarias para que no vuelvan a ocurrir este tipo de hechos. Ante el contundente desmentido que&#8230;<\/p>\n","protected":false},"author":482,"featured_media":66968,"comment_status":"open","ping_status":"open","sticky":false,"template":"","format":"standard","meta":{"advanced_seo_description":"","jetpack_seo_html_title":"","jetpack_seo_noindex":false,"_jetpack_memberships_contains_paid_content":false,"footnotes":""},"categories":[1],"tags":[],"class_list":["post-66967","post","type-post","status-publish","format-standard","has-post-thumbnail","hentry","category-cronica"],"jetpack_featured_media_url":"https:\/\/i0.wp.com\/eltrabajo.cl\/portal\/wp-content\/uploads\/2016\/02\/SEBASTAN-ALLENDE-YANEZ-DE-20-ANOs.jpg?fit=530%2C348&ssl=1","jetpack_sharing_enabled":true,"jetpack_likes_enabled":true,"jetpack-related-posts":[],"_links":{"self":[{"href":"https:\/\/eltrabajo.cl\/portal\/wp-json\/wp\/v2\/posts\/66967","targetHints":{"allow":["GET"]}}],"collection":[{"href":"https:\/\/eltrabajo.cl\/portal\/wp-json\/wp\/v2\/posts"}],"about":[{"href":"https:\/\/eltrabajo.cl\/portal\/wp-json\/wp\/v2\/types\/post"}],"author":[{"embeddable":true,"href":"https:\/\/eltrabajo.cl\/portal\/wp-json\/wp\/v2\/users\/482"}],"replies":[{"embeddable":true,"href":"https:\/\/eltrabajo.cl\/portal\/wp-json\/wp\/v2\/comments?post=66967"}],"version-history":[{"count":0,"href":"https:\/\/eltrabajo.cl\/portal\/wp-json\/wp\/v2\/posts\/66967\/revisions"}],"wp:featuredmedia":[{"embeddable":true,"href":"https:\/\/eltrabajo.cl\/portal\/wp-json\/wp\/v2\/media\/66968"}],"wp:attachment":[{"href":"https:\/\/eltrabajo.cl\/portal\/wp-json\/wp\/v2\/media?parent=66967"}],"wp:term":[{"taxonomy":"category","embeddable":true,"href":"https:\/\/eltrabajo.cl\/portal\/wp-json\/wp\/v2\/categories?post=66967"},{"taxonomy":"post_tag","embeddable":true,"href":"https:\/\/eltrabajo.cl\/portal\/wp-json\/wp\/v2\/tags?post=66967"}],"curies":[{"name":"wp","href":"https:\/\/api.w.org\/{rel}","templated":true}]}}