{"id":6697,"date":"2011-11-25T09:04:31","date_gmt":"2011-11-25T13:04:31","guid":{"rendered":"http:\/\/www.eltrabajo.cl\/portal\/?p=6697"},"modified":"2011-11-25T09:04:31","modified_gmt":"2011-11-25T13:04:31","slug":"dirigente-de-trabajadores-del-santa-isabel-reclama-por-aire-acondicionado","status":"publish","type":"post","link":"https:\/\/eltrabajo.cl\/portal\/dirigente-de-trabajadores-del-santa-isabel-reclama-por-aire-acondicionado\/","title":{"rendered":"Dirigente de trabajadores del Santa Isabel reclama por aire acondicionado"},"content":{"rendered":"<figure id=\"attachment_6698\" aria-describedby=\"caption-attachment-6698\" style=\"width: 300px\" class=\"wp-caption alignleft\"><a href=\"http:\/\/www.eltrabajo.cl\/portal\/archives\/6697\/denunciante1\" rel=\"attachment wp-att-6698\"><img data-recalc-dims=\"1\" loading=\"lazy\" decoding=\"async\" class=\"size-medium wp-image-6698\" title=\"Denunciante1\" src=\"https:\/\/i0.wp.com\/www.eltrabajo.cl\/portal\/wp-content\/uploads\/2011\/11\/Denunciante1-300x263.jpg?resize=300%2C263\" alt=\"\" width=\"300\" height=\"263\" srcset=\"https:\/\/i0.wp.com\/eltrabajo.cl\/portal\/wp-content\/uploads\/2011\/11\/Denunciante1.jpg?resize=300%2C263&amp;ssl=1 300w, https:\/\/i0.wp.com\/eltrabajo.cl\/portal\/wp-content\/uploads\/2011\/11\/Denunciante1.jpg?resize=171%2C150&amp;ssl=1 171w, https:\/\/i0.wp.com\/eltrabajo.cl\/portal\/wp-content\/uploads\/2011\/11\/Denunciante1.jpg?resize=150%2C131&amp;ssl=1 150w, https:\/\/i0.wp.com\/eltrabajo.cl\/portal\/wp-content\/uploads\/2011\/11\/Denunciante1.jpg?resize=400%2C350&amp;ssl=1 400w, https:\/\/i0.wp.com\/eltrabajo.cl\/portal\/wp-content\/uploads\/2011\/11\/Denunciante1.jpg?w=600&amp;ssl=1 600w\" sizes=\"auto, (max-width: 300px) 100vw, 300px\" \/><\/a><figcaption id=\"caption-attachment-6698\" class=\"wp-caption-text\">Luis Vega Barraza asegur\u00f3 a nuestro medio que constantemente reciben reclamos de sus compa\u00f1eros de trabajo por el calor que se siente en los locales Santa Isabel.<\/figcaption><\/figure>\n<p>Muy inc\u00f3modos y \u201cacalorados\u201d han venido reaccionando los trabajadores de la cadena de supermercados Santa Isabel en San Felipe, tras varios meses de venir solicitando a la gerencia de la sucursal ubicada en Yungay con Tocornal, que se instale un sistema de climatizaci\u00f3n.<\/p>\n<p>En una visita realizada a DIARIO EL TRABAJO por el dirigente sindical del Supermercado Santa Isabel, Luis Vega Barraza, \u00e9ste denunci\u00f3 que \u00abel problema principal que queremos denunciar, es el excesivo calor que sufrimos en verano en los locales por falta de aire acondicionado, ya hablamos con Gerencia local y de Santiago sobre este tema, pero no tenemos respuesta positiva. En el invierno tambi\u00e9n padecemos de mucho fr\u00edo\u00bb.<\/p>\n<p>Seg\u00fan Vega, las condiciones son inadecuadas para trabajar porque \u00abla Gerencia de Santa Isabel solo se preocupa porque se venda bastante en los locales, pero nunca por las condiciones de sus empleados; seg\u00fan nos dicen los jefes ac\u00e1, debemos presionar en Santiago para que nos instalen el aire acondicionado, pero en Santiago nos dicen que la responsabilidad de ese recurso est\u00e1 a cargo de los que dirigen la empresa aqu\u00ed en San Felipe\u00bb, sostuvo el vocero de los dirigentes.<\/p>\n<p>Seg\u00fan lo denunciado por el sindicalista, muchos clientes prefieren no comprar en Santa Isabel por esa raz\u00f3n y deciden hacerlo en otros centros comerciales m\u00e1s frescos.<\/p>\n<p>DIARIO EL TRABAJO busc\u00f3 una respuesta por parte de Gerencia en San Felipe, pero no fue posible que nos atendieran.<\/p>\n","protected":false},"excerpt":{"rendered":"<p>Muy inc\u00f3modos y \u201cacalorados\u201d han venido reaccionando los trabajadores de la cadena de supermercados Santa Isabel en San Felipe, tras varios meses de venir solicitando a la gerencia de la sucursal ubicada&#8230;<\/p>\n","protected":false},"author":482,"featured_media":6698,"comment_status":"open","ping_status":"open","sticky":false,"template":"","format":"standard","meta":{"advanced_seo_description":"","jetpack_seo_html_title":"","jetpack_seo_noindex":false,"_jetpack_memberships_contains_paid_content":false,"footnotes":""},"categories":[15],"tags":[],"class_list":["post-6697","post","type-post","status-publish","format-standard","has-post-thumbnail","hentry","category-comunidad"],"jetpack_featured_media_url":"https:\/\/i0.wp.com\/eltrabajo.cl\/portal\/wp-content\/uploads\/2011\/11\/Denunciante1.jpg?fit=600%2C526&ssl=1","jetpack_sharing_enabled":true,"jetpack_likes_enabled":true,"jetpack-related-posts":[],"_links":{"self":[{"href":"https:\/\/eltrabajo.cl\/portal\/wp-json\/wp\/v2\/posts\/6697","targetHints":{"allow":["GET"]}}],"collection":[{"href":"https:\/\/eltrabajo.cl\/portal\/wp-json\/wp\/v2\/posts"}],"about":[{"href":"https:\/\/eltrabajo.cl\/portal\/wp-json\/wp\/v2\/types\/post"}],"author":[{"embeddable":true,"href":"https:\/\/eltrabajo.cl\/portal\/wp-json\/wp\/v2\/users\/482"}],"replies":[{"embeddable":true,"href":"https:\/\/eltrabajo.cl\/portal\/wp-json\/wp\/v2\/comments?post=6697"}],"version-history":[{"count":0,"href":"https:\/\/eltrabajo.cl\/portal\/wp-json\/wp\/v2\/posts\/6697\/revisions"}],"wp:featuredmedia":[{"embeddable":true,"href":"https:\/\/eltrabajo.cl\/portal\/wp-json\/wp\/v2\/media\/6698"}],"wp:attachment":[{"href":"https:\/\/eltrabajo.cl\/portal\/wp-json\/wp\/v2\/media?parent=6697"}],"wp:term":[{"taxonomy":"category","embeddable":true,"href":"https:\/\/eltrabajo.cl\/portal\/wp-json\/wp\/v2\/categories?post=6697"},{"taxonomy":"post_tag","embeddable":true,"href":"https:\/\/eltrabajo.cl\/portal\/wp-json\/wp\/v2\/tags?post=6697"}],"curies":[{"name":"wp","href":"https:\/\/api.w.org\/{rel}","templated":true}]}}