{"id":66970,"date":"2016-02-19T09:45:52","date_gmt":"2016-02-19T12:45:52","guid":{"rendered":"http:\/\/www.eltrabajo.cl\/portal\/?p=66970"},"modified":"2016-02-19T09:45:52","modified_gmt":"2016-02-19T12:45:52","slug":"los-vasquez-realizan-exitosa-presentacion-en-la-sexta-noche-de-la-chaya","status":"publish","type":"post","link":"https:\/\/eltrabajo.cl\/portal\/los-vasquez-realizan-exitosa-presentacion-en-la-sexta-noche-de-la-chaya\/","title":{"rendered":"Los V\u00e1squez realizan exitosa presentaci\u00f3n en la sexta noche de la Chaya"},"content":{"rendered":"<figure id=\"attachment_66971\" aria-describedby=\"caption-attachment-66971\" style=\"width: 300px\" class=\"wp-caption alignleft\"><img data-recalc-dims=\"1\" loading=\"lazy\" decoding=\"async\" class=\"wp-image-66971 size-medium\" src=\"https:\/\/i0.wp.com\/www.eltrabajo.cl\/portal\/wp-content\/uploads\/2016\/02\/Los-Vasquez-300x198.jpg?resize=300%2C198\" alt=\"Colmados de \u00e9xitos se presentaron ante gran multitud Los V\u00e1squez, quienes cautivaron al p\u00fablico asistente.\" width=\"300\" height=\"198\" srcset=\"https:\/\/i0.wp.com\/eltrabajo.cl\/portal\/wp-content\/uploads\/2016\/02\/Los-Vasquez.jpg?resize=300%2C198&amp;ssl=1 300w, https:\/\/i0.wp.com\/eltrabajo.cl\/portal\/wp-content\/uploads\/2016\/02\/Los-Vasquez.jpg?resize=200%2C132&amp;ssl=1 200w, https:\/\/i0.wp.com\/eltrabajo.cl\/portal\/wp-content\/uploads\/2016\/02\/Los-Vasquez.jpg?resize=228%2C150&amp;ssl=1 228w, https:\/\/i0.wp.com\/eltrabajo.cl\/portal\/wp-content\/uploads\/2016\/02\/Los-Vasquez.jpg?resize=400%2C263&amp;ssl=1 400w, https:\/\/i0.wp.com\/eltrabajo.cl\/portal\/wp-content\/uploads\/2016\/02\/Los-Vasquez.jpg?w=530&amp;ssl=1 530w\" sizes=\"auto, (max-width: 300px) 100vw, 300px\" \/><figcaption id=\"caption-attachment-66971\" class=\"wp-caption-text\">Colmados de \u00e9xitos se presentaron ante gran multitud Los V\u00e1squez, quienes cautivaron al p\u00fablico asistente.<\/figcaption><\/figure>\n<p><strong>PUTAENDO.-<\/strong> La presentaci\u00f3n del grupo Los V\u00e1squez en la sexta noche del Carnaval de la Chaya de Putaendo fue sencillamente un espect\u00e1culo de otro nivel que cautiv\u00f3 a los miles de asistentes que llegaron hasta la Plaza de Armas.<br \/>\nFue el conocido y querido poeta y cantor popular Pedro \u2018Choro\u2019 Estay el encargado de abrir la jornada con una presentaci\u00f3n fiel a su estilo con payas versos y an\u00e9cdotas y mentiras que cautivaron al p\u00fablico que respetuosamente aplaudi\u00f3 su presentaci\u00f3n.<br \/>\nLuchito Huerta y sus laneros tambi\u00e9n subieron al escenario e hicieron bailar a todos los presentes con sus mejores corridos en una presentaci\u00f3n marcada por las cumbias rancheras que contagiosamente entretuvieron al p\u00fablico.<br \/>\nEn la plaza de Putaendo y desde muy temprano estuvieron ubicados los fan\u00e1ticos de Los V\u00e1squez que aguardaron pacientemente su presentaci\u00f3n. El p\u00fablico colaps\u00f3 por completo no tan solo las calles de la comuna, sino que incluso la carretera que une Putaendo con San Felipe dejaba en evidencia el impacto que gener\u00f3 la presentaci\u00f3n de los V\u00e1squez en todo el Valle de Aconcagua.<\/p>\n<figure id=\"attachment_66972\" aria-describedby=\"caption-attachment-66972\" style=\"width: 300px\" class=\"wp-caption alignright\"><img data-recalc-dims=\"1\" loading=\"lazy\" decoding=\"async\" class=\"wp-image-66972 size-medium\" src=\"https:\/\/i0.wp.com\/www.eltrabajo.cl\/portal\/wp-content\/uploads\/2016\/02\/Pedro-Choro-Estay-300x197.jpg?resize=300%2C197\" alt=\"Pedro \u2018Choro\u2019 Estay, conocido y querido poeta y cantor popular, fue el encargado de abrir la sexta noche de la Chaya de Putaendo 2016.\" width=\"300\" height=\"197\" srcset=\"https:\/\/i0.wp.com\/eltrabajo.cl\/portal\/wp-content\/uploads\/2016\/02\/Pedro-Choro-Estay.jpg?resize=300%2C197&amp;ssl=1 300w, https:\/\/i0.wp.com\/eltrabajo.cl\/portal\/wp-content\/uploads\/2016\/02\/Pedro-Choro-Estay.jpg?resize=200%2C131&amp;ssl=1 200w, https:\/\/i0.wp.com\/eltrabajo.cl\/portal\/wp-content\/uploads\/2016\/02\/Pedro-Choro-Estay.jpg?resize=228%2C150&amp;ssl=1 228w, https:\/\/i0.wp.com\/eltrabajo.cl\/portal\/wp-content\/uploads\/2016\/02\/Pedro-Choro-Estay.jpg?resize=400%2C263&amp;ssl=1 400w, https:\/\/i0.wp.com\/eltrabajo.cl\/portal\/wp-content\/uploads\/2016\/02\/Pedro-Choro-Estay.jpg?w=530&amp;ssl=1 530w\" sizes=\"auto, (max-width: 300px) 100vw, 300px\" \/><figcaption id=\"caption-attachment-66972\" class=\"wp-caption-text\">Pedro \u2018Choro\u2019 Estay, conocido y querido poeta y cantor popular, fue el encargado de abrir la sexta noche de la Chaya de Putaendo 2016.<\/figcaption><\/figure>\n<p>El espect\u00e1culo congreg\u00f3 a m\u00e1s de 10.000 personas que repletaron por completo el centro de la ciudad.<br \/>\nCon una puesta en escena de m\u00e1s de 10 m\u00fasicos, subieron Enzo e \u00cdtalo V\u00e1squez ante el delirio de sus fans y dieron vida a una presentaci\u00f3n sencillamente espectacular e inolvidable, con su estilo pop cebolla que ellos mismos autodenominan, pero rom\u00e1ntico que los ha convertido ya en todo un suceso en nuestro pa\u00eds<br \/>\n\u2018Enamorado\u2019, \u2018Disc\u00falpame\u2019, \u2018Mi\u00e9nteme una vez\u2019, \u2018Tu me haces falta\u2019, \u2018Mi amante\u2019, junto a \u2018Juana Mar\u00eda\u2019 y otras m\u00e1s fueron solo algunas de las canciones que en m\u00e1s de una hora de presentaci\u00f3n cautivaron a los miles de asistentes que disfrutaron un espect\u00e1culo que parec\u00eda no terminar\u00eda y que se trasform\u00f3 en una verdadera fiesta familiar, donde pese a las miles de personas solo se vio un ambiente rom\u00e1ntico y de fiesta.<br \/>\nCon esta presentaci\u00f3n, los V\u00e1squez demostraron su calidad art\u00edstica sobre el escenario y su tremenda sencillez tambi\u00e9n con los medios de comunicaci\u00f3n locales que cubrieron dicho espect\u00e1culo.<br \/>\n<strong>Patricio Gallardo M.<\/strong><\/p>\n","protected":false},"excerpt":{"rendered":"<p>PUTAENDO.- La presentaci\u00f3n del grupo Los V\u00e1squez en la sexta noche del Carnaval de la Chaya de Putaendo fue sencillamente un espect\u00e1culo de otro nivel que cautiv\u00f3 a los miles de asistentes&#8230;<\/p>\n","protected":false},"author":482,"featured_media":66971,"comment_status":"open","ping_status":"open","sticky":false,"template":"","format":"standard","meta":{"advanced_seo_description":"","jetpack_seo_html_title":"","jetpack_seo_noindex":false,"_jetpack_memberships_contains_paid_content":false,"footnotes":""},"categories":[15],"tags":[],"class_list":["post-66970","post","type-post","status-publish","format-standard","has-post-thumbnail","hentry","category-comunidad"],"jetpack_featured_media_url":"https:\/\/i0.wp.com\/eltrabajo.cl\/portal\/wp-content\/uploads\/2016\/02\/Los-Vasquez.jpg?fit=530%2C349&ssl=1","jetpack_sharing_enabled":true,"jetpack_likes_enabled":true,"jetpack-related-posts":[],"_links":{"self":[{"href":"https:\/\/eltrabajo.cl\/portal\/wp-json\/wp\/v2\/posts\/66970","targetHints":{"allow":["GET"]}}],"collection":[{"href":"https:\/\/eltrabajo.cl\/portal\/wp-json\/wp\/v2\/posts"}],"about":[{"href":"https:\/\/eltrabajo.cl\/portal\/wp-json\/wp\/v2\/types\/post"}],"author":[{"embeddable":true,"href":"https:\/\/eltrabajo.cl\/portal\/wp-json\/wp\/v2\/users\/482"}],"replies":[{"embeddable":true,"href":"https:\/\/eltrabajo.cl\/portal\/wp-json\/wp\/v2\/comments?post=66970"}],"version-history":[{"count":0,"href":"https:\/\/eltrabajo.cl\/portal\/wp-json\/wp\/v2\/posts\/66970\/revisions"}],"wp:featuredmedia":[{"embeddable":true,"href":"https:\/\/eltrabajo.cl\/portal\/wp-json\/wp\/v2\/media\/66971"}],"wp:attachment":[{"href":"https:\/\/eltrabajo.cl\/portal\/wp-json\/wp\/v2\/media?parent=66970"}],"wp:term":[{"taxonomy":"category","embeddable":true,"href":"https:\/\/eltrabajo.cl\/portal\/wp-json\/wp\/v2\/categories?post=66970"},{"taxonomy":"post_tag","embeddable":true,"href":"https:\/\/eltrabajo.cl\/portal\/wp-json\/wp\/v2\/tags?post=66970"}],"curies":[{"name":"wp","href":"https:\/\/api.w.org\/{rel}","templated":true}]}}