{"id":66981,"date":"2016-02-19T09:53:57","date_gmt":"2016-02-19T12:53:57","guid":{"rendered":"http:\/\/www.eltrabajo.cl\/portal\/?p=66981"},"modified":"2016-02-19T09:53:57","modified_gmt":"2016-02-19T12:53:57","slug":"ministro-de-agricultura-anuncio-plan-de-riego-en-aconcagua-para-el-2016","status":"publish","type":"post","link":"https:\/\/eltrabajo.cl\/portal\/ministro-de-agricultura-anuncio-plan-de-riego-en-aconcagua-para-el-2016\/","title":{"rendered":"Ministro de Agricultura anunci\u00f3 plan de riego en Aconcagua para el 2016"},"content":{"rendered":"<figure id=\"attachment_66982\" aria-describedby=\"caption-attachment-66982\" style=\"width: 300px\" class=\"wp-caption alignleft\"><img data-recalc-dims=\"1\" loading=\"lazy\" decoding=\"async\" class=\"wp-image-66982 size-medium\" src=\"https:\/\/i0.wp.com\/www.eltrabajo.cl\/portal\/wp-content\/uploads\/2016\/02\/FOTO-1-MINISTRO-DE-AGRICULTURA-CARLOS-FURCHE-GUAJARDO-300x198.jpg?resize=300%2C198\" alt=\"Carlos Furche, Ministro de Agricultura.\" width=\"300\" height=\"198\" srcset=\"https:\/\/i0.wp.com\/eltrabajo.cl\/portal\/wp-content\/uploads\/2016\/02\/FOTO-1-MINISTRO-DE-AGRICULTURA-CARLOS-FURCHE-GUAJARDO.jpg?resize=300%2C198&amp;ssl=1 300w, https:\/\/i0.wp.com\/eltrabajo.cl\/portal\/wp-content\/uploads\/2016\/02\/FOTO-1-MINISTRO-DE-AGRICULTURA-CARLOS-FURCHE-GUAJARDO.jpg?resize=200%2C132&amp;ssl=1 200w, https:\/\/i0.wp.com\/eltrabajo.cl\/portal\/wp-content\/uploads\/2016\/02\/FOTO-1-MINISTRO-DE-AGRICULTURA-CARLOS-FURCHE-GUAJARDO.jpg?resize=228%2C150&amp;ssl=1 228w, https:\/\/i0.wp.com\/eltrabajo.cl\/portal\/wp-content\/uploads\/2016\/02\/FOTO-1-MINISTRO-DE-AGRICULTURA-CARLOS-FURCHE-GUAJARDO.jpg?resize=400%2C263&amp;ssl=1 400w, https:\/\/i0.wp.com\/eltrabajo.cl\/portal\/wp-content\/uploads\/2016\/02\/FOTO-1-MINISTRO-DE-AGRICULTURA-CARLOS-FURCHE-GUAJARDO.jpg?w=530&amp;ssl=1 530w\" sizes=\"auto, (max-width: 300px) 100vw, 300px\" \/><figcaption id=\"caption-attachment-66982\" class=\"wp-caption-text\">Carlos Furche, Ministro de Agricultura.<\/figcaption><\/figure>\n<ul>\n<li><strong>Adem\u00e1s el representante de gobierno, asegur\u00f3 que se mantendr\u00e1n en aumento los recursos para llevar a efecto a trav\u00e9s de Indap el plan de recuperaci\u00f3n de suelos en la zona.<\/strong><\/li>\n<\/ul>\n<p>El Ministro de Agricultura Carlos Furche y el Seremi de la cartera, visitaron ayer la Provincia de San Felipe para realizar dos anuncios importantes para la zona en materia agr\u00edcola: La construcci\u00f3n de un Programa de Riego para el Valle de Aconcagua, el cual, debiera comenzar a funcionar a partir del segundo semestre y el aumento de recursos dispuestos para el plan de recuperaci\u00f3n de suelos de la zona<br \/>\nRespecto del proyecto de riego para el a\u00f1o 2016, el Ministro afirm\u00f3 que \u201ces necesario que nos hagamos cargo de algunos temas que son de preocupaci\u00f3n a nivel regional y por eso nos hemos reunido con el Gobernador (s) de la Provincia, para tratar tem\u00e1ticas que signifiquen un apoyo a la agricultura local, pues son temas que traemos de rezago producto de la sequ\u00eda que nos golpe\u00f3 durante tantos a\u00f1os\u201d, sostuvo.<br \/>\nEn relaci\u00f3n con la preocupaci\u00f3n que suscitan las consecuencias que dej\u00f3 la sequ\u00eda en la zona, Furche agreg\u00f3 que \u201ceste tema nos ha tenido ocupados en la regi\u00f3n, con mucho acento en la Provincia de Petorca, que fue una de las que se vio m\u00e1s afectada, pero tambi\u00e9n en el resto de la regi\u00f3n tenemos problemas que son m\u00e1s permanentes, m\u00e1s all\u00e1 de la misma sequ\u00eda, en t\u00e9rminos de riego y es por eso que hoy tenemos ya planes espec\u00edficos para distintos territorios en materia de riego como lo es el Plan Aconcagua\u201d, adujo.<\/p>\n<figure id=\"attachment_66983\" aria-describedby=\"caption-attachment-66983\" style=\"width: 300px\" class=\"wp-caption alignright\"><img data-recalc-dims=\"1\" loading=\"lazy\" decoding=\"async\" class=\"wp-image-66983 size-medium\" src=\"https:\/\/i0.wp.com\/www.eltrabajo.cl\/portal\/wp-content\/uploads\/2016\/02\/FOTO-2-SEREMI-DE-AGRICULTURA-RICARDO-ASTORGA-OLIVARES-300x198.jpg?resize=300%2C198\" alt=\"Seremi de Agricultura, Ricardo Astorga Olivares.\" width=\"300\" height=\"198\" srcset=\"https:\/\/i0.wp.com\/eltrabajo.cl\/portal\/wp-content\/uploads\/2016\/02\/FOTO-2-SEREMI-DE-AGRICULTURA-RICARDO-ASTORGA-OLIVARES.jpg?resize=300%2C198&amp;ssl=1 300w, https:\/\/i0.wp.com\/eltrabajo.cl\/portal\/wp-content\/uploads\/2016\/02\/FOTO-2-SEREMI-DE-AGRICULTURA-RICARDO-ASTORGA-OLIVARES.jpg?resize=200%2C132&amp;ssl=1 200w, https:\/\/i0.wp.com\/eltrabajo.cl\/portal\/wp-content\/uploads\/2016\/02\/FOTO-2-SEREMI-DE-AGRICULTURA-RICARDO-ASTORGA-OLIVARES.jpg?resize=228%2C150&amp;ssl=1 228w, https:\/\/i0.wp.com\/eltrabajo.cl\/portal\/wp-content\/uploads\/2016\/02\/FOTO-2-SEREMI-DE-AGRICULTURA-RICARDO-ASTORGA-OLIVARES.jpg?resize=400%2C263&amp;ssl=1 400w, https:\/\/i0.wp.com\/eltrabajo.cl\/portal\/wp-content\/uploads\/2016\/02\/FOTO-2-SEREMI-DE-AGRICULTURA-RICARDO-ASTORGA-OLIVARES.jpg?w=530&amp;ssl=1 530w\" sizes=\"auto, (max-width: 300px) 100vw, 300px\" \/><figcaption id=\"caption-attachment-66983\" class=\"wp-caption-text\">Seremi de Agricultura, Ricardo Astorga Olivares.<\/figcaption><\/figure>\n<p>El secretario de Estado, reconoci\u00f3 que es fundamental implementar nuevos programas para proteger un \u00e1rea productiva que actualmente es de suma relevancia para la econom\u00eda chilena y asegur\u00f3 que \u201ceste sector est\u00e1 aportando claramente a la econom\u00eda, con un crecimiento importante de un 5 a 6 %, eso bastante positivo sobre el promedio de nuestra econom\u00eda, en un momento del pa\u00eds que estamos con una baja del ciclo minero, que ojal\u00e1 tengamos una pronta recuperaci\u00f3n del cobre, pero mientras tanto el sector agr\u00edcola brilla en este sentido porque est\u00e1 aportando trabajo con cerca de 700 mil empleos durante la temporada, en distintos rubros\u201d, puntualiz\u00f3.<br \/>\nFurche mencion\u00f3 adem\u00e1s que el sector agr\u00edcola juega un rol elemental y se transforma en un eslab\u00f3n relevante en lo que se denomina la cadena alimentaria. En ese sentido -dijo- es un tremendo aporte al pa\u00eds y es por eso que la cartera pretende a trav\u00e9s del Instituto Nacional de Desarrollo Agropecuario, Indap, ampliar la cobertura a todos los agricultores, independiente de su tama\u00f1o, que estos puedan insertarse en este desarrollo y acceder a m\u00e1s apoyo en instrumentalizaci\u00f3n y financiamiento, para facilitar que la cadena de comercializaci\u00f3n se cumpla.<br \/>\nBajo este contexto es que el representante de Gobierno, destac\u00f3 que el \u00e9nfasis del Ministerio de Agricultura est\u00e1 puesto en una serie de acciones en obras medianas y peque\u00f1as que otorguen soluciones concretas en el corto plazo, como ocurre precisamente en el caso de las Provincias de San Felipe y Los Andes en donde, se pondr\u00e1 en marcha a partir de junio un programa de riego construido en conjunto con la CNR (Comisi\u00f3n Nacional de Riego) y que ha contado con la participaci\u00f3n de gran parte de los regantes de la zona.<br \/>\nSeg\u00fan acot\u00f3 el ministro, la recuperaci\u00f3n de algunos espacios de almacenamiento de agua, resulta fundamental en la zona, para mejorar la productividad y asegurar el recurso h\u00eddrico. \u201cExisten tanques que se hab\u00edan perdido y que con un trabajo relativamente simple, que implica la limpieza de sus sedimentos y la rehabilitaci\u00f3n del tranque. En algunos casos, con la realizaci\u00f3n de un revestimiento para asegurarnos que por infiltraci\u00f3n no perdamos el agua, se logra recuperar una obra que es fundamental para territorios acotados, pero que tienen una gran influencia en el n\u00famero de hect\u00e1reas y productores que se ven beneficiados\u201d, apunt\u00f3<br \/>\nEn el caso del plan de Recuperaci\u00f3n de Suelos, el Ministro Furche, se reuni\u00f3 con un grupo de agricultores con el fin de lograr una mayor difusi\u00f3n de este programa, que est\u00e1 apoyado por el Servicio Agr\u00edcola y Ganadero, SAG y el Instituto Nacional de Desarrollo Agropecuario, Indap.<br \/>\n\u201cQueremos se\u00f1alarles que hemos aumentado los recursos significativamente en este programa en los \u00faltimos a\u00f1os, hoy con un presupuesto similar al del a\u00f1o pasado cercano a los 400 millones de pesos, que vamos a aplicar preferentemente para aquellos agricultores que hoy d\u00eda est\u00e9n con una mayor seguridad de riego, de agua, pero que necesitan hacer algunas labores en sus suelos, que signifique hacer alguna limpieza en sus terrenos, mejorar la fertilidad de los mismos y que son los instrumentos que podemos llevar a cabo\u201d, enfatiz\u00f3 el Ministro.<br \/>\nEn cuanto a c\u00f3mo se proyecta el a\u00f1o 2016 en el \u00e1mbito agr\u00edcola para la zona de Aconcagua, Furche se mostr\u00f3 bastante optimista debido a los cambios que se han logrado en materia de t\u00e9cnicas de riego, almacenamiento de agua y por cierto tambi\u00e9n en el aspecto pluviom\u00e9trico con las aguas ca\u00eddas en el Valle durante el \u00faltimo a\u00f1o, situaci\u00f3n que, de acuerdo a algunas proyecciones clim\u00e1ticas, debiera mantenerse durante este a\u00f1o.<br \/>\nAl respecto Furche a\u00f1adi\u00f3 que \u201cesperamos tener nieve suficiente en la cordillera para asegurar el recurso en los per\u00edodos m\u00e1s cr\u00edticos y en ese sentido las expectativas son bastante buenas\u201d, concluy\u00f3.<\/p>\n","protected":false},"excerpt":{"rendered":"<p>Adem\u00e1s el representante de gobierno, asegur\u00f3 que se mantendr\u00e1n en aumento los recursos para llevar a efecto a trav\u00e9s de Indap el plan de recuperaci\u00f3n de suelos en la zona. El Ministro&#8230;<\/p>\n","protected":false},"author":482,"featured_media":66982,"comment_status":"open","ping_status":"open","sticky":false,"template":"","format":"standard","meta":{"advanced_seo_description":"","jetpack_seo_html_title":"","jetpack_seo_noindex":false,"_jetpack_memberships_contains_paid_content":false,"footnotes":""},"categories":[1],"tags":[],"class_list":["post-66981","post","type-post","status-publish","format-standard","has-post-thumbnail","hentry","category-cronica"],"jetpack_featured_media_url":"https:\/\/i0.wp.com\/eltrabajo.cl\/portal\/wp-content\/uploads\/2016\/02\/FOTO-1-MINISTRO-DE-AGRICULTURA-CARLOS-FURCHE-GUAJARDO.jpg?fit=530%2C349&ssl=1","jetpack_sharing_enabled":true,"jetpack_likes_enabled":true,"jetpack-related-posts":[],"_links":{"self":[{"href":"https:\/\/eltrabajo.cl\/portal\/wp-json\/wp\/v2\/posts\/66981","targetHints":{"allow":["GET"]}}],"collection":[{"href":"https:\/\/eltrabajo.cl\/portal\/wp-json\/wp\/v2\/posts"}],"about":[{"href":"https:\/\/eltrabajo.cl\/portal\/wp-json\/wp\/v2\/types\/post"}],"author":[{"embeddable":true,"href":"https:\/\/eltrabajo.cl\/portal\/wp-json\/wp\/v2\/users\/482"}],"replies":[{"embeddable":true,"href":"https:\/\/eltrabajo.cl\/portal\/wp-json\/wp\/v2\/comments?post=66981"}],"version-history":[{"count":0,"href":"https:\/\/eltrabajo.cl\/portal\/wp-json\/wp\/v2\/posts\/66981\/revisions"}],"wp:featuredmedia":[{"embeddable":true,"href":"https:\/\/eltrabajo.cl\/portal\/wp-json\/wp\/v2\/media\/66982"}],"wp:attachment":[{"href":"https:\/\/eltrabajo.cl\/portal\/wp-json\/wp\/v2\/media?parent=66981"}],"wp:term":[{"taxonomy":"category","embeddable":true,"href":"https:\/\/eltrabajo.cl\/portal\/wp-json\/wp\/v2\/categories?post=66981"},{"taxonomy":"post_tag","embeddable":true,"href":"https:\/\/eltrabajo.cl\/portal\/wp-json\/wp\/v2\/tags?post=66981"}],"curies":[{"name":"wp","href":"https:\/\/api.w.org\/{rel}","templated":true}]}}