{"id":66985,"date":"2016-02-19T09:58:15","date_gmt":"2016-02-19T12:58:15","guid":{"rendered":"http:\/\/www.eltrabajo.cl\/portal\/?p=66985"},"modified":"2016-02-19T09:58:15","modified_gmt":"2016-02-19T12:58:15","slug":"todo-listo-para-que-arranque-la-primera-fiesta-de-la-cerveza-en-aconcagua","status":"publish","type":"post","link":"https:\/\/eltrabajo.cl\/portal\/todo-listo-para-que-arranque-la-primera-fiesta-de-la-cerveza-en-aconcagua\/","title":{"rendered":"Todo listo para que arranque la primera Fiesta de la Cerveza en Aconcagua"},"content":{"rendered":"<figure id=\"attachment_66986\" aria-describedby=\"caption-attachment-66986\" style=\"width: 300px\" class=\"wp-caption alignleft\"><img data-recalc-dims=\"1\" loading=\"lazy\" decoding=\"async\" class=\"wp-image-66986 size-medium\" src=\"https:\/\/i0.wp.com\/www.eltrabajo.cl\/portal\/wp-content\/uploads\/2016\/02\/Cerveza1-300x198.jpg?resize=300%2C198\" alt=\"EL GRAN DESAF\u00cdO.- Los d\u00edas 27 y 28 de febrero se realizar\u00e1 en Restaurante La Ruca, la primera versi\u00f3n de Fiesta de la Cerveza 2016, en Bucalemu.\" width=\"300\" height=\"198\" srcset=\"https:\/\/i0.wp.com\/eltrabajo.cl\/portal\/wp-content\/uploads\/2016\/02\/Cerveza1.jpg?resize=300%2C198&amp;ssl=1 300w, https:\/\/i0.wp.com\/eltrabajo.cl\/portal\/wp-content\/uploads\/2016\/02\/Cerveza1.jpg?resize=200%2C132&amp;ssl=1 200w, https:\/\/i0.wp.com\/eltrabajo.cl\/portal\/wp-content\/uploads\/2016\/02\/Cerveza1.jpg?resize=227%2C150&amp;ssl=1 227w, https:\/\/i0.wp.com\/eltrabajo.cl\/portal\/wp-content\/uploads\/2016\/02\/Cerveza1.jpg?resize=400%2C264&amp;ssl=1 400w, https:\/\/i0.wp.com\/eltrabajo.cl\/portal\/wp-content\/uploads\/2016\/02\/Cerveza1.jpg?w=530&amp;ssl=1 530w\" sizes=\"auto, (max-width: 300px) 100vw, 300px\" \/><figcaption id=\"caption-attachment-66986\" class=\"wp-caption-text\">EL GRAN DESAF\u00cdO.- Los d\u00edas 27 y 28 de febrero se realizar\u00e1 en Restaurante La Ruca, la primera versi\u00f3n de Fiesta de la Cerveza 2016, en Bucalemu.<\/figcaption><\/figure>\n<p>Una nueva propuesta en materia de turismo y diversi\u00f3n familiar es la que Restaurante La Ruca de Bucalemu, anunci\u00f3 la ma\u00f1ana de ayer jueves de cara a la primera versi\u00f3n de lo que ser\u00e1 la Fiesta de la Cerveza 2016, que se realizar\u00e1 los d\u00edas 27 y 28 de febrero en este prestigioso centro tur\u00edstico de nuestra comuna.<\/p>\n<p><strong>EL ESPALDARAZO<\/strong><br \/>\nEl anuncio lo hizo el propio gerente del restaurante, don Ricardo Figueroa, quien recibi\u00f3 tambi\u00e9n un espaldarazo municipal, ya que el alcalde Patricio Freire y el concejal Dante Rodr\u00edguez estuvieron en la conferencia de prensa que inici\u00f3 el propio Figueroa.<br \/>\n\u00abLa invitaci\u00f3n es con copia para todos los aconcag\u00fcinos, para que disfruten de esta primera Fiesta de la Cerveza 2016, estamos regaloneando a nuestros clientes regulares, esperamos que disfruten de la parrilla art\u00edstica que estaremos ofreciendo en esos dos d\u00edas, tendremos Rock Latino; el Ballet Municipal de San Felipe; al Pato Yag\u00e1n; Juan Pablo Mira; Wayra\u2019s Andina; Magia Negra; Los Caporales; Grupo Chirimoya alegre; Pancho del sur; y el cierre con La Sonora Palacios Jr.\u00bb, inform\u00f3 a Diario El Trabajo el empresario.<br \/>\nSeg\u00fan se inform\u00f3, habr\u00e1 servicio de seguridad privada y hay capacidad para m\u00e1s de 2.000 personas en el complejo tur\u00edstico, el precio es de $5.000 con derecho a Shop; menores de doce a\u00f1os no pagan entrada y para adultos mayores s\u00f3lo pagar\u00e1n la mitad.<br \/>\nEl alcalde Patricio Freire fue caluroso y efusivo en su apreciaci\u00f3n sobre esta particular actividad.<br \/>\n\u00abUna iniciativa como esta, que fomenta el turismo para Aconcagua, es algo que nos llena de orgullo, nos alegra que esta Fiesta de la Cerveza sea un \u00e9xito total, hemos visto a la Familia Figueroa trabajando por d\u00e9cadas por el turismo de la regi\u00f3n, y por eso como Municipio estamos apoyando esta actividad\u00bb, coment\u00f3 Freire.<\/p>\n<p><strong>MUCHA CERVEZA<\/strong><br \/>\nPor su parte Mariano Cerda, productor del evento, coment\u00f3 que \u00abson muchos tipos de cerveza los que se podr\u00e1n degustar los visitantes, cerveza rubia, negra, morena y amarga, s\u00f3lo habr\u00e1 cervezas nacionales, con cervezas de Aconcagua y de Santiago, hay que recordar que tenemos seguridad privada y un reinado de belleza, para elegir a nuestra Reina de la Cerveza, habr\u00e1 tambi\u00e9n danzas caporales y hasta juegos para los ni\u00f1os, para que la actividad sea una aut\u00e9ntica Fiesta de la Cerveza\u00bb. El animador oficial de la Fiesta de la Cerveza 2016 ser\u00e1n Mari Almazabar el s\u00e1bado y \u2018T\u00edo Ricky\u2019 el domingo.<br \/>\n<strong>Roberto Gonz\u00e1lez Short<\/strong><br \/>\n<strong>rgonzalez@eltrabajo.cl<\/strong><\/p>\n<div class=\"tiled-gallery type-rectangular tiled-gallery-unresized\" data-original-width=\"640\" data-carousel-extra='null' itemscope itemtype=\"http:\/\/schema.org\/ImageGallery\" > <div class=\"gallery-row\" style=\"width: 640px; height: 213px;\" data-original-width=\"640\" data-original-height=\"213\" > <div class=\"gallery-group images-1\" style=\"width: 320px; height: 213px;\" data-original-width=\"320\" data-original-height=\"213\" > <div class=\"tiled-gallery-item tiled-gallery-item-large\" itemprop=\"associatedMedia\" itemscope itemtype=\"http:\/\/schema.org\/ImageObject\"> <a href=\"https:\/\/eltrabajo.cl\/portal\/todo-listo-para-que-arranque-la-primera-fiesta-de-la-cerveza-en-aconcagua\/punto1-2\/\" border=\"0\" itemprop=\"url\"> <meta itemprop=\"width\" content=\"316\"> <meta itemprop=\"height\" content=\"209\"> <img decoding=\"async\" class=\"\" data-attachment-id=\"66988\" data-orig-file=\"https:\/\/eltrabajo.cl\/portal\/wp-content\/uploads\/2016\/02\/Punto1.jpg\" data-orig-size=\"530,350\" data-comments-opened=\"1\" data-image-meta=\"{&quot;aperture&quot;:&quot;0&quot;,&quot;credit&quot;:&quot;&quot;,&quot;camera&quot;:&quot;&quot;,&quot;caption&quot;:&quot;&quot;,&quot;created_timestamp&quot;:&quot;0&quot;,&quot;copyright&quot;:&quot;&quot;,&quot;focal_length&quot;:&quot;0&quot;,&quot;iso&quot;:&quot;0&quot;,&quot;shutter_speed&quot;:&quot;0&quot;,&quot;title&quot;:&quot;&quot;,&quot;orientation&quot;:&quot;0&quot;}\" data-image-title=\"Punto1\" data-image-description=\"&lt;p&gt;LA FIGURA.- Ricardo Figueroa fue asediado por los medios regionales, para conocer los detalles de esta Fiesta de la Cerveza.&lt;\/p&gt; \" data-medium-file=\"https:\/\/i0.wp.com\/eltrabajo.cl\/portal\/wp-content\/uploads\/2016\/02\/Punto1.jpg?fit=300%2C198&#038;ssl=1\" data-large-file=\"https:\/\/i0.wp.com\/eltrabajo.cl\/portal\/wp-content\/uploads\/2016\/02\/Punto1.jpg?fit=530%2C350&#038;ssl=1\" src=\"https:\/\/i0.wp.com\/eltrabajo.cl\/portal\/wp-content\/uploads\/2016\/02\/Punto1.jpg?w=316&#038;h=209&#038;ssl=1\" srcset=\"https:\/\/i0.wp.com\/eltrabajo.cl\/portal\/wp-content\/uploads\/2016\/02\/Punto1.jpg?w=530&amp;ssl=1 530w, https:\/\/i0.wp.com\/eltrabajo.cl\/portal\/wp-content\/uploads\/2016\/02\/Punto1.jpg?resize=200%2C132&amp;ssl=1 200w, https:\/\/i0.wp.com\/eltrabajo.cl\/portal\/wp-content\/uploads\/2016\/02\/Punto1.jpg?resize=300%2C198&amp;ssl=1 300w, https:\/\/i0.wp.com\/eltrabajo.cl\/portal\/wp-content\/uploads\/2016\/02\/Punto1.jpg?resize=227%2C150&amp;ssl=1 227w, https:\/\/i0.wp.com\/eltrabajo.cl\/portal\/wp-content\/uploads\/2016\/02\/Punto1.jpg?resize=400%2C264&amp;ssl=1 400w\" width=\"316\" height=\"209\" loading=\"lazy\" data-original-width=\"316\" data-original-height=\"209\" itemprop=\"http:\/\/schema.org\/image\" title=\"Punto1\" alt=\"LA FIGURA.- Ricardo Figueroa fue asediado por los medios regionales, para conocer los detalles de esta Fiesta de la Cerveza.\" style=\"width: 316px; height: 209px;\" \/> <\/a> <div class=\"tiled-gallery-caption\" itemprop=\"caption description\"> LA FIGURA.- Ricardo Figueroa fue asediado por los medios regionales, para conocer los detalles de esta Fiesta de la Cerveza. <\/div> <\/div> <\/div> <!-- close group --> <div class=\"gallery-group images-1\" style=\"width: 320px; height: 213px;\" data-original-width=\"320\" data-original-height=\"213\" > <div class=\"tiled-gallery-item tiled-gallery-item-large\" itemprop=\"associatedMedia\" itemscope itemtype=\"http:\/\/schema.org\/ImageObject\"> <a href=\"https:\/\/eltrabajo.cl\/portal\/todo-listo-para-que-arranque-la-primera-fiesta-de-la-cerveza-en-aconcagua\/cerda33\/\" border=\"0\" itemprop=\"url\"> <meta itemprop=\"width\" content=\"316\"> <meta itemprop=\"height\" content=\"209\"> <img decoding=\"async\" class=\"\" data-attachment-id=\"66987\" data-orig-file=\"https:\/\/eltrabajo.cl\/portal\/wp-content\/uploads\/2016\/02\/Cerda33.jpg\" data-orig-size=\"530,350\" data-comments-opened=\"1\" data-image-meta=\"{&quot;aperture&quot;:&quot;0&quot;,&quot;credit&quot;:&quot;&quot;,&quot;camera&quot;:&quot;&quot;,&quot;caption&quot;:&quot;&quot;,&quot;created_timestamp&quot;:&quot;0&quot;,&quot;copyright&quot;:&quot;&quot;,&quot;focal_length&quot;:&quot;0&quot;,&quot;iso&quot;:&quot;0&quot;,&quot;shutter_speed&quot;:&quot;0&quot;,&quot;title&quot;:&quot;&quot;,&quot;orientation&quot;:&quot;0&quot;}\" data-image-title=\"Cerda33\" data-image-description=\"&lt;p&gt;Mariano Cerda, productor del evento.&lt;\/p&gt; \" data-medium-file=\"https:\/\/i0.wp.com\/eltrabajo.cl\/portal\/wp-content\/uploads\/2016\/02\/Cerda33.jpg?fit=300%2C198&#038;ssl=1\" data-large-file=\"https:\/\/i0.wp.com\/eltrabajo.cl\/portal\/wp-content\/uploads\/2016\/02\/Cerda33.jpg?fit=530%2C350&#038;ssl=1\" src=\"https:\/\/i0.wp.com\/eltrabajo.cl\/portal\/wp-content\/uploads\/2016\/02\/Cerda33.jpg?w=316&#038;h=209&#038;ssl=1\" srcset=\"https:\/\/i0.wp.com\/eltrabajo.cl\/portal\/wp-content\/uploads\/2016\/02\/Cerda33.jpg?w=530&amp;ssl=1 530w, https:\/\/i0.wp.com\/eltrabajo.cl\/portal\/wp-content\/uploads\/2016\/02\/Cerda33.jpg?resize=200%2C132&amp;ssl=1 200w, https:\/\/i0.wp.com\/eltrabajo.cl\/portal\/wp-content\/uploads\/2016\/02\/Cerda33.jpg?resize=300%2C198&amp;ssl=1 300w, https:\/\/i0.wp.com\/eltrabajo.cl\/portal\/wp-content\/uploads\/2016\/02\/Cerda33.jpg?resize=227%2C150&amp;ssl=1 227w, https:\/\/i0.wp.com\/eltrabajo.cl\/portal\/wp-content\/uploads\/2016\/02\/Cerda33.jpg?resize=400%2C264&amp;ssl=1 400w\" width=\"316\" height=\"209\" loading=\"lazy\" data-original-width=\"316\" data-original-height=\"209\" itemprop=\"http:\/\/schema.org\/image\" title=\"Cerda33\" alt=\"Mariano Cerda, productor del evento.\" style=\"width: 316px; height: 209px;\" \/> <\/a> <div class=\"tiled-gallery-caption\" itemprop=\"caption description\"> Mariano Cerda, productor del evento. <\/div> <\/div> <\/div> <!-- close group --> <\/div> <!-- close row --> <\/div>\n","protected":false},"excerpt":{"rendered":"<p>Una nueva propuesta en materia de turismo y diversi\u00f3n familiar es la que Restaurante La Ruca de Bucalemu, anunci\u00f3 la ma\u00f1ana de ayer jueves de cara a la primera versi\u00f3n de lo&#8230;<\/p>\n","protected":false},"author":482,"featured_media":66986,"comment_status":"open","ping_status":"open","sticky":false,"template":"","format":"standard","meta":{"advanced_seo_description":"","jetpack_seo_html_title":"","jetpack_seo_noindex":false,"_jetpack_memberships_contains_paid_content":false,"footnotes":""},"categories":[15],"tags":[],"class_list":["post-66985","post","type-post","status-publish","format-standard","has-post-thumbnail","hentry","category-comunidad"],"jetpack_featured_media_url":"https:\/\/i0.wp.com\/eltrabajo.cl\/portal\/wp-content\/uploads\/2016\/02\/Cerveza1.jpg?fit=530%2C350&ssl=1","jetpack_sharing_enabled":true,"jetpack_likes_enabled":true,"jetpack-related-posts":[],"_links":{"self":[{"href":"https:\/\/eltrabajo.cl\/portal\/wp-json\/wp\/v2\/posts\/66985","targetHints":{"allow":["GET"]}}],"collection":[{"href":"https:\/\/eltrabajo.cl\/portal\/wp-json\/wp\/v2\/posts"}],"about":[{"href":"https:\/\/eltrabajo.cl\/portal\/wp-json\/wp\/v2\/types\/post"}],"author":[{"embeddable":true,"href":"https:\/\/eltrabajo.cl\/portal\/wp-json\/wp\/v2\/users\/482"}],"replies":[{"embeddable":true,"href":"https:\/\/eltrabajo.cl\/portal\/wp-json\/wp\/v2\/comments?post=66985"}],"version-history":[{"count":0,"href":"https:\/\/eltrabajo.cl\/portal\/wp-json\/wp\/v2\/posts\/66985\/revisions"}],"wp:featuredmedia":[{"embeddable":true,"href":"https:\/\/eltrabajo.cl\/portal\/wp-json\/wp\/v2\/media\/66986"}],"wp:attachment":[{"href":"https:\/\/eltrabajo.cl\/portal\/wp-json\/wp\/v2\/media?parent=66985"}],"wp:term":[{"taxonomy":"category","embeddable":true,"href":"https:\/\/eltrabajo.cl\/portal\/wp-json\/wp\/v2\/categories?post=66985"},{"taxonomy":"post_tag","embeddable":true,"href":"https:\/\/eltrabajo.cl\/portal\/wp-json\/wp\/v2\/tags?post=66985"}],"curies":[{"name":"wp","href":"https:\/\/api.w.org\/{rel}","templated":true}]}}