{"id":66990,"date":"2016-02-19T10:00:26","date_gmt":"2016-02-19T13:00:26","guid":{"rendered":"http:\/\/www.eltrabajo.cl\/portal\/?p=66990"},"modified":"2016-02-19T10:00:26","modified_gmt":"2016-02-19T13:00:26","slug":"totalmente-quemado-resulta-camion-que-volco-en-la-autopista-los-libertadores","status":"publish","type":"post","link":"https:\/\/eltrabajo.cl\/portal\/totalmente-quemado-resulta-camion-que-volco-en-la-autopista-los-libertadores\/","title":{"rendered":"Totalmente quemado resulta cami\u00f3n que volc\u00f3 en la Autopista Los Libertadores"},"content":{"rendered":"<figure id=\"attachment_66991\" aria-describedby=\"caption-attachment-66991\" style=\"width: 300px\" class=\"wp-caption alignleft\"><img data-recalc-dims=\"1\" loading=\"lazy\" decoding=\"async\" class=\"wp-image-66991 size-medium\" src=\"https:\/\/i0.wp.com\/www.eltrabajo.cl\/portal\/wp-content\/uploads\/2016\/02\/ajos-camion5-300x198.jpg?resize=300%2C198\" alt=\"El conductor habr\u00eda volcado al enfrentar una curva, sin embargo, no perdi\u00f3 la carga producto del incendio.\" width=\"300\" height=\"198\" srcset=\"https:\/\/i0.wp.com\/eltrabajo.cl\/portal\/wp-content\/uploads\/2016\/02\/ajos-camion5.jpg?resize=300%2C198&amp;ssl=1 300w, https:\/\/i0.wp.com\/eltrabajo.cl\/portal\/wp-content\/uploads\/2016\/02\/ajos-camion5.jpg?resize=200%2C132&amp;ssl=1 200w, https:\/\/i0.wp.com\/eltrabajo.cl\/portal\/wp-content\/uploads\/2016\/02\/ajos-camion5.jpg?resize=228%2C150&amp;ssl=1 228w, https:\/\/i0.wp.com\/eltrabajo.cl\/portal\/wp-content\/uploads\/2016\/02\/ajos-camion5.jpg?resize=400%2C263&amp;ssl=1 400w, https:\/\/i0.wp.com\/eltrabajo.cl\/portal\/wp-content\/uploads\/2016\/02\/ajos-camion5.jpg?w=530&amp;ssl=1 530w\" sizes=\"auto, (max-width: 300px) 100vw, 300px\" \/><figcaption id=\"caption-attachment-66991\" class=\"wp-caption-text\">El conductor habr\u00eda volcado al enfrentar una curva, sin embargo, no perdi\u00f3 la carga producto del incendio.<\/figcaption><\/figure>\n<ul>\n<li><strong>Su conductor de nacionalidad Argentina result\u00f3 con lesiones de consideraci\u00f3n al saltar de la cabina.<\/strong><\/li>\n<\/ul>\n<p><strong>LOS ANDES.<\/strong>&#8211; Con lesiones de consideraci\u00f3n result\u00f3 el conductor de un cami\u00f3n de transporte internacional que pasado el mediod\u00eda de este jueves volc\u00f3 y luego se incendi\u00f3 en la autopista Los Andes a la altura del cerro Paidahu\u00e9n.<br \/>\nEl accidente se produjo a la altura de kil\u00f3metro 4,2 de esa ruta e involucr\u00f3 a un cami\u00f3n de la empresa de transportes La Campana cargado con veinte toneladas de ajo que se dirig\u00eda hacia el poniente.<br \/>\nPor causas que son investigadas su conductor de nacionalidad argentina identificado como Armando Fabi\u00e1n Vera, de 40 a\u00f1os, al enfrentar una curva perdi\u00f3 el control y se estrell\u00f3 contra la barreras de contenci\u00f3n, tras lo cual volc\u00f3 y luego se incendi\u00f3.<br \/>\nA ra\u00edz de lo anterior se activaron los protocolos de emergencia acudiendo al lugar unidades de bomberos de Los Andes y San Esteban, personal de la Emergencia de la Autopista, Samu y Carabineros.<br \/>\nEl Comandante del Cuerpo de Bomberos de Los Andes, Jhonny Arriaza, indic\u00f3 que al llegar al lugar constataron que el veh\u00edculo ya se estaba incendiando, \u201cal ver que la carga de fuego era bastante alta se tuvo que solicitar dos camiones cisternas porque la \u00fanica fuente de agua cercana es el r\u00edo y no tenemos acceso a ese lugar\u201d.<br \/>\nEl oficial se\u00f1al\u00f3 que el fuego generado por el incendio del cami\u00f3n tambi\u00e9n alcanz\u00f3 el cerro Paidahu\u00e9n originando un peque\u00f1o incendio de pastizales.<\/p>\n<figure id=\"attachment_66992\" aria-describedby=\"caption-attachment-66992\" style=\"width: 300px\" class=\"wp-caption alignright\"><img data-recalc-dims=\"1\" loading=\"lazy\" decoding=\"async\" class=\"wp-image-66992 size-medium\" src=\"https:\/\/i0.wp.com\/www.eltrabajo.cl\/portal\/wp-content\/uploads\/2016\/02\/ajos-camion7-300x198.jpg?resize=300%2C198\" alt=\"El cami\u00f3n se quem\u00f3 en su totalidad producto del siniestro que se origin\u00f3 posterior al volcamiento.\" width=\"300\" height=\"198\" srcset=\"https:\/\/i0.wp.com\/eltrabajo.cl\/portal\/wp-content\/uploads\/2016\/02\/ajos-camion7.jpg?resize=300%2C198&amp;ssl=1 300w, https:\/\/i0.wp.com\/eltrabajo.cl\/portal\/wp-content\/uploads\/2016\/02\/ajos-camion7.jpg?resize=200%2C132&amp;ssl=1 200w, https:\/\/i0.wp.com\/eltrabajo.cl\/portal\/wp-content\/uploads\/2016\/02\/ajos-camion7.jpg?resize=228%2C150&amp;ssl=1 228w, https:\/\/i0.wp.com\/eltrabajo.cl\/portal\/wp-content\/uploads\/2016\/02\/ajos-camion7.jpg?resize=400%2C263&amp;ssl=1 400w, https:\/\/i0.wp.com\/eltrabajo.cl\/portal\/wp-content\/uploads\/2016\/02\/ajos-camion7.jpg?w=530&amp;ssl=1 530w\" sizes=\"auto, (max-width: 300px) 100vw, 300px\" \/><figcaption id=\"caption-attachment-66992\" class=\"wp-caption-text\">El cami\u00f3n se quem\u00f3 en su totalidad producto del siniestro que se origin\u00f3 posterior al volcamiento.<\/figcaption><\/figure>\n<p>\u201cAfortunadamente el conductor no se encontraba atrapado, de acuerdo a la informaci\u00f3n que manejamos es que el salt\u00f3 del cami\u00f3n y una vez que lleg\u00f3 el Samu lo estabiliz\u00f3 y se lo llev\u00f3 en forma inmediata al servicio de urgencia\u201d, explic\u00f3.<br \/>\nArriaza afirm\u00f3 que si bien el cami\u00f3n se quem\u00f3 en su totalidad, la carga no fue afectada y solo se produjo este siniestro de pastizales.<br \/>\nPor su parte, el Subcomisario de los Servicios de Carabineros, Capit\u00e1n Mauricio Guzm\u00e1n, se\u00f1al\u00f3 que aparentemente por razones mec\u00e1nicas el cami\u00f3n se volc\u00f3 e incendi\u00f3, \u201cpero la carga se desprendi\u00f3 y el conductor del cami\u00f3n fue asistido por personal policial y luego llevado por el Samu hasta un centro asistencial con lesiones aparentemente graves, no obstante que se debe esperar el informe del m\u00e9dico\u201d.<\/p>\n","protected":false},"excerpt":{"rendered":"<p>Su conductor de nacionalidad Argentina result\u00f3 con lesiones de consideraci\u00f3n al saltar de la cabina. LOS ANDES.&#8211; Con lesiones de consideraci\u00f3n result\u00f3 el conductor de un cami\u00f3n de transporte internacional que pasado&#8230;<\/p>\n","protected":false},"author":482,"featured_media":66991,"comment_status":"open","ping_status":"open","sticky":false,"template":"","format":"standard","meta":{"advanced_seo_description":"","jetpack_seo_html_title":"","jetpack_seo_noindex":false,"_jetpack_memberships_contains_paid_content":false,"footnotes":""},"categories":[21],"tags":[],"class_list":["post-66990","post","type-post","status-publish","format-standard","has-post-thumbnail","hentry","category-policial"],"jetpack_featured_media_url":"https:\/\/i0.wp.com\/eltrabajo.cl\/portal\/wp-content\/uploads\/2016\/02\/ajos-camion5.jpg?fit=530%2C349&ssl=1","jetpack_sharing_enabled":true,"jetpack_likes_enabled":true,"jetpack-related-posts":[],"_links":{"self":[{"href":"https:\/\/eltrabajo.cl\/portal\/wp-json\/wp\/v2\/posts\/66990","targetHints":{"allow":["GET"]}}],"collection":[{"href":"https:\/\/eltrabajo.cl\/portal\/wp-json\/wp\/v2\/posts"}],"about":[{"href":"https:\/\/eltrabajo.cl\/portal\/wp-json\/wp\/v2\/types\/post"}],"author":[{"embeddable":true,"href":"https:\/\/eltrabajo.cl\/portal\/wp-json\/wp\/v2\/users\/482"}],"replies":[{"embeddable":true,"href":"https:\/\/eltrabajo.cl\/portal\/wp-json\/wp\/v2\/comments?post=66990"}],"version-history":[{"count":0,"href":"https:\/\/eltrabajo.cl\/portal\/wp-json\/wp\/v2\/posts\/66990\/revisions"}],"wp:featuredmedia":[{"embeddable":true,"href":"https:\/\/eltrabajo.cl\/portal\/wp-json\/wp\/v2\/media\/66991"}],"wp:attachment":[{"href":"https:\/\/eltrabajo.cl\/portal\/wp-json\/wp\/v2\/media?parent=66990"}],"wp:term":[{"taxonomy":"category","embeddable":true,"href":"https:\/\/eltrabajo.cl\/portal\/wp-json\/wp\/v2\/categories?post=66990"},{"taxonomy":"post_tag","embeddable":true,"href":"https:\/\/eltrabajo.cl\/portal\/wp-json\/wp\/v2\/tags?post=66990"}],"curies":[{"name":"wp","href":"https:\/\/api.w.org\/{rel}","templated":true}]}}