{"id":66994,"date":"2016-02-19T10:03:15","date_gmt":"2016-02-19T13:03:15","guid":{"rendered":"http:\/\/www.eltrabajo.cl\/portal\/?p=66994"},"modified":"2016-02-19T10:09:25","modified_gmt":"2016-02-19T13:09:25","slug":"aun-no-hay-pistas-de-sicarios-que-dispararon-contra-joven-pareja-en-el-totoral","status":"publish","type":"post","link":"https:\/\/eltrabajo.cl\/portal\/aun-no-hay-pistas-de-sicarios-que-dispararon-contra-joven-pareja-en-el-totoral\/","title":{"rendered":"A\u00fan no hay pistas de sicarios que dispararon contra joven pareja en El Totoral"},"content":{"rendered":"<figure id=\"attachment_66995\" aria-describedby=\"caption-attachment-66995\" style=\"width: 300px\" class=\"wp-caption alignleft\"><img data-recalc-dims=\"1\" loading=\"lazy\" decoding=\"async\" class=\"wp-image-66995 size-medium\" src=\"https:\/\/i0.wp.com\/www.eltrabajo.cl\/portal\/wp-content\/uploads\/2016\/02\/Comisario-Gino-Gutierrez-300x198.jpg?resize=300%2C198\" alt=\"El Jefe de la Brigada de Homicidios de la PDI de Los Andes, Gino Guti\u00e9rrez.\" width=\"300\" height=\"198\" srcset=\"https:\/\/i0.wp.com\/eltrabajo.cl\/portal\/wp-content\/uploads\/2016\/02\/Comisario-Gino-Gutierrez.jpg?resize=300%2C198&amp;ssl=1 300w, https:\/\/i0.wp.com\/eltrabajo.cl\/portal\/wp-content\/uploads\/2016\/02\/Comisario-Gino-Gutierrez.jpg?resize=200%2C132&amp;ssl=1 200w, https:\/\/i0.wp.com\/eltrabajo.cl\/portal\/wp-content\/uploads\/2016\/02\/Comisario-Gino-Gutierrez.jpg?resize=228%2C150&amp;ssl=1 228w, https:\/\/i0.wp.com\/eltrabajo.cl\/portal\/wp-content\/uploads\/2016\/02\/Comisario-Gino-Gutierrez.jpg?resize=400%2C263&amp;ssl=1 400w, https:\/\/i0.wp.com\/eltrabajo.cl\/portal\/wp-content\/uploads\/2016\/02\/Comisario-Gino-Gutierrez.jpg?w=530&amp;ssl=1 530w\" sizes=\"auto, (max-width: 300px) 100vw, 300px\" \/><figcaption id=\"caption-attachment-66995\" class=\"wp-caption-text\">El Jefe de la Brigada de Homicidios de la PDI de Los Andes, Gino Guti\u00e9rrez.<\/figcaption><\/figure>\n<ul>\n<li><strong>Primeros antecedentes dan cuenta que los delincuentes actuaron encapuchados, quienes dispararon a matar en contra de las v\u00edctimas, no descart\u00e1ndose un presunto ajuste de cuentas vinculado a las drogas. La pareja se encuentra estable en la UCI del Hospital San Camilo.<\/strong><\/li>\n<\/ul>\n<p>Estables dentro de su gravedad se encuentran internados en la Unidad de Cuidados Intensivos del Hospital San Camilo de San Felipe, Samuel Rebolledo Guerrero de 34 a\u00f1os de edad y su pareja Katherine Cruz Figueroa de 35, quienes este mi\u00e9rcoles fueron heridos a bala a quemarropa por parte de dos desconocidos. Hasta el momento la PDI no ha logrado individualizarlos.<br \/>\nTal como lo inform\u00e1ramos en nuestra edici\u00f3n de Diario El Trabajo de ayer jueves, los temerarios hechos ocurrieron cerca de las 14:00 horas del mi\u00e9rcoles al interior de un departamento ubicado en el tercer piso de la villa El Totoral por la avenida Santa Teresa de San Felipe.<br \/>\nSeg\u00fan las primeras informaciones emanadas por fuentes de Carabineros, los funcionarios concurrieron en forma inmediata al sitio del suceso, encontrando a ambas v\u00edctimas heridas gravemente. Los afectados habr\u00edan se\u00f1alado escuetamente entre el dolor que sufr\u00edan, la irrupci\u00f3n de dos encapuchados quienes les habr\u00edan exigido dinero o joyas.<br \/>\nAl no concretarse esta petici\u00f3n, los delincuentes dispararon a sangre fr\u00eda contra Samuel y Katherine a la altura del t\u00f3rax. En esos momentos el matrimonio se habr\u00eda encontrado en el departamento junto a dos de sus tres hijos, de cinco y un a\u00f1o y medio; segundos m\u00e1s tarde, estos sujetos escaparon del lugar aparentemente a bordo de un autom\u00f3vil que los esperaba en las afueras del block de la villa El Totoral.<\/p>\n<figure id=\"attachment_66996\" aria-describedby=\"caption-attachment-66996\" style=\"width: 300px\" class=\"wp-caption alignright\"><img data-recalc-dims=\"1\" loading=\"lazy\" decoding=\"async\" class=\"wp-image-66996 size-medium\" src=\"https:\/\/i0.wp.com\/www.eltrabajo.cl\/portal\/wp-content\/uploads\/2016\/02\/sitio-del-suceso-300x198.jpg?resize=300%2C198\" alt=\"El brutal ataque ocurri\u00f3 en el tercer piso de un block perteneciente a la villa El Totoral de San Felipe, la tarde de este mi\u00e9rcoles.\" width=\"300\" height=\"198\" srcset=\"https:\/\/i0.wp.com\/eltrabajo.cl\/portal\/wp-content\/uploads\/2016\/02\/sitio-del-suceso.jpg?resize=300%2C198&amp;ssl=1 300w, https:\/\/i0.wp.com\/eltrabajo.cl\/portal\/wp-content\/uploads\/2016\/02\/sitio-del-suceso.jpg?resize=200%2C132&amp;ssl=1 200w, https:\/\/i0.wp.com\/eltrabajo.cl\/portal\/wp-content\/uploads\/2016\/02\/sitio-del-suceso.jpg?resize=227%2C150&amp;ssl=1 227w, https:\/\/i0.wp.com\/eltrabajo.cl\/portal\/wp-content\/uploads\/2016\/02\/sitio-del-suceso.jpg?resize=400%2C264&amp;ssl=1 400w, https:\/\/i0.wp.com\/eltrabajo.cl\/portal\/wp-content\/uploads\/2016\/02\/sitio-del-suceso.jpg?w=530&amp;ssl=1 530w\" sizes=\"auto, (max-width: 300px) 100vw, 300px\" \/><figcaption id=\"caption-attachment-66996\" class=\"wp-caption-text\">El brutal ataque ocurri\u00f3 en el tercer piso de un block perteneciente a la villa El Totoral de San Felipe, la tarde de este mi\u00e9rcoles.<\/figcaption><\/figure>\n<p>Ante los impactos bal\u00edsticos percutados en el lugar, vecinos conmocionados y temerosos comenzaron a socorrer a las v\u00edctimas, requiriendo la presencia de Carabineros y personal del Samu que traslad\u00f3 a la pareja. Samuel directamente a pabell\u00f3n para ser intervenido quir\u00fargicamente, y Katherine al servicio de urgencias para ser estabilizada de la herida a bala.<br \/>\nCarabineros inform\u00f3 los hechos al Fiscal de turno, quien se constituy\u00f3 junto al Fiscal Jefe del Ministerio P\u00fablico de San Felipe, Eduardo Fajardo De La Cuba, para ordenar las diligencias a los peritos de la Brigada de Homicidios de la Polic\u00eda de Investigaciones de Los Andes que actualmente maneja el caso.<br \/>\nLos efectivos policiales iniciaron los primeros procedimientos al interior del departamento recogiendo evidencias como casquillos de balas y levantamiento de huellas para la confecci\u00f3n del informe respectivo solicitado por la Fiscal\u00eda. Seg\u00fan se pudo conocer, al interior del inmueble de la pareja afectada se encontr\u00f3 un cultivo \u2018in door\u2019 de cannabis sativa.<\/p>\n<p><strong>PISTOLEROS PR\u00d3FUGOS<\/strong><br \/>\nHasta el d\u00eda de ayer jueves, la polic\u00eda a\u00fan no hab\u00eda determinado qui\u00e9nes fueron los responsables de este temerario ataque en contra de esta pareja, sin embargo establecieron como primera hip\u00f3tesis un presunto ajuste de cuentas que podr\u00eda estar ligado a las drogas.<br \/>\nDebido a la complejidad en el estado de salud de las v\u00edctimas, los efectivos policiales no han podido interrogar a la pareja para que entreguen m\u00e1s antecedentes que permitan armar el puzzle policial de este brutal crimen.<br \/>\nEl Jefe de la Brigada de Homicidios de la Polic\u00eda de Investigaciones de Los Andes, Comisario Gino Guti\u00e9rrez, afirm\u00f3 a Diario El Trabajo que la polic\u00eda a\u00fan se encuentra en etapa investigativa de la causa, por lo que hizo un llamado a la comunidad a proporcionar a nivel 134 cualquier pista referida a la individualizaci\u00f3n de estos sujetos.<br \/>\n\u201cConforme a los hechos que hemos investigado, ingresan unos sujetos armados al inmueble y dentro de \u00e9l ejecutan una serie de disparos caus\u00e1ndole lesiones a la pareja, debiendo ser trasladadas hasta un centro asistencial donde permanecen con diagn\u00f3stico reservado. Estamos en etapa investigativa, creemos que un grupo de sujetos ingresa al inmueble de manera violenta y comienzan a disparar en el interior; ser\u00eda un ajuste de cuentas\u201d.<br \/>\n<strong>&#8211; Seg\u00fan trascendi\u00f3, hab\u00edan menores de edad durante el ataque.<\/strong><br \/>\n<strong>&#8211;<\/strong> La pareja tiene tres hijos, uno de 18 a\u00f1os, otro de 5 y beb\u00e9 de un a\u00f1o y fracci\u00f3n; el mayor no se encontraba en el lugar. No tenemos certeza porque no hemos podido entrevistarnos con los afectados debido a que se encuentran internados.<br \/>\n<strong>&#8211; \u00bfA\u00fan no hay individualizaci\u00f3n de estos sujetos?<\/strong><br \/>\n<strong>&#8211;<\/strong> Estamos trabajando en ello, hemos avanzado con las diligencias. Por intermedio de los medios de prensa hacemos un llamado a la comunidad a entregar cualquier informaci\u00f3n an\u00f3nima a nivel 134, en relaci\u00f3n alg\u00fan testimonio que permita esclarecer los hechos.<br \/>\n<strong>&#8211; \u00bfLos vecinos han prestado alg\u00fan tipo de colaboraci\u00f3n?<\/strong><br \/>\n<strong>&#8211;<\/strong> Los vecinos han sido reticentes, no han manifestado represalias, pero s\u00ed las dejen entrever.<br \/>\n<strong>&#8211; \u00bfExistir\u00eda alguna vinculaci\u00f3n por drogas en este ajuste de cuentas?<\/strong><br \/>\n<strong>&#8211;<\/strong> No lo descartamos absolutamente.<\/p>\n<p><strong>PARTE M\u00c9DICO<\/strong><br \/>\nEl \u00faltimo parte m\u00e9dico emitido desde el Hospital San Camilo de San Felipe, se\u00f1ala que Samuel Rebolledo Guerrero y Katherine Cruz Figueroa, ingresaron heridos con arma de fuego a las 14:30 del mi\u00e9rcoles. En el caso del primero de los nombrados, fue derivado directamente a pabell\u00f3n para ser intervenido quir\u00fargicamente con \u00e9xito. En tanto la mujer afectada, fue atendida por los m\u00e9dicos, siendo estabilizada en el Servicio de Urgencias. Ambos se encuentran estables dentro de su gravedad en la Unidad de Cuidados Intensivos, a la espera de evolucionar positivamente en su estado de salud.<br \/>\n<strong>Pablo Salinas Sald\u00edas<\/strong><\/p>\n","protected":false},"excerpt":{"rendered":"<p>Primeros antecedentes dan cuenta que los delincuentes actuaron encapuchados, quienes dispararon a matar en contra de las v\u00edctimas, no descart\u00e1ndose un presunto ajuste de cuentas vinculado a las drogas. La pareja se&#8230;<\/p>\n","protected":false},"author":482,"featured_media":66995,"comment_status":"open","ping_status":"open","sticky":false,"template":"","format":"standard","meta":{"advanced_seo_description":"","jetpack_seo_html_title":"","jetpack_seo_noindex":false,"_jetpack_memberships_contains_paid_content":false,"footnotes":""},"categories":[21],"tags":[],"class_list":["post-66994","post","type-post","status-publish","format-standard","has-post-thumbnail","hentry","category-policial"],"jetpack_featured_media_url":"https:\/\/i0.wp.com\/eltrabajo.cl\/portal\/wp-content\/uploads\/2016\/02\/Comisario-Gino-Gutierrez.jpg?fit=530%2C349&ssl=1","jetpack_sharing_enabled":true,"jetpack_likes_enabled":true,"jetpack-related-posts":[],"_links":{"self":[{"href":"https:\/\/eltrabajo.cl\/portal\/wp-json\/wp\/v2\/posts\/66994","targetHints":{"allow":["GET"]}}],"collection":[{"href":"https:\/\/eltrabajo.cl\/portal\/wp-json\/wp\/v2\/posts"}],"about":[{"href":"https:\/\/eltrabajo.cl\/portal\/wp-json\/wp\/v2\/types\/post"}],"author":[{"embeddable":true,"href":"https:\/\/eltrabajo.cl\/portal\/wp-json\/wp\/v2\/users\/482"}],"replies":[{"embeddable":true,"href":"https:\/\/eltrabajo.cl\/portal\/wp-json\/wp\/v2\/comments?post=66994"}],"version-history":[{"count":0,"href":"https:\/\/eltrabajo.cl\/portal\/wp-json\/wp\/v2\/posts\/66994\/revisions"}],"wp:featuredmedia":[{"embeddable":true,"href":"https:\/\/eltrabajo.cl\/portal\/wp-json\/wp\/v2\/media\/66995"}],"wp:attachment":[{"href":"https:\/\/eltrabajo.cl\/portal\/wp-json\/wp\/v2\/media?parent=66994"}],"wp:term":[{"taxonomy":"category","embeddable":true,"href":"https:\/\/eltrabajo.cl\/portal\/wp-json\/wp\/v2\/categories?post=66994"},{"taxonomy":"post_tag","embeddable":true,"href":"https:\/\/eltrabajo.cl\/portal\/wp-json\/wp\/v2\/tags?post=66994"}],"curies":[{"name":"wp","href":"https:\/\/api.w.org\/{rel}","templated":true}]}}