{"id":66998,"date":"2016-02-22T08:49:07","date_gmt":"2016-02-22T11:49:07","guid":{"rendered":"http:\/\/www.eltrabajo.cl\/portal\/?p=66998"},"modified":"2016-02-22T08:49:07","modified_gmt":"2016-02-22T11:49:07","slug":"autoridad-sanitaria-comienza-fiscalizacion-en-establecimientos-educacionales","status":"publish","type":"post","link":"https:\/\/eltrabajo.cl\/portal\/autoridad-sanitaria-comienza-fiscalizacion-en-establecimientos-educacionales\/","title":{"rendered":"Autoridad sanitaria comienza fiscalizaci\u00f3n en establecimientos educacionales"},"content":{"rendered":"<figure id=\"attachment_66999\" aria-describedby=\"caption-attachment-66999\" style=\"width: 300px\" class=\"wp-caption alignleft\"><a href=\"http:\/\/www.eltrabajo.cl\/portal\/autoridad-sanitaria-comienza-fiscalizacion-en-establecimientos-educacionales\/mario-mendez-jefe-oficina-provincial-seremi-de-salud-san-felipe-3\/\" rel=\"attachment wp-att-66999\"><img data-recalc-dims=\"1\" loading=\"lazy\" decoding=\"async\" class=\"size-medium wp-image-66999\" src=\"https:\/\/i0.wp.com\/www.eltrabajo.cl\/portal\/wp-content\/uploads\/2016\/02\/Mario-Mendez-Jefe-Oficina-Provincial-SEREMI-de-Salud-San-Felipe-300x198.jpg?resize=300%2C198\" alt=\"Mario M\u00e9ndez, Jefe Oficina Provincial Seremi de Salud de la Autoridad Sanitaria.\" width=\"300\" height=\"198\" srcset=\"https:\/\/i0.wp.com\/eltrabajo.cl\/portal\/wp-content\/uploads\/2016\/02\/Mario-Mendez-Jefe-Oficina-Provincial-SEREMI-de-Salud-San-Felipe.jpg?resize=300%2C198&amp;ssl=1 300w, https:\/\/i0.wp.com\/eltrabajo.cl\/portal\/wp-content\/uploads\/2016\/02\/Mario-Mendez-Jefe-Oficina-Provincial-SEREMI-de-Salud-San-Felipe.jpg?resize=200%2C132&amp;ssl=1 200w, https:\/\/i0.wp.com\/eltrabajo.cl\/portal\/wp-content\/uploads\/2016\/02\/Mario-Mendez-Jefe-Oficina-Provincial-SEREMI-de-Salud-San-Felipe.jpg?resize=228%2C150&amp;ssl=1 228w, https:\/\/i0.wp.com\/eltrabajo.cl\/portal\/wp-content\/uploads\/2016\/02\/Mario-Mendez-Jefe-Oficina-Provincial-SEREMI-de-Salud-San-Felipe.jpg?resize=400%2C263&amp;ssl=1 400w, https:\/\/i0.wp.com\/eltrabajo.cl\/portal\/wp-content\/uploads\/2016\/02\/Mario-Mendez-Jefe-Oficina-Provincial-SEREMI-de-Salud-San-Felipe.jpg?w=530&amp;ssl=1 530w\" sizes=\"auto, (max-width: 300px) 100vw, 300px\" \/><\/a><figcaption id=\"caption-attachment-66999\" class=\"wp-caption-text\">Mario M\u00e9ndez, Jefe Oficina Provincial Seremi de Salud de la Autoridad Sanitaria.<\/figcaption><\/figure>\n<p>Colegios deben contar con la infraestructura y condiciones higi\u00e9nicas necesarias en las dependencias destinadas a la alimentaci\u00f3n de alumnos y trabajadores.<br \/>\nA pocos d\u00edas del regreso masivo de alumnos a clases en el Valle de Aconcagua, una labor relevante cumple la autoridad sanitaria durante el per\u00edodo previo al inicio del a\u00f1o escolar, en materia de fiscalizaciones de las condiciones higi\u00e9nicas que deben presentar los establecimientos educacionales para recibir a sus ni\u00f1os y adolescentes.<br \/>\nEl Jefe de la Oficina provincial de la Seremi de Salud San Felipe, Dr. Mario M\u00e9ndez, se refiri\u00f3 a las exigencias que se realizan desde el \u00e1mbito sanitario a los distintos colegios y manifest\u00f3 que \u201ca nosotros nos interesa principalmente que tengan la autorizaci\u00f3n sanitaria al d\u00eda, las condiciones de infraestructura y seguridad se encuentren en buen estado y por otro lado, respecto de aquellos establecimientos que otorgan alimentaci\u00f3n ya sea en kioscos o casinos que puedan funcionar al interior, est\u00e9n en condiciones y con la autorizaci\u00f3n sanitaria especial para efectos de elaborar, manipular y entregar este servicio a los alumnos y trabajadores de los establecimientos educacionales\u201d, sostuvo.<br \/>\nM\u00e9ndez asever\u00f3 adem\u00e1s que, producto del brote de meningitis viral que se produjo durante el segundo semestre en la zona, y que afect\u00f3 mayoritariamente al sector secundario, gran parte de esta labor fiscalizadora ya se encuentra adelantada, con la elaboraci\u00f3n de actas informativas que les permiten un reconocimiento m\u00e1s simple de los establecimientos que presentan problemas y son precisamente esos los que durante los pr\u00f3ximos d\u00edas ser\u00e1n sujetos de nuevas fiscalizaciones sanitarias.<br \/>\nRespecto de algunos utensilios de higiene, cuya presencia resulta indispensable en cada uno de los establecimientos, p\u00fablicos, subvencionados o privados, el facultativo hizo menci\u00f3n a un reglamento que el Ministerio de Salud exige y enfatiz\u00f3 que \u201ctodos los equipos y utensilios en los servicios higi\u00e9nicos de los colegios deben estar limpios y los usuarios -alumnos en este caso- deben disponer de dos elementos important\u00edsimos como lo son el jab\u00f3n l\u00edquido y la toalla de papel para poder secarse y, por supuesto, el papel higi\u00e9nico correspondiente\u201d, dijo.<br \/>\nEn relaci\u00f3n con la disposici\u00f3n de estos productos, M\u00e9ndez afirm\u00f3 que es muy com\u00fan que los administradores se quejen de la poca durabilidad de estos elementos, producto de la mala utilizaci\u00f3n que hacen los estudiantes de ellos, hecho que no sirve como fundamento para justificar su ausencia ya que \u201cdeben buscar una f\u00f3rmula de mejor administraci\u00f3n, como por ejemplo, hemos recomendado que sean distribuidos a cada sala de clases y que durante los recreos se solicite una cantidad, es decir, se deben buscar los mecanismo necesarios para que permanentemente exista jab\u00f3n y papel higi\u00e9nico en los ba\u00f1os de los colegios porque es algo muy necesario\u201d, puntualiz\u00f3.<br \/>\n\u201cEs bueno que los administradores, del sector p\u00fablico o privado, est\u00e9n preparados y en condiciones para recibir estas visitas que tienen el objeto de que los colegios est\u00e9n aptos para recibir a los alumnos en este inicio de clases 2016\u201d, expres\u00f3 el profesional.<\/p>\n","protected":false},"excerpt":{"rendered":"<p>Colegios deben contar con la infraestructura y condiciones higi\u00e9nicas necesarias en las dependencias destinadas a la alimentaci\u00f3n de alumnos y trabajadores. A pocos d\u00edas del regreso masivo de alumnos a clases en&#8230;<\/p>\n","protected":false},"author":1,"featured_media":66999,"comment_status":"open","ping_status":"open","sticky":false,"template":"","format":"standard","meta":{"advanced_seo_description":"","jetpack_seo_html_title":"","jetpack_seo_noindex":false,"_jetpack_memberships_contains_paid_content":false,"footnotes":""},"categories":[1],"tags":[],"class_list":["post-66998","post","type-post","status-publish","format-standard","has-post-thumbnail","hentry","category-cronica"],"jetpack_featured_media_url":"https:\/\/i0.wp.com\/eltrabajo.cl\/portal\/wp-content\/uploads\/2016\/02\/Mario-Mendez-Jefe-Oficina-Provincial-SEREMI-de-Salud-San-Felipe.jpg?fit=530%2C349&ssl=1","jetpack_sharing_enabled":true,"jetpack_likes_enabled":true,"jetpack-related-posts":[],"_links":{"self":[{"href":"https:\/\/eltrabajo.cl\/portal\/wp-json\/wp\/v2\/posts\/66998","targetHints":{"allow":["GET"]}}],"collection":[{"href":"https:\/\/eltrabajo.cl\/portal\/wp-json\/wp\/v2\/posts"}],"about":[{"href":"https:\/\/eltrabajo.cl\/portal\/wp-json\/wp\/v2\/types\/post"}],"author":[{"embeddable":true,"href":"https:\/\/eltrabajo.cl\/portal\/wp-json\/wp\/v2\/users\/1"}],"replies":[{"embeddable":true,"href":"https:\/\/eltrabajo.cl\/portal\/wp-json\/wp\/v2\/comments?post=66998"}],"version-history":[{"count":0,"href":"https:\/\/eltrabajo.cl\/portal\/wp-json\/wp\/v2\/posts\/66998\/revisions"}],"wp:featuredmedia":[{"embeddable":true,"href":"https:\/\/eltrabajo.cl\/portal\/wp-json\/wp\/v2\/media\/66999"}],"wp:attachment":[{"href":"https:\/\/eltrabajo.cl\/portal\/wp-json\/wp\/v2\/media?parent=66998"}],"wp:term":[{"taxonomy":"category","embeddable":true,"href":"https:\/\/eltrabajo.cl\/portal\/wp-json\/wp\/v2\/categories?post=66998"},{"taxonomy":"post_tag","embeddable":true,"href":"https:\/\/eltrabajo.cl\/portal\/wp-json\/wp\/v2\/tags?post=66998"}],"curies":[{"name":"wp","href":"https:\/\/api.w.org\/{rel}","templated":true}]}}