{"id":67002,"date":"2016-02-22T08:54:04","date_gmt":"2016-02-22T11:54:04","guid":{"rendered":"http:\/\/www.eltrabajo.cl\/portal\/?p=67002"},"modified":"2016-02-22T08:54:44","modified_gmt":"2016-02-22T11:54:44","slug":"en-emotiva-ceremonia-certifican-a-cien-alumnos-en-cursos-capaz","status":"publish","type":"post","link":"https:\/\/eltrabajo.cl\/portal\/en-emotiva-ceremonia-certifican-a-cien-alumnos-en-cursos-capaz\/","title":{"rendered":"En emotiva ceremonia certifican a cien alumnos en cursos +Capaz"},"content":{"rendered":"<figure id=\"attachment_67003\" aria-describedby=\"caption-attachment-67003\" style=\"width: 530px\" class=\"wp-caption alignleft\"><a href=\"http:\/\/www.eltrabajo.cl\/portal\/en-emotiva-ceremonia-certifican-a-cien-alumnos-en-cursos-capaz\/mas-capaz-2016\/\" rel=\"attachment wp-att-67003\"><img data-recalc-dims=\"1\" loading=\"lazy\" decoding=\"async\" class=\"size-full wp-image-67003\" src=\"https:\/\/i0.wp.com\/www.eltrabajo.cl\/portal\/wp-content\/uploads\/2016\/02\/Mas-capaz-2016.jpg?resize=530%2C349\" alt=\"En una emotiva ceremonia, fueron titulados cien estudiantes que participaron de los cursos de +Capaz de Sence en la provincia de Los Andes.\" width=\"530\" height=\"349\" srcset=\"https:\/\/i0.wp.com\/eltrabajo.cl\/portal\/wp-content\/uploads\/2016\/02\/Mas-capaz-2016.jpg?w=530&amp;ssl=1 530w, https:\/\/i0.wp.com\/eltrabajo.cl\/portal\/wp-content\/uploads\/2016\/02\/Mas-capaz-2016.jpg?resize=200%2C132&amp;ssl=1 200w, https:\/\/i0.wp.com\/eltrabajo.cl\/portal\/wp-content\/uploads\/2016\/02\/Mas-capaz-2016.jpg?resize=300%2C198&amp;ssl=1 300w, https:\/\/i0.wp.com\/eltrabajo.cl\/portal\/wp-content\/uploads\/2016\/02\/Mas-capaz-2016.jpg?resize=228%2C150&amp;ssl=1 228w, https:\/\/i0.wp.com\/eltrabajo.cl\/portal\/wp-content\/uploads\/2016\/02\/Mas-capaz-2016.jpg?resize=400%2C263&amp;ssl=1 400w\" sizes=\"auto, (max-width: 530px) 100vw, 530px\" \/><\/a><figcaption id=\"caption-attachment-67003\" class=\"wp-caption-text\">En una emotiva ceremonia, fueron titulados cien estudiantes que participaron de los cursos de +Capaz de Sence en la provincia de Los Andes.<\/figcaption><\/figure>\n<p><strong>LOS ANDES.<\/strong>&#8211; A esta ceremonia asisti\u00f3 la Gobernadora Provincial de Los Andes, Mar\u00eda Victoria Rodr\u00edguez, un total de 100 alumnos tuvieron la oportunidad de terminar sus estudios gracias a este programa que contempla a la capacitaci\u00f3n en distintas \u00e1reas para luego acceder a una continuidad de estudios en la Universidad Aconcagua.<br \/>\nPor su parte la Gobernadora Provincial de Los Andes se\u00f1alo, \u201cel programa +Capaz es un programa estrella del gobierno de Michelle Bachelet, apunta a los sectores de mayor vulnerabilidad, es un programa que busca capacitar para obtener un oficio. Existen m\u00e1s cursos complementarios para seguir capacit\u00e1ndose hasta llegar a un titulo t\u00e9cnico gracias al convenio con la Universidad Aconcagua\u201d.<br \/>\nCabe destacar que el programa tiene como eje central capacitar a la poblaci\u00f3n en diferentes \u00e1reas, que actualmente presentan un crecimiento econ\u00f3mico. Adem\u00e1s, permite capacitar a la poblaci\u00f3n m\u00e1s vulnerable para que pueda acceder a una carrera t\u00e9cnica, con aportes de Sence e impulsado por el gobierno de Michelle Bachelet.<\/p>\n","protected":false},"excerpt":{"rendered":"<p>LOS ANDES.&#8211; A esta ceremonia asisti\u00f3 la Gobernadora Provincial de Los Andes, Mar\u00eda Victoria Rodr\u00edguez, un total de 100 alumnos tuvieron la oportunidad de terminar sus estudios gracias a este programa que&#8230;<\/p>\n","protected":false},"author":1,"featured_media":67003,"comment_status":"open","ping_status":"open","sticky":false,"template":"","format":"standard","meta":{"advanced_seo_description":"","jetpack_seo_html_title":"","jetpack_seo_noindex":false,"_jetpack_memberships_contains_paid_content":false,"footnotes":""},"categories":[15],"tags":[],"class_list":["post-67002","post","type-post","status-publish","format-standard","has-post-thumbnail","hentry","category-comunidad"],"jetpack_featured_media_url":"https:\/\/i0.wp.com\/eltrabajo.cl\/portal\/wp-content\/uploads\/2016\/02\/Mas-capaz-2016.jpg?fit=530%2C349&ssl=1","jetpack_sharing_enabled":true,"jetpack_likes_enabled":true,"jetpack-related-posts":[],"_links":{"self":[{"href":"https:\/\/eltrabajo.cl\/portal\/wp-json\/wp\/v2\/posts\/67002","targetHints":{"allow":["GET"]}}],"collection":[{"href":"https:\/\/eltrabajo.cl\/portal\/wp-json\/wp\/v2\/posts"}],"about":[{"href":"https:\/\/eltrabajo.cl\/portal\/wp-json\/wp\/v2\/types\/post"}],"author":[{"embeddable":true,"href":"https:\/\/eltrabajo.cl\/portal\/wp-json\/wp\/v2\/users\/1"}],"replies":[{"embeddable":true,"href":"https:\/\/eltrabajo.cl\/portal\/wp-json\/wp\/v2\/comments?post=67002"}],"version-history":[{"count":0,"href":"https:\/\/eltrabajo.cl\/portal\/wp-json\/wp\/v2\/posts\/67002\/revisions"}],"wp:featuredmedia":[{"embeddable":true,"href":"https:\/\/eltrabajo.cl\/portal\/wp-json\/wp\/v2\/media\/67003"}],"wp:attachment":[{"href":"https:\/\/eltrabajo.cl\/portal\/wp-json\/wp\/v2\/media?parent=67002"}],"wp:term":[{"taxonomy":"category","embeddable":true,"href":"https:\/\/eltrabajo.cl\/portal\/wp-json\/wp\/v2\/categories?post=67002"},{"taxonomy":"post_tag","embeddable":true,"href":"https:\/\/eltrabajo.cl\/portal\/wp-json\/wp\/v2\/tags?post=67002"}],"curies":[{"name":"wp","href":"https:\/\/api.w.org\/{rel}","templated":true}]}}