{"id":67007,"date":"2016-02-22T08:57:07","date_gmt":"2016-02-22T11:57:07","guid":{"rendered":"http:\/\/www.eltrabajo.cl\/portal\/?p=67007"},"modified":"2016-02-22T08:58:06","modified_gmt":"2016-02-22T11:58:06","slug":"lanzan-fondo-concursable-para-el-fomento-de-la-pequena-mineria","status":"publish","type":"post","link":"https:\/\/eltrabajo.cl\/portal\/lanzan-fondo-concursable-para-el-fomento-de-la-pequena-mineria\/","title":{"rendered":"Lanzan fondo concursable para el fomento de la peque\u00f1a miner\u00eda"},"content":{"rendered":"<figure id=\"attachment_67008\" aria-describedby=\"caption-attachment-67008\" style=\"width: 530px\" class=\"wp-caption alignleft\"><a href=\"http:\/\/www.eltrabajo.cl\/portal\/lanzan-fondo-concursable-para-el-fomento-de-la-pequena-mineria\/lanzamiento-apoyo-pequenos-mineros\/\" rel=\"attachment wp-att-67008\"><img data-recalc-dims=\"1\" loading=\"lazy\" decoding=\"async\" class=\"size-full wp-image-67008\" src=\"https:\/\/i0.wp.com\/www.eltrabajo.cl\/portal\/wp-content\/uploads\/2016\/02\/Lanzamiento-apoyo-pequenos-mineros.jpg?resize=530%2C349\" alt=\"Diversas autoridades se reunieron para lanzar los fondos concursables destinados a apoyar desarrollo de peque\u00f1os mineros.\" width=\"530\" height=\"349\" srcset=\"https:\/\/i0.wp.com\/eltrabajo.cl\/portal\/wp-content\/uploads\/2016\/02\/Lanzamiento-apoyo-pequenos-mineros.jpg?w=530&amp;ssl=1 530w, https:\/\/i0.wp.com\/eltrabajo.cl\/portal\/wp-content\/uploads\/2016\/02\/Lanzamiento-apoyo-pequenos-mineros.jpg?resize=200%2C132&amp;ssl=1 200w, https:\/\/i0.wp.com\/eltrabajo.cl\/portal\/wp-content\/uploads\/2016\/02\/Lanzamiento-apoyo-pequenos-mineros.jpg?resize=300%2C198&amp;ssl=1 300w, https:\/\/i0.wp.com\/eltrabajo.cl\/portal\/wp-content\/uploads\/2016\/02\/Lanzamiento-apoyo-pequenos-mineros.jpg?resize=228%2C150&amp;ssl=1 228w, https:\/\/i0.wp.com\/eltrabajo.cl\/portal\/wp-content\/uploads\/2016\/02\/Lanzamiento-apoyo-pequenos-mineros.jpg?resize=400%2C263&amp;ssl=1 400w\" sizes=\"auto, (max-width: 530px) 100vw, 530px\" \/><\/a><figcaption id=\"caption-attachment-67008\" class=\"wp-caption-text\">Diversas autoridades se reunieron para lanzar los fondos concursables destinados a apoyar desarrollo de peque\u00f1os mineros.<\/figcaption><\/figure>\n<p><strong>A este concurso puede optar individualmente cada faena minera por un m\u00e1ximo de 5 millones de pesos y va a estar abierto hasta el d\u00eda 7 de marzo del presente a\u00f1o.<\/strong><br \/>\nAutoridades regionales presentaron el fondo concursable de convocatoria regional que va en directa ayuda a los productores de la peque\u00f1a miner\u00eda de la regi\u00f3n de Valpara\u00edso, para su etapa inicial. Instrumento que busca fomentar y estimular la peque\u00f1a miner\u00eda en todas aquellas personas que tengan su faena minera regularizada con el Proyecto de Explotaci\u00f3n y Cierre aprobado, y que no se encuentren trabajando por falta de recursos.<br \/>\nEste fondo aportar\u00e1 un monto de hasta cinco millones para adquisici\u00f3n de equipamiento, equipos o herramientas que sirvan para dar inicio a las labores mineras, o a su continuidad.<br \/>\nEst\u00e1 dirigido a peque\u00f1os mineros que se encuentren, de preferencia, con su proyecto de Explotaci\u00f3n y Cierre aprobado por Sernageomin, que tributen en Primera Categor\u00eda ante el Servicio de Impuestos Internos y que sus faenas mineras se encuentren en la regi\u00f3n de Valpara\u00edso.<br \/>\nEl Seremi de Miner\u00eda, Alonso Retamales, agreg\u00f3 que \u201cHoy d\u00eda producto de la baja del cobre son muchas las faenas que han suspendido sus actividades y tambi\u00e9n hay algunas que han logrado sus certificaci\u00f3n ante Sernageomin, y que por no tener capital de inicio no empiezan a trabajar. Este concurso tiene un marco general de 200 millones de pesos, al cual puede optar individualmente cada faena minera por un m\u00e1ximo de 5 millones de pesos, va a estar abierto hasta el d\u00eda 7 de marzo del presente a\u00f1o. As\u00ed es que llamamos a todos los mineros que tengan su faena aprobada por Sernageomin a postular a este programa, para eso, pueden acercarse a la Seremi de Miner\u00eda como asimismo a nuestras oficinas de atenci\u00f3n de p\u00fablico en Petorca y Cabildo.<br \/>\nSabemos que los peque\u00f1os productores esperan con ansias este tipo de se\u00f1ales de parte del ministerio, lo que es una muy buena se\u00f1al ya que ellos aprovechan estas instancias que generamos como Gobierno\u201d, finaliz\u00f3 Retamales.<br \/>\nPor su parte, el Gobernador Provincial de San Felipe, Eduardo Le\u00f3n, manifest\u00f3 \u00abCon esto se da continuidad al trabajo hecho por el Gobierno Regional con los peque\u00f1os mineros de nuestra regi\u00f3n, especialmente con los mineros de las provincias de San Felipe y Petorca, en ese sentido agradecemos al Consejo Regional y al Intendente Aldoney. Hay que recordar que despu\u00e9s del accidente de los 33 aumentaron las condiciones de seguridad para los trabajadores, en ese sentido este programa viene a fortalecer a nuestros mineros que han tenido una relaci\u00f3n hist\u00f3rica en nuestro entorno, es por eso nosotros vamos a apoyar por un lado al Seremi de Miner\u00eda y tambi\u00e9n a nuestros mineros porque queremos que les vaya bien\u00bb.<br \/>\nAl respecto el intendente de Valpara\u00edso, Gabriel Aldoney, se\u00f1al\u00f3 \u00abUn programa de esta naturaleza, que es innovador en el pa\u00eds, tiende a generar condiciones para que peque\u00f1os mineros puedan solventar inversiones que les permitan mantenerse en el tiempo, sobretodo en este momento en que tenemos dificultades con el precio del Cobre. Con este programa se conjuga el inter\u00e9s econ\u00f3mico, cultural y social de la regi\u00f3n, y eso es lo que estamos haciendo con este programa que va a destinar m\u00e1s de 200 millones de pesos para apoyar faenas en la regi\u00f3n\u00bb.<br \/>\nEl periodo de postulaci\u00f3n comenz\u00f3 el lunes 08 de febrero y se extender\u00e1 hasta el lunes 07 de marzo a las 12.00 hrs.<br \/>\nLas postulaciones ser\u00e1n recibidas en las oficinas de la Seremi de Miner\u00eda, ubicada en avenida Yungay 236, comuna de San Felipe en horario de 8:30 a 13:00 horas.<br \/>\nLas postulaciones deben ser individuales y, por lo tanto, la Seremi de Miner\u00eda aceptar\u00e1 como m\u00e1ximo una postulaci\u00f3n por persona natural.<\/p>\n","protected":false},"excerpt":{"rendered":"<p>A este concurso puede optar individualmente cada faena minera por un m\u00e1ximo de 5 millones de pesos y va a estar abierto hasta el d\u00eda 7 de marzo del presente a\u00f1o. Autoridades&#8230;<\/p>\n","protected":false},"author":1,"featured_media":67008,"comment_status":"open","ping_status":"open","sticky":false,"template":"","format":"standard","meta":{"advanced_seo_description":"","jetpack_seo_html_title":"","jetpack_seo_noindex":false,"_jetpack_memberships_contains_paid_content":false,"footnotes":""},"categories":[1],"tags":[],"class_list":["post-67007","post","type-post","status-publish","format-standard","has-post-thumbnail","hentry","category-cronica"],"jetpack_featured_media_url":"https:\/\/i0.wp.com\/eltrabajo.cl\/portal\/wp-content\/uploads\/2016\/02\/Lanzamiento-apoyo-pequenos-mineros.jpg?fit=530%2C349&ssl=1","jetpack_sharing_enabled":true,"jetpack_likes_enabled":true,"jetpack-related-posts":[],"_links":{"self":[{"href":"https:\/\/eltrabajo.cl\/portal\/wp-json\/wp\/v2\/posts\/67007","targetHints":{"allow":["GET"]}}],"collection":[{"href":"https:\/\/eltrabajo.cl\/portal\/wp-json\/wp\/v2\/posts"}],"about":[{"href":"https:\/\/eltrabajo.cl\/portal\/wp-json\/wp\/v2\/types\/post"}],"author":[{"embeddable":true,"href":"https:\/\/eltrabajo.cl\/portal\/wp-json\/wp\/v2\/users\/1"}],"replies":[{"embeddable":true,"href":"https:\/\/eltrabajo.cl\/portal\/wp-json\/wp\/v2\/comments?post=67007"}],"version-history":[{"count":0,"href":"https:\/\/eltrabajo.cl\/portal\/wp-json\/wp\/v2\/posts\/67007\/revisions"}],"wp:featuredmedia":[{"embeddable":true,"href":"https:\/\/eltrabajo.cl\/portal\/wp-json\/wp\/v2\/media\/67008"}],"wp:attachment":[{"href":"https:\/\/eltrabajo.cl\/portal\/wp-json\/wp\/v2\/media?parent=67007"}],"wp:term":[{"taxonomy":"category","embeddable":true,"href":"https:\/\/eltrabajo.cl\/portal\/wp-json\/wp\/v2\/categories?post=67007"},{"taxonomy":"post_tag","embeddable":true,"href":"https:\/\/eltrabajo.cl\/portal\/wp-json\/wp\/v2\/tags?post=67007"}],"curies":[{"name":"wp","href":"https:\/\/api.w.org\/{rel}","templated":true}]}}