{"id":67012,"date":"2016-02-22T09:00:41","date_gmt":"2016-02-22T12:00:41","guid":{"rendered":"http:\/\/www.eltrabajo.cl\/portal\/?p=67012"},"modified":"2016-02-22T09:00:41","modified_gmt":"2016-02-22T12:00:41","slug":"piden-agilizar-proyecto-de-iluminacion-para-el-camino-internacional","status":"publish","type":"post","link":"https:\/\/eltrabajo.cl\/portal\/piden-agilizar-proyecto-de-iluminacion-para-el-camino-internacional\/","title":{"rendered":"Piden agilizar proyecto de iluminaci\u00f3n para el camino internacional"},"content":{"rendered":"<figure id=\"attachment_67013\" aria-describedby=\"caption-attachment-67013\" style=\"width: 530px\" class=\"wp-caption alignleft\"><a href=\"http:\/\/www.eltrabajo.cl\/portal\/piden-agilizar-proyecto-de-iluminacion-para-el-camino-internacional\/luminaria-camino-internacional\/\" rel=\"attachment wp-att-67013\"><img data-recalc-dims=\"1\" loading=\"lazy\" decoding=\"async\" class=\"size-full wp-image-67013\" src=\"https:\/\/i0.wp.com\/www.eltrabajo.cl\/portal\/wp-content\/uploads\/2016\/02\/Luminaria-Camino-Internacional.jpg?resize=530%2C349\" alt=\"Vecinos del camino internacional solicitan a las autoridades agilizar la presentaci\u00f3n del proyecto de iluminaci\u00f3n para evitar m\u00e1s muertes en el sector.\" width=\"530\" height=\"349\" srcset=\"https:\/\/i0.wp.com\/eltrabajo.cl\/portal\/wp-content\/uploads\/2016\/02\/Luminaria-Camino-Internacional.jpg?w=530&amp;ssl=1 530w, https:\/\/i0.wp.com\/eltrabajo.cl\/portal\/wp-content\/uploads\/2016\/02\/Luminaria-Camino-Internacional.jpg?resize=200%2C132&amp;ssl=1 200w, https:\/\/i0.wp.com\/eltrabajo.cl\/portal\/wp-content\/uploads\/2016\/02\/Luminaria-Camino-Internacional.jpg?resize=300%2C198&amp;ssl=1 300w, https:\/\/i0.wp.com\/eltrabajo.cl\/portal\/wp-content\/uploads\/2016\/02\/Luminaria-Camino-Internacional.jpg?resize=228%2C150&amp;ssl=1 228w, https:\/\/i0.wp.com\/eltrabajo.cl\/portal\/wp-content\/uploads\/2016\/02\/Luminaria-Camino-Internacional.jpg?resize=400%2C263&amp;ssl=1 400w\" sizes=\"auto, (max-width: 530px) 100vw, 530px\" \/><\/a><figcaption id=\"caption-attachment-67013\" class=\"wp-caption-text\">Vecinos del camino internacional solicitan a las autoridades agilizar la presentaci\u00f3n del proyecto de iluminaci\u00f3n para evitar m\u00e1s muertes en el sector.<\/figcaption><\/figure>\n<p><strong>LOS ANDES<\/strong>.- El Presidente de la mesa por el mejoramiento del Camino Internacional, Manuel Arredondo, dijo que est\u00e1n solicitando una reuni\u00f3n urgente con el alcalde Mauricio Navarro y la Directora de la Serplac del municipio andino, a fin de agilizar el proyecto de instalaci\u00f3n de luminarias en los sectores m\u00e1s poblados de la ruta.<br \/>\nEllo a ra\u00edz de la muerte de un vecino del sector ocurrido la semana pasada, que si bien fue por un tema de enfermedad, de todas formas sirvi\u00f3 para sacar al tapete p\u00fablico este problema que ya ha sido planteado en reiteradas ocasiones a las autoridades.<br \/>\n\u201cLa soluci\u00f3n pasa porque la municipalidad presente este proyecto, pero despu\u00e9s de la muerte de nuestro vecino hicimos un an\u00e1lisis donde todos creemos que si hubiese habido iluminaci\u00f3n en ese sector, cuando le vino el ataque pudo haber sido encontrado antes y brindado los primeros auxilios o haberlo visto y como se colocaron las barreras de hormig\u00f3n no se ve hacia abajo\u201d, expuso el dirigente.<br \/>\nInsisti\u00f3 en que necesitan con urgencia una soluci\u00f3n por parte de las autoridades, no solo para los vecinos del sector, sino que para todos quienes circulan por esta ruta, \u201cy creemos que la respuesta tiene que llegar lo antes posible\u201d.<br \/>\nArredondo expres\u00f3 que no quieren m\u00e1s esperas en estos temas o de lo contrario volver\u00e1n a movilizarse y tomarse el camino a partir del segundo semestre de este a\u00f1o.<br \/>\n\u201cLos vecinos est\u00e1n molestos porque en ese sector han fallecido tres personas, entonces amerita una soluci\u00f3n r\u00e1pida y concreta\u201d, concluy\u00f3 el dirigente.<\/p>\n","protected":false},"excerpt":{"rendered":"<p>LOS ANDES.- El Presidente de la mesa por el mejoramiento del Camino Internacional, Manuel Arredondo, dijo que est\u00e1n solicitando una reuni\u00f3n urgente con el alcalde Mauricio Navarro y la Directora de la&#8230;<\/p>\n","protected":false},"author":1,"featured_media":67013,"comment_status":"open","ping_status":"open","sticky":false,"template":"","format":"standard","meta":{"advanced_seo_description":"","jetpack_seo_html_title":"","jetpack_seo_noindex":false,"_jetpack_memberships_contains_paid_content":false,"footnotes":""},"categories":[15],"tags":[],"class_list":["post-67012","post","type-post","status-publish","format-standard","has-post-thumbnail","hentry","category-comunidad"],"jetpack_featured_media_url":"https:\/\/i0.wp.com\/eltrabajo.cl\/portal\/wp-content\/uploads\/2016\/02\/Luminaria-Camino-Internacional.jpg?fit=530%2C349&ssl=1","jetpack_sharing_enabled":true,"jetpack_likes_enabled":true,"jetpack-related-posts":[],"_links":{"self":[{"href":"https:\/\/eltrabajo.cl\/portal\/wp-json\/wp\/v2\/posts\/67012","targetHints":{"allow":["GET"]}}],"collection":[{"href":"https:\/\/eltrabajo.cl\/portal\/wp-json\/wp\/v2\/posts"}],"about":[{"href":"https:\/\/eltrabajo.cl\/portal\/wp-json\/wp\/v2\/types\/post"}],"author":[{"embeddable":true,"href":"https:\/\/eltrabajo.cl\/portal\/wp-json\/wp\/v2\/users\/1"}],"replies":[{"embeddable":true,"href":"https:\/\/eltrabajo.cl\/portal\/wp-json\/wp\/v2\/comments?post=67012"}],"version-history":[{"count":0,"href":"https:\/\/eltrabajo.cl\/portal\/wp-json\/wp\/v2\/posts\/67012\/revisions"}],"wp:featuredmedia":[{"embeddable":true,"href":"https:\/\/eltrabajo.cl\/portal\/wp-json\/wp\/v2\/media\/67013"}],"wp:attachment":[{"href":"https:\/\/eltrabajo.cl\/portal\/wp-json\/wp\/v2\/media?parent=67012"}],"wp:term":[{"taxonomy":"category","embeddable":true,"href":"https:\/\/eltrabajo.cl\/portal\/wp-json\/wp\/v2\/categories?post=67012"},{"taxonomy":"post_tag","embeddable":true,"href":"https:\/\/eltrabajo.cl\/portal\/wp-json\/wp\/v2\/tags?post=67012"}],"curies":[{"name":"wp","href":"https:\/\/api.w.org\/{rel}","templated":true}]}}