{"id":67024,"date":"2016-02-22T09:08:07","date_gmt":"2016-02-22T12:08:07","guid":{"rendered":"http:\/\/www.eltrabajo.cl\/portal\/?p=67024"},"modified":"2016-02-22T09:08:07","modified_gmt":"2016-02-22T12:08:07","slug":"incendio-en-sector-la-ermita-amenazo-con-propagarse-a-viviendas-y-a-centro-de-eventos","status":"publish","type":"post","link":"https:\/\/eltrabajo.cl\/portal\/incendio-en-sector-la-ermita-amenazo-con-propagarse-a-viviendas-y-a-centro-de-eventos\/","title":{"rendered":"Incendio en sector La Ermita amenaz\u00f3 con propagarse a viviendas y a centro de eventos"},"content":{"rendered":"<figure id=\"attachment_67025\" aria-describedby=\"caption-attachment-67025\" style=\"width: 530px\" class=\"wp-caption alignleft\"><a href=\"http:\/\/www.eltrabajo.cl\/portal\/incendio-en-sector-la-ermita-amenazo-con-propagarse-a-viviendas-y-a-centro-de-eventos\/incendio-la-ermita\/\" rel=\"attachment wp-att-67025\"><img data-recalc-dims=\"1\" loading=\"lazy\" decoding=\"async\" class=\"size-full wp-image-67025\" src=\"https:\/\/i0.wp.com\/www.eltrabajo.cl\/portal\/wp-content\/uploads\/2016\/02\/Incendio-La-Ermita.jpg?resize=530%2C350\" alt=\"Bomberos durante la madrugada del s\u00e1bado, control\u00f3 un incendio forestal que se origin\u00f3 en el sector La Ermita, el que amenazaba con propagarse a diversos sectores.\" width=\"530\" height=\"350\" srcset=\"https:\/\/i0.wp.com\/eltrabajo.cl\/portal\/wp-content\/uploads\/2016\/02\/Incendio-La-Ermita.jpg?w=530&amp;ssl=1 530w, https:\/\/i0.wp.com\/eltrabajo.cl\/portal\/wp-content\/uploads\/2016\/02\/Incendio-La-Ermita.jpg?resize=200%2C132&amp;ssl=1 200w, https:\/\/i0.wp.com\/eltrabajo.cl\/portal\/wp-content\/uploads\/2016\/02\/Incendio-La-Ermita.jpg?resize=300%2C198&amp;ssl=1 300w, https:\/\/i0.wp.com\/eltrabajo.cl\/portal\/wp-content\/uploads\/2016\/02\/Incendio-La-Ermita.jpg?resize=227%2C150&amp;ssl=1 227w, https:\/\/i0.wp.com\/eltrabajo.cl\/portal\/wp-content\/uploads\/2016\/02\/Incendio-La-Ermita.jpg?resize=400%2C264&amp;ssl=1 400w\" sizes=\"auto, (max-width: 530px) 100vw, 530px\" \/><\/a><figcaption id=\"caption-attachment-67025\" class=\"wp-caption-text\">Bomberos durante la madrugada del s\u00e1bado, control\u00f3 un incendio forestal que se origin\u00f3 en el sector La Ermita, el que amenazaba con propagarse a diversos sectores.<\/figcaption><\/figure>\n<p>PUTAENDO.- Un incendio forestal de grandes proporciones fue controlado por Bomberos de la comuna la madrugada del pasado s\u00e1bado, en las proximidades del sector La Ermita, el que amenazaba con propagarse peligrosamente a algunas viviendas y un c\u00e9ntrico sal\u00f3n de eventos.<br \/>\nA eso de las 01:40 horas de este s\u00e1bado comenz\u00f3 repentinamente el siniestro en la ribera del R\u00edo Putaendo en las cercan\u00edas del Centro de Eventos Casa Grande y r\u00e1pidamente el fuego se descontrol\u00f3, alcanzando gran altura y avanzando en varias direcciones, siendo el mayor riesgo que las llamas pudieran llegar hasta el mismo sal\u00f3n de eventos por la gran cantidad de vegetaci\u00f3n que en esos terrenos son ocupados como cierre perimetral. Bomberos de Putaendo despleg\u00f3 cuatro unidades hasta el lugar y varios voluntarios que trabajaron arduamente para poder llegar al lugar del incendio y controlarlo, con el objetivo d evitar que continuara propag\u00e1ndose.<br \/>\nPatricio Gallardo M.<\/p>\n","protected":false},"excerpt":{"rendered":"<p>PUTAENDO.- Un incendio forestal de grandes proporciones fue controlado por Bomberos de la comuna la madrugada del pasado s\u00e1bado, en las proximidades del sector La Ermita, el que amenazaba con propagarse peligrosamente&#8230;<\/p>\n","protected":false},"author":1,"featured_media":67025,"comment_status":"open","ping_status":"open","sticky":false,"template":"","format":"standard","meta":{"advanced_seo_description":"","jetpack_seo_html_title":"","jetpack_seo_noindex":false,"_jetpack_memberships_contains_paid_content":false,"footnotes":""},"categories":[21],"tags":[],"class_list":["post-67024","post","type-post","status-publish","format-standard","has-post-thumbnail","hentry","category-policial"],"jetpack_featured_media_url":"https:\/\/i0.wp.com\/eltrabajo.cl\/portal\/wp-content\/uploads\/2016\/02\/Incendio-La-Ermita.jpg?fit=530%2C350&ssl=1","jetpack_sharing_enabled":true,"jetpack_likes_enabled":true,"jetpack-related-posts":[],"_links":{"self":[{"href":"https:\/\/eltrabajo.cl\/portal\/wp-json\/wp\/v2\/posts\/67024","targetHints":{"allow":["GET"]}}],"collection":[{"href":"https:\/\/eltrabajo.cl\/portal\/wp-json\/wp\/v2\/posts"}],"about":[{"href":"https:\/\/eltrabajo.cl\/portal\/wp-json\/wp\/v2\/types\/post"}],"author":[{"embeddable":true,"href":"https:\/\/eltrabajo.cl\/portal\/wp-json\/wp\/v2\/users\/1"}],"replies":[{"embeddable":true,"href":"https:\/\/eltrabajo.cl\/portal\/wp-json\/wp\/v2\/comments?post=67024"}],"version-history":[{"count":0,"href":"https:\/\/eltrabajo.cl\/portal\/wp-json\/wp\/v2\/posts\/67024\/revisions"}],"wp:featuredmedia":[{"embeddable":true,"href":"https:\/\/eltrabajo.cl\/portal\/wp-json\/wp\/v2\/media\/67025"}],"wp:attachment":[{"href":"https:\/\/eltrabajo.cl\/portal\/wp-json\/wp\/v2\/media?parent=67024"}],"wp:term":[{"taxonomy":"category","embeddable":true,"href":"https:\/\/eltrabajo.cl\/portal\/wp-json\/wp\/v2\/categories?post=67024"},{"taxonomy":"post_tag","embeddable":true,"href":"https:\/\/eltrabajo.cl\/portal\/wp-json\/wp\/v2\/tags?post=67024"}],"curies":[{"name":"wp","href":"https:\/\/api.w.org\/{rel}","templated":true}]}}