{"id":67028,"date":"2016-02-22T09:10:13","date_gmt":"2016-02-22T12:10:13","guid":{"rendered":"http:\/\/www.eltrabajo.cl\/portal\/?p=67028"},"modified":"2016-02-22T09:10:13","modified_gmt":"2016-02-22T12:10:13","slug":"detenido-por-vender-soldadora-robada-a-traves-de-anuncio-en-facebook","status":"publish","type":"post","link":"https:\/\/eltrabajo.cl\/portal\/detenido-por-vender-soldadora-robada-a-traves-de-anuncio-en-facebook\/","title":{"rendered":"Detenido por vender soldadora robada a trav\u00e9s de anuncio en Facebook"},"content":{"rendered":"<figure id=\"attachment_67029\" aria-describedby=\"caption-attachment-67029\" style=\"width: 530px\" class=\"wp-caption alignleft\"><a href=\"http:\/\/www.eltrabajo.cl\/portal\/detenido-por-vender-soldadora-robada-a-traves-de-anuncio-en-facebook\/detenido-receptacion-2\/\" rel=\"attachment wp-att-67029\"><img data-recalc-dims=\"1\" loading=\"lazy\" decoding=\"async\" class=\"size-full wp-image-67029\" src=\"https:\/\/i0.wp.com\/www.eltrabajo.cl\/portal\/wp-content\/uploads\/2016\/02\/DETENIDO-RECEPTACION.jpg?resize=530%2C349\" alt=\"El imputado de 26 a\u00f1os de edad fue sometido a control de detenci\u00f3n este s\u00e1bado en el Juzgado de Garant\u00eda, siendo requerido por la Fiscal\u00eda bajo los cargos de receptaci\u00f3n de especies.\" width=\"530\" height=\"349\" srcset=\"https:\/\/i0.wp.com\/eltrabajo.cl\/portal\/wp-content\/uploads\/2016\/02\/DETENIDO-RECEPTACION.jpg?w=530&amp;ssl=1 530w, https:\/\/i0.wp.com\/eltrabajo.cl\/portal\/wp-content\/uploads\/2016\/02\/DETENIDO-RECEPTACION.jpg?resize=200%2C132&amp;ssl=1 200w, https:\/\/i0.wp.com\/eltrabajo.cl\/portal\/wp-content\/uploads\/2016\/02\/DETENIDO-RECEPTACION.jpg?resize=300%2C198&amp;ssl=1 300w, https:\/\/i0.wp.com\/eltrabajo.cl\/portal\/wp-content\/uploads\/2016\/02\/DETENIDO-RECEPTACION.jpg?resize=228%2C150&amp;ssl=1 228w, https:\/\/i0.wp.com\/eltrabajo.cl\/portal\/wp-content\/uploads\/2016\/02\/DETENIDO-RECEPTACION.jpg?resize=400%2C263&amp;ssl=1 400w\" sizes=\"auto, (max-width: 530px) 100vw, 530px\" \/><\/a><figcaption id=\"caption-attachment-67029\" class=\"wp-caption-text\">El imputado de 26 a\u00f1os de edad fue sometido a control de detenci\u00f3n este s\u00e1bado en el Juzgado de Garant\u00eda, siendo requerido por la Fiscal\u00eda bajo los cargos de receptaci\u00f3n de especies.<\/figcaption><\/figure>\n<p><strong>Sujeto ofrec\u00eda la especie por internet a bajo costo, siendo descubierto por las v\u00edctimas que denunciaron a Carabineros este il\u00edcito, donde se concret\u00f3 su detenci\u00f3n en la villa Santa Teresita de San Felipe.<\/strong><br \/>\nLas redes sociales se han transformado en un trampol\u00edn para concretar compras y ventas de m\u00faltiples especies a bajos precios que son la tentaci\u00f3n de los cibernautas, sin embargo muchas veces no se toma en cuenta la procedencia de estos art\u00edculos ofertados, que en algunas ocasiones son parte de robos u otros delitos, que sujetos inescrupulosos utilizan para la reducci\u00f3n de los productos por parte de incautos.<br \/>\nTal es el caso de un sujeto que fue detenido por Carabineros tras la denuncia de dos v\u00edctimas que descubrieron a trav\u00e9s de la red social Facebook, que una soldadora de su propiedad, robada semanas atr\u00e1s en San Felipe, estaba siendo comercializada en una p\u00e1gina de compra y venta de art\u00edculos.<br \/>\nLa afectada indic\u00f3 a los efectivos policiales que el pasado 10 de enero, su padre hab\u00eda sufrido el robo de una m\u00e1quina de soldar marca Indura avaluada en $300.000 desde el interior de su camioneta. Posteriormente, descubrieron en internet a un individuo que ofertaba la misma especie que se asemejaba a la de su propiedad de acuerdo a la fotograf\u00eda exhibida.<br \/>\nSigilosamente los afectados tomaron contacto con el individuo quien habr\u00eda indicado vender la maquinaria lo m\u00e1s pronto posible, y de estar interesados, se deb\u00edan reunir en la villa Santa Teresita de San Felipe para concretar la venta.<br \/>\nFue as\u00ed que las v\u00edctimas informaron lo sucedido a Carabineros de la Secci\u00f3n de Investigaci\u00f3n Policial SIP, quienes en su compa\u00f1\u00eda se dirigieron hasta el lugar se\u00f1alado por el vendedor. Al momento del encuentro, el sujeto portaba la especie sin pensar que estaba bajo la presencia de Carabineros de civil que observaron el delito de receptaci\u00f3n, tras el reconocimiento indicado por su propietario.<br \/>\nLos efectivos policiales procedieron a la detenci\u00f3n del imputado identificado como Sebasti\u00e1n Adolfo S.F. de 26 a\u00f1os de edad quien fue sometido a control de detenci\u00f3n este s\u00e1bado, en el Juzgado de Garant\u00eda de San Felipe, quedando a la espera de juicio simplificado por el delito de receptaci\u00f3n.<br \/>\n<strong>Pablo Salinas Sald\u00edas<\/strong><\/p>\n","protected":false},"excerpt":{"rendered":"<p>Sujeto ofrec\u00eda la especie por internet a bajo costo, siendo descubierto por las v\u00edctimas que denunciaron a Carabineros este il\u00edcito, donde se concret\u00f3 su detenci\u00f3n en la villa Santa Teresita de San&#8230;<\/p>\n","protected":false},"author":1,"featured_media":67029,"comment_status":"open","ping_status":"open","sticky":false,"template":"","format":"standard","meta":{"advanced_seo_description":"","jetpack_seo_html_title":"","jetpack_seo_noindex":false,"_jetpack_memberships_contains_paid_content":false,"footnotes":""},"categories":[21],"tags":[],"class_list":["post-67028","post","type-post","status-publish","format-standard","has-post-thumbnail","hentry","category-policial"],"jetpack_featured_media_url":"https:\/\/i0.wp.com\/eltrabajo.cl\/portal\/wp-content\/uploads\/2016\/02\/DETENIDO-RECEPTACION.jpg?fit=530%2C349&ssl=1","jetpack_sharing_enabled":true,"jetpack_likes_enabled":true,"jetpack-related-posts":[],"_links":{"self":[{"href":"https:\/\/eltrabajo.cl\/portal\/wp-json\/wp\/v2\/posts\/67028","targetHints":{"allow":["GET"]}}],"collection":[{"href":"https:\/\/eltrabajo.cl\/portal\/wp-json\/wp\/v2\/posts"}],"about":[{"href":"https:\/\/eltrabajo.cl\/portal\/wp-json\/wp\/v2\/types\/post"}],"author":[{"embeddable":true,"href":"https:\/\/eltrabajo.cl\/portal\/wp-json\/wp\/v2\/users\/1"}],"replies":[{"embeddable":true,"href":"https:\/\/eltrabajo.cl\/portal\/wp-json\/wp\/v2\/comments?post=67028"}],"version-history":[{"count":0,"href":"https:\/\/eltrabajo.cl\/portal\/wp-json\/wp\/v2\/posts\/67028\/revisions"}],"wp:featuredmedia":[{"embeddable":true,"href":"https:\/\/eltrabajo.cl\/portal\/wp-json\/wp\/v2\/media\/67029"}],"wp:attachment":[{"href":"https:\/\/eltrabajo.cl\/portal\/wp-json\/wp\/v2\/media?parent=67028"}],"wp:term":[{"taxonomy":"category","embeddable":true,"href":"https:\/\/eltrabajo.cl\/portal\/wp-json\/wp\/v2\/categories?post=67028"},{"taxonomy":"post_tag","embeddable":true,"href":"https:\/\/eltrabajo.cl\/portal\/wp-json\/wp\/v2\/tags?post=67028"}],"curies":[{"name":"wp","href":"https:\/\/api.w.org\/{rel}","templated":true}]}}