{"id":67032,"date":"2016-02-22T09:21:51","date_gmt":"2016-02-22T12:21:51","guid":{"rendered":"http:\/\/www.eltrabajo.cl\/portal\/?p=67032"},"modified":"2016-02-22T09:21:51","modified_gmt":"2016-02-22T12:21:51","slug":"con-bombos-y-platillos-celebraron-los-75-anos-de-tienda-la-chilena","status":"publish","type":"post","link":"https:\/\/eltrabajo.cl\/portal\/con-bombos-y-platillos-celebraron-los-75-anos-de-tienda-la-chilena\/","title":{"rendered":"Con bombos y platillos celebraron los 75 a\u00f1os de Tienda La Chilena"},"content":{"rendered":"<p>El pasado viernes 19 de febrero se cumplieron 75 a\u00f1os de existencia de la prestigiosa Tienda La Chilena de San Felipe. Esta es una empresa nacida en nuestra comuna pero con una historia que empez\u00f3 en Antofagasta, cuando don Jos\u00e9 Fern\u00e1ndez cerr\u00f3 su peque\u00f1a Tienda El Mono, y decidi\u00f3 probar suerte viajando a Los Andes.<br \/>\nRecientemente en Diario El Trabajo publicamos la historia de esta prestigiosa empresa familiar sanfelipe\u00f1a, hoy te mostramos c\u00f3mo celebraron los due\u00f1os, empleados y clientela de La Chilena.<\/p>\n<p><strong>TODOS FELICES<\/strong><br \/>\nA la cita llegaron clientes con m\u00e1s de 50 a\u00f1os de comprar en esa tienda, proveedores y el alcalde Patricio Freire que quiso saludar a las due\u00f1as de La Chilena y a sus empelados.<br \/>\n\u00abEs para nosotros como familia, un honor y una alegr\u00eda inmensa el poder celebrar con nuestros clientes, familiares y amigos, as\u00ed como con nuestras autoridades, estos 75 a\u00f1os de lucha diaria, muchas gracias por la preferencia y fidelidad a nuestra peque\u00f1a empresa\u00bb, coment\u00f3 emocionada la gerente general e hija del fundador de Tienda La Chilena, do\u00f1a Nilda Elia Fern\u00e1ndez Campusano.<br \/>\nPor su parte el alcalde Patricio Freire, coment\u00f3 que \u00abesta es una empresa muy querida por todos en Aconcagua, nuestros padres y abuelos compraron aqu\u00ed, mi mam\u00e1 y yo desde que era chico, es un orgullo para la ciudad contar con una emblem\u00e1tica tienda con la trayectoria de La Chilena\u00bb.<\/p>\n<p><strong>RESE\u00d1A ESPECIAL<\/strong><br \/>\nEl fundador de Tienda La Chilena, don Jos\u00e9 Fern\u00e1ndez, era espa\u00f1ol y naci\u00f3 en la provincia de Asturias, en un lugar llamado Las Caldas de Oviedo, se vino muy joven para Chile, lleg\u00f3 a Antofagasta, ah\u00ed coment\u00f3 a trabajar como socio en Tienda El Mono. Al tiempo quiso probar suerte y se vino para Los Andes.<br \/>\nCuando lleg\u00f3 a Los Andes en 1933, Jos\u00e9 se asoci\u00f3 con el due\u00f1o de Tienda La Sombra, ocho a\u00f1os despu\u00e9s se vino para San Felipe, ah\u00ed compr\u00f3 Tienda La Yapa a don Ibo Mart\u00ednez, que estaba ubicada en donde ahora est\u00e1 la farmacia de don Jaime Amar, la Cruz Verde, entre Prat y Salinas, a los a\u00f1os compr\u00f3 el local del frente, actual Farmacia Ahumada, y as\u00ed \u00e9l se fue cambiando de locales, hasta que lleg\u00f3 finalmente a quedarse en donde estamos ahora, Traslavi\u00f1a 13111-A.<br \/>\nLa due\u00f1a actual es do\u00f1a Nilda Elia Fern\u00e1ndez Campusano, quien se retir\u00f3 a descansar a su casa, ella tiene 89 a\u00f1os. Tienda La Chilena fue fundada el mi\u00e9rcoles 19 de febrero de 1941. La hija de don Jos\u00e9 luego empez\u00f3 a dirigirla desde sus 23 a\u00f1os, a partir de entonces ella estuvo al frente de la tienda. Una de las tradiciones que ella recuerda, es que abuelo compraba todos los meses trece fardos de retazos de tela en F\u00e1brica Yarur, para regalar a la gente, eso era de locos, hasta Carabineros ten\u00eda que poner orden en nuestra tienda.<br \/>\n<strong>Roberto Gonz\u00e1lez Short<\/strong><br \/>\n<strong>rgonzalez@eltrabajo.cl<\/strong><\/p>\n<div class=\"tiled-gallery type-rectangular tiled-gallery-unresized\" data-original-width=\"640\" data-carousel-extra='null' itemscope itemtype=\"http:\/\/schema.org\/ImageGallery\" > <div class=\"gallery-row\" style=\"width: 640px; height: 283px;\" data-original-width=\"640\" data-original-height=\"283\" > <div class=\"gallery-group images-1\" style=\"width: 428px; height: 283px;\" data-original-width=\"428\" data-original-height=\"283\" > <div class=\"tiled-gallery-item tiled-gallery-item-large\" itemprop=\"associatedMedia\" itemscope itemtype=\"http:\/\/schema.org\/ImageObject\"> <a href=\"https:\/\/eltrabajo.cl\/portal\/con-bombos-y-platillos-celebraron-los-75-anos-de-tienda-la-chilena\/carmen-osorio\/\" border=\"0\" itemprop=\"url\"> <meta itemprop=\"width\" content=\"424\"> <meta itemprop=\"height\" content=\"279\"> <img decoding=\"async\" class=\"\" data-attachment-id=\"67033\" data-orig-file=\"https:\/\/eltrabajo.cl\/portal\/wp-content\/uploads\/2016\/02\/Carmen-Osorio.jpg\" data-orig-size=\"530,349\" data-comments-opened=\"1\" data-image-meta=\"{&quot;aperture&quot;:&quot;0&quot;,&quot;credit&quot;:&quot;&quot;,&quot;camera&quot;:&quot;&quot;,&quot;caption&quot;:&quot;&quot;,&quot;created_timestamp&quot;:&quot;0&quot;,&quot;copyright&quot;:&quot;&quot;,&quot;focal_length&quot;:&quot;0&quot;,&quot;iso&quot;:&quot;0&quot;,&quot;shutter_speed&quot;:&quot;0&quot;,&quot;title&quot;:&quot;&quot;,&quot;orientation&quot;:&quot;0&quot;}\" data-image-title=\"CARMEN OSORIO, CLIENTE DESDE HACE 60 A\u00d1OS: \u00abTodo me gusta de esta tienda, desde que era ni\u00f1a que prefiero comprar todo aqu\u00ed\u00bb.\" data-image-description=\"&lt;p&gt;CARMEN OSORIO, CLIENTE DESDE HACE 60 A\u00d1OS: \u00abTodo me gusta de esta tienda, desde que era ni\u00f1a que prefiero comprar todo aqu\u00ed\u00bb.&lt;\/p&gt; \" data-medium-file=\"https:\/\/i0.wp.com\/eltrabajo.cl\/portal\/wp-content\/uploads\/2016\/02\/Carmen-Osorio.jpg?fit=300%2C198&#038;ssl=1\" data-large-file=\"https:\/\/i0.wp.com\/eltrabajo.cl\/portal\/wp-content\/uploads\/2016\/02\/Carmen-Osorio.jpg?fit=530%2C349&#038;ssl=1\" src=\"https:\/\/i0.wp.com\/eltrabajo.cl\/portal\/wp-content\/uploads\/2016\/02\/Carmen-Osorio.jpg?w=424&#038;h=279&#038;ssl=1\" srcset=\"https:\/\/i0.wp.com\/eltrabajo.cl\/portal\/wp-content\/uploads\/2016\/02\/Carmen-Osorio.jpg?w=530&amp;ssl=1 530w, https:\/\/i0.wp.com\/eltrabajo.cl\/portal\/wp-content\/uploads\/2016\/02\/Carmen-Osorio.jpg?resize=200%2C132&amp;ssl=1 200w, https:\/\/i0.wp.com\/eltrabajo.cl\/portal\/wp-content\/uploads\/2016\/02\/Carmen-Osorio.jpg?resize=300%2C198&amp;ssl=1 300w, https:\/\/i0.wp.com\/eltrabajo.cl\/portal\/wp-content\/uploads\/2016\/02\/Carmen-Osorio.jpg?resize=228%2C150&amp;ssl=1 228w, https:\/\/i0.wp.com\/eltrabajo.cl\/portal\/wp-content\/uploads\/2016\/02\/Carmen-Osorio.jpg?resize=400%2C263&amp;ssl=1 400w\" width=\"424\" height=\"279\" loading=\"lazy\" data-original-width=\"424\" data-original-height=\"279\" itemprop=\"http:\/\/schema.org\/image\" title=\"CARMEN OSORIO, CLIENTE DESDE HACE 60 A\u00d1OS: \u00abTodo me gusta de esta tienda, desde que era ni\u00f1a que prefiero comprar todo aqu\u00ed\u00bb.\" alt=\"CARMEN OSORIO, CLIENTE DESDE HACE 60 A\u00d1OS: \u00abTodo me gusta de esta tienda, desde que era ni\u00f1a que prefiero comprar todo aqu\u00ed\u00bb.\" style=\"width: 424px; height: 279px;\" \/> <\/a> <div class=\"tiled-gallery-caption\" itemprop=\"caption description\"> CARMEN OSORIO, CLIENTE DESDE HACE 60 A\u00d1OS: \u00abTodo me gusta de esta tienda, desde que era ni\u00f1a que prefiero comprar todo aqu\u00ed\u00bb. <\/div> <\/div> <\/div> <!-- close group --> <div class=\"gallery-group images-2\" style=\"width: 212px; height: 283px;\" data-original-width=\"212\" data-original-height=\"283\" > <div class=\"tiled-gallery-item tiled-gallery-item-small\" itemprop=\"associatedMedia\" itemscope itemtype=\"http:\/\/schema.org\/ImageObject\"> <a href=\"https:\/\/eltrabajo.cl\/portal\/con-bombos-y-platillos-celebraron-los-75-anos-de-tienda-la-chilena\/chilena1-1\/\" border=\"0\" itemprop=\"url\"> <meta itemprop=\"width\" content=\"208\"> <meta itemprop=\"height\" content=\"137\"> <img decoding=\"async\" class=\"\" data-attachment-id=\"67034\" data-orig-file=\"https:\/\/eltrabajo.cl\/portal\/wp-content\/uploads\/2016\/02\/Chilena1-1.jpg\" data-orig-size=\"530,349\" data-comments-opened=\"1\" data-image-meta=\"{&quot;aperture&quot;:&quot;0&quot;,&quot;credit&quot;:&quot;&quot;,&quot;camera&quot;:&quot;&quot;,&quot;caption&quot;:&quot;&quot;,&quot;created_timestamp&quot;:&quot;0&quot;,&quot;copyright&quot;:&quot;&quot;,&quot;focal_length&quot;:&quot;0&quot;,&quot;iso&quot;:&quot;0&quot;,&quot;shutter_speed&quot;:&quot;0&quot;,&quot;title&quot;:&quot;&quot;,&quot;orientation&quot;:&quot;0&quot;}\" data-image-title=\"USTED YA LOS CONOCE.- Gerencia y personal de Tienda La Chilena de San Felipe, posan para las c\u00e1maras de Diario El Trabajo.\" data-image-description=\"&lt;p&gt;USTED YA LOS CONOCE.- Gerencia y personal de Tienda La Chilena de San Felipe, posan para las c\u00e1maras de Diario El Trabajo.&lt;\/p&gt; \" data-medium-file=\"https:\/\/i0.wp.com\/eltrabajo.cl\/portal\/wp-content\/uploads\/2016\/02\/Chilena1-1.jpg?fit=300%2C198&#038;ssl=1\" data-large-file=\"https:\/\/i0.wp.com\/eltrabajo.cl\/portal\/wp-content\/uploads\/2016\/02\/Chilena1-1.jpg?fit=530%2C349&#038;ssl=1\" src=\"https:\/\/i0.wp.com\/eltrabajo.cl\/portal\/wp-content\/uploads\/2016\/02\/Chilena1-1.jpg?w=208&#038;h=137&#038;ssl=1\" srcset=\"https:\/\/i0.wp.com\/eltrabajo.cl\/portal\/wp-content\/uploads\/2016\/02\/Chilena1-1.jpg?w=530&amp;ssl=1 530w, https:\/\/i0.wp.com\/eltrabajo.cl\/portal\/wp-content\/uploads\/2016\/02\/Chilena1-1.jpg?resize=200%2C132&amp;ssl=1 200w, https:\/\/i0.wp.com\/eltrabajo.cl\/portal\/wp-content\/uploads\/2016\/02\/Chilena1-1.jpg?resize=300%2C198&amp;ssl=1 300w, https:\/\/i0.wp.com\/eltrabajo.cl\/portal\/wp-content\/uploads\/2016\/02\/Chilena1-1.jpg?resize=228%2C150&amp;ssl=1 228w, https:\/\/i0.wp.com\/eltrabajo.cl\/portal\/wp-content\/uploads\/2016\/02\/Chilena1-1.jpg?resize=400%2C263&amp;ssl=1 400w\" width=\"208\" height=\"137\" loading=\"lazy\" data-original-width=\"208\" data-original-height=\"137\" itemprop=\"http:\/\/schema.org\/image\" title=\"USTED YA LOS CONOCE.- Gerencia y personal de Tienda La Chilena de San Felipe, posan para las c\u00e1maras de Diario El Trabajo.\" alt=\"USTED YA LOS CONOCE.- Gerencia y personal de Tienda La Chilena de San Felipe, posan para las c\u00e1maras de Diario El Trabajo.\" style=\"width: 208px; height: 137px;\" \/> <\/a> <div class=\"tiled-gallery-caption\" itemprop=\"caption description\"> USTED YA LOS CONOCE.- Gerencia y personal de Tienda La Chilena de San Felipe, posan para las c\u00e1maras de Diario El Trabajo. <\/div> <\/div> <div class=\"tiled-gallery-item tiled-gallery-item-small\" itemprop=\"associatedMedia\" itemscope itemtype=\"http:\/\/schema.org\/ImageObject\"> <a href=\"https:\/\/eltrabajo.cl\/portal\/con-bombos-y-platillos-celebraron-los-75-anos-de-tienda-la-chilena\/chilena1-2\/\" border=\"0\" itemprop=\"url\"> <meta itemprop=\"width\" content=\"208\"> <meta itemprop=\"height\" content=\"138\"> <img decoding=\"async\" class=\"\" data-attachment-id=\"67035\" data-orig-file=\"https:\/\/eltrabajo.cl\/portal\/wp-content\/uploads\/2016\/02\/Chilena1-2.jpg\" data-orig-size=\"530,350\" data-comments-opened=\"1\" data-image-meta=\"{&quot;aperture&quot;:&quot;0&quot;,&quot;credit&quot;:&quot;&quot;,&quot;camera&quot;:&quot;&quot;,&quot;caption&quot;:&quot;&quot;,&quot;created_timestamp&quot;:&quot;0&quot;,&quot;copyright&quot;:&quot;&quot;,&quot;focal_length&quot;:&quot;0&quot;,&quot;iso&quot;:&quot;0&quot;,&quot;shutter_speed&quot;:&quot;0&quot;,&quot;title&quot;:&quot;&quot;,&quot;orientation&quot;:&quot;0&quot;}\" data-image-title=\"FELIZ CUMPLEA\u00d1OS.- Autoridades, clientes, empleados y gerencia de Tienda La Chilena de San Felipe, celebraron este viernes los 75 a\u00f1os de tan insigne tienda sanfelipe\u00f1a.\" data-image-description=\"&lt;p&gt;FELIZ CUMPLEA\u00d1OS.- Autoridades, clientes, empleados y gerencia de Tienda La Chilena de San Felipe, celebraron este viernes los 75 a\u00f1os de tan insigne tienda sanfelipe\u00f1a.&lt;\/p&gt; \" data-medium-file=\"https:\/\/i0.wp.com\/eltrabajo.cl\/portal\/wp-content\/uploads\/2016\/02\/Chilena1-2.jpg?fit=300%2C198&#038;ssl=1\" data-large-file=\"https:\/\/i0.wp.com\/eltrabajo.cl\/portal\/wp-content\/uploads\/2016\/02\/Chilena1-2.jpg?fit=530%2C350&#038;ssl=1\" src=\"https:\/\/i0.wp.com\/eltrabajo.cl\/portal\/wp-content\/uploads\/2016\/02\/Chilena1-2.jpg?w=208&#038;h=138&#038;ssl=1\" srcset=\"https:\/\/i0.wp.com\/eltrabajo.cl\/portal\/wp-content\/uploads\/2016\/02\/Chilena1-2.jpg?w=530&amp;ssl=1 530w, https:\/\/i0.wp.com\/eltrabajo.cl\/portal\/wp-content\/uploads\/2016\/02\/Chilena1-2.jpg?resize=200%2C132&amp;ssl=1 200w, https:\/\/i0.wp.com\/eltrabajo.cl\/portal\/wp-content\/uploads\/2016\/02\/Chilena1-2.jpg?resize=300%2C198&amp;ssl=1 300w, https:\/\/i0.wp.com\/eltrabajo.cl\/portal\/wp-content\/uploads\/2016\/02\/Chilena1-2.jpg?resize=227%2C150&amp;ssl=1 227w, https:\/\/i0.wp.com\/eltrabajo.cl\/portal\/wp-content\/uploads\/2016\/02\/Chilena1-2.jpg?resize=400%2C264&amp;ssl=1 400w\" width=\"208\" height=\"138\" loading=\"lazy\" data-original-width=\"208\" data-original-height=\"138\" itemprop=\"http:\/\/schema.org\/image\" title=\"FELIZ CUMPLEA\u00d1OS.- Autoridades, clientes, empleados y gerencia de Tienda La Chilena de San Felipe, celebraron este viernes los 75 a\u00f1os de tan insigne tienda sanfelipe\u00f1a.\" alt=\"FELIZ CUMPLEA\u00d1OS.- Autoridades, clientes, empleados y gerencia de Tienda La Chilena de San Felipe, celebraron este viernes los 75 a\u00f1os de tan insigne tienda sanfelipe\u00f1a.\" style=\"width: 208px; height: 138px;\" \/> <\/a> <div class=\"tiled-gallery-caption\" itemprop=\"caption description\"> FELIZ CUMPLEA\u00d1OS.- Autoridades, clientes, empleados y gerencia de Tienda La Chilena de San Felipe, celebraron este viernes los 75 a\u00f1os de tan insigne tienda sanfelipe\u00f1a. <\/div> <\/div> <\/div> <!-- close group --> <\/div> <!-- close row --> <div class=\"gallery-row\" style=\"width: 640px; height: 142px;\" data-original-width=\"640\" data-original-height=\"142\" > <div class=\"gallery-group images-1\" style=\"width: 214px; height: 142px;\" data-original-width=\"214\" data-original-height=\"142\" > <div class=\"tiled-gallery-item tiled-gallery-item-small\" itemprop=\"associatedMedia\" itemscope itemtype=\"http:\/\/schema.org\/ImageObject\"> <a href=\"https:\/\/eltrabajo.cl\/portal\/con-bombos-y-platillos-celebraron-los-75-anos-de-tienda-la-chilena\/chilena2\/\" border=\"0\" itemprop=\"url\"> <meta itemprop=\"width\" content=\"210\"> <meta itemprop=\"height\" content=\"138\"> <img decoding=\"async\" class=\"\" data-attachment-id=\"67036\" data-orig-file=\"https:\/\/eltrabajo.cl\/portal\/wp-content\/uploads\/2016\/02\/Chilena2.jpg\" data-orig-size=\"530,349\" data-comments-opened=\"1\" data-image-meta=\"{&quot;aperture&quot;:&quot;0&quot;,&quot;credit&quot;:&quot;&quot;,&quot;camera&quot;:&quot;&quot;,&quot;caption&quot;:&quot;&quot;,&quot;created_timestamp&quot;:&quot;0&quot;,&quot;copyright&quot;:&quot;&quot;,&quot;focal_length&quot;:&quot;0&quot;,&quot;iso&quot;:&quot;0&quot;,&quot;shutter_speed&quot;:&quot;0&quot;,&quot;title&quot;:&quot;&quot;,&quot;orientation&quot;:&quot;0&quot;}\" data-image-title=\"UN GRAN MOMENTO.- Posan para Diario El Trabajo la due\u00f1a de Tienda La Chilena, do\u00f1a Nilda Elia Fern\u00e1ndez, Nilda Z\u00fa\u00f1iga y el alcalde Freire.\" data-image-description=\"&lt;p&gt;UN GRAN MOMENTO.- Posan para Diario El Trabajo la due\u00f1a de Tienda La Chilena, do\u00f1a Nilda Elia Fern\u00e1ndez, Nilda Z\u00fa\u00f1iga y el alcalde Freire.&lt;\/p&gt; \" data-medium-file=\"https:\/\/i0.wp.com\/eltrabajo.cl\/portal\/wp-content\/uploads\/2016\/02\/Chilena2.jpg?fit=300%2C198&#038;ssl=1\" data-large-file=\"https:\/\/i0.wp.com\/eltrabajo.cl\/portal\/wp-content\/uploads\/2016\/02\/Chilena2.jpg?fit=530%2C349&#038;ssl=1\" src=\"https:\/\/i0.wp.com\/eltrabajo.cl\/portal\/wp-content\/uploads\/2016\/02\/Chilena2.jpg?w=210&#038;h=138&#038;ssl=1\" srcset=\"https:\/\/i0.wp.com\/eltrabajo.cl\/portal\/wp-content\/uploads\/2016\/02\/Chilena2.jpg?w=530&amp;ssl=1 530w, https:\/\/i0.wp.com\/eltrabajo.cl\/portal\/wp-content\/uploads\/2016\/02\/Chilena2.jpg?resize=200%2C132&amp;ssl=1 200w, https:\/\/i0.wp.com\/eltrabajo.cl\/portal\/wp-content\/uploads\/2016\/02\/Chilena2.jpg?resize=300%2C198&amp;ssl=1 300w, https:\/\/i0.wp.com\/eltrabajo.cl\/portal\/wp-content\/uploads\/2016\/02\/Chilena2.jpg?resize=228%2C150&amp;ssl=1 228w, https:\/\/i0.wp.com\/eltrabajo.cl\/portal\/wp-content\/uploads\/2016\/02\/Chilena2.jpg?resize=400%2C263&amp;ssl=1 400w\" width=\"210\" height=\"138\" loading=\"lazy\" data-original-width=\"210\" data-original-height=\"138\" itemprop=\"http:\/\/schema.org\/image\" title=\"UN GRAN MOMENTO.- Posan para Diario El Trabajo la due\u00f1a de Tienda La Chilena, do\u00f1a Nilda Elia Fern\u00e1ndez, Nilda Z\u00fa\u00f1iga y el alcalde Freire.\" alt=\"UN GRAN MOMENTO.- Posan para Diario El Trabajo la due\u00f1a de Tienda La Chilena, do\u00f1a Nilda Elia Fern\u00e1ndez, Nilda Z\u00fa\u00f1iga y el alcalde Freire.\" style=\"width: 210px; height: 138px;\" \/> <\/a> <div class=\"tiled-gallery-caption\" itemprop=\"caption description\"> UN GRAN MOMENTO.- Posan para Diario El Trabajo la due\u00f1a de Tienda La Chilena, do\u00f1a Nilda Elia Fern\u00e1ndez, Nilda Z\u00fa\u00f1iga y el alcalde Freire. <\/div> <\/div> <\/div> <!-- close group --> <div class=\"gallery-group images-1\" style=\"width: 213px; height: 142px;\" data-original-width=\"213\" data-original-height=\"142\" > <div class=\"tiled-gallery-item tiled-gallery-item-small\" itemprop=\"associatedMedia\" itemscope itemtype=\"http:\/\/schema.org\/ImageObject\"> <a href=\"https:\/\/eltrabajo.cl\/portal\/con-bombos-y-platillos-celebraron-los-75-anos-de-tienda-la-chilena\/jose-antonio-sanchez\/\" border=\"0\" itemprop=\"url\"> <meta itemprop=\"width\" content=\"209\"> <meta itemprop=\"height\" content=\"138\"> <img decoding=\"async\" class=\"\" data-attachment-id=\"67037\" data-orig-file=\"https:\/\/eltrabajo.cl\/portal\/wp-content\/uploads\/2016\/02\/Jose-Antonio-Sanchez.jpg\" data-orig-size=\"530,349\" data-comments-opened=\"1\" data-image-meta=\"{&quot;aperture&quot;:&quot;0&quot;,&quot;credit&quot;:&quot;&quot;,&quot;camera&quot;:&quot;&quot;,&quot;caption&quot;:&quot;&quot;,&quot;created_timestamp&quot;:&quot;0&quot;,&quot;copyright&quot;:&quot;&quot;,&quot;focal_length&quot;:&quot;0&quot;,&quot;iso&quot;:&quot;0&quot;,&quot;shutter_speed&quot;:&quot;0&quot;,&quot;title&quot;:&quot;&quot;,&quot;orientation&quot;:&quot;0&quot;}\" data-image-title=\"JOS\u00c9 ANTONIO S\u00c1NCHEZ, PROVEDOR: \u00abDesde hace 20 a\u00f1os que me encargo de traer la mercader\u00eda del Terminal a la tienda, somos una gran familia\u00bb.\" data-image-description=\"&lt;p&gt;JOS\u00c9 ANTONIO S\u00c1NCHEZ, PROVEDOR: \u00abDesde hace 20 a\u00f1os que me encargo de traer la mercader\u00eda del Terminal a la tienda, somos una gran familia\u00bb.&lt;\/p&gt; \" data-medium-file=\"https:\/\/i0.wp.com\/eltrabajo.cl\/portal\/wp-content\/uploads\/2016\/02\/Jose-Antonio-Sanchez.jpg?fit=300%2C198&#038;ssl=1\" data-large-file=\"https:\/\/i0.wp.com\/eltrabajo.cl\/portal\/wp-content\/uploads\/2016\/02\/Jose-Antonio-Sanchez.jpg?fit=530%2C349&#038;ssl=1\" src=\"https:\/\/i0.wp.com\/eltrabajo.cl\/portal\/wp-content\/uploads\/2016\/02\/Jose-Antonio-Sanchez.jpg?w=209&#038;h=138&#038;ssl=1\" srcset=\"https:\/\/i0.wp.com\/eltrabajo.cl\/portal\/wp-content\/uploads\/2016\/02\/Jose-Antonio-Sanchez.jpg?w=530&amp;ssl=1 530w, https:\/\/i0.wp.com\/eltrabajo.cl\/portal\/wp-content\/uploads\/2016\/02\/Jose-Antonio-Sanchez.jpg?resize=200%2C132&amp;ssl=1 200w, https:\/\/i0.wp.com\/eltrabajo.cl\/portal\/wp-content\/uploads\/2016\/02\/Jose-Antonio-Sanchez.jpg?resize=300%2C198&amp;ssl=1 300w, https:\/\/i0.wp.com\/eltrabajo.cl\/portal\/wp-content\/uploads\/2016\/02\/Jose-Antonio-Sanchez.jpg?resize=228%2C150&amp;ssl=1 228w, https:\/\/i0.wp.com\/eltrabajo.cl\/portal\/wp-content\/uploads\/2016\/02\/Jose-Antonio-Sanchez.jpg?resize=400%2C263&amp;ssl=1 400w\" width=\"209\" height=\"138\" loading=\"lazy\" data-original-width=\"209\" data-original-height=\"138\" itemprop=\"http:\/\/schema.org\/image\" title=\"JOS\u00c9 ANTONIO S\u00c1NCHEZ, PROVEDOR: \u00abDesde hace 20 a\u00f1os que me encargo de traer la mercader\u00eda del Terminal a la tienda, somos una gran familia\u00bb.\" alt=\"JOS\u00c9 ANTONIO S\u00c1NCHEZ, PROVEDOR: \u00abDesde hace 20 a\u00f1os que me encargo de traer la mercader\u00eda del Terminal a la tienda, somos una gran familia\u00bb.\" style=\"width: 209px; height: 138px;\" \/> <\/a> <div class=\"tiled-gallery-caption\" itemprop=\"caption description\"> JOS\u00c9 ANTONIO S\u00c1NCHEZ, PROVEDOR: \u00abDesde hace 20 a\u00f1os que me encargo de traer la mercader\u00eda del Terminal a la tienda, somos una gran familia\u00bb. <\/div> <\/div> <\/div> <!-- close group --> <div class=\"gallery-group images-1\" style=\"width: 213px; height: 142px;\" data-original-width=\"213\" data-original-height=\"142\" > <div class=\"tiled-gallery-item tiled-gallery-item-small\" itemprop=\"associatedMedia\" itemscope itemtype=\"http:\/\/schema.org\/ImageObject\"> <a href=\"https:\/\/eltrabajo.cl\/portal\/con-bombos-y-platillos-celebraron-los-75-anos-de-tienda-la-chilena\/jose-fernandez\/\" border=\"0\" itemprop=\"url\"> <meta itemprop=\"width\" content=\"209\"> <meta itemprop=\"height\" content=\"138\"> <img decoding=\"async\" class=\"\" data-attachment-id=\"67038\" data-orig-file=\"https:\/\/eltrabajo.cl\/portal\/wp-content\/uploads\/2016\/02\/Jose-Fernandez.jpg\" data-orig-size=\"530,349\" data-comments-opened=\"1\" data-image-meta=\"{&quot;aperture&quot;:&quot;0&quot;,&quot;credit&quot;:&quot;&quot;,&quot;camera&quot;:&quot;&quot;,&quot;caption&quot;:&quot;&quot;,&quot;created_timestamp&quot;:&quot;0&quot;,&quot;copyright&quot;:&quot;&quot;,&quot;focal_length&quot;:&quot;0&quot;,&quot;iso&quot;:&quot;0&quot;,&quot;shutter_speed&quot;:&quot;0&quot;,&quot;title&quot;:&quot;&quot;,&quot;orientation&quot;:&quot;0&quot;}\" data-image-title=\"Jos\u00e9 Fern\u00e1ndez, fundador de Tienda La Chilena.\" data-image-description=\"&lt;p&gt;Jos\u00e9 Fern\u00e1ndez, fundador de Tienda La Chilena.&lt;\/p&gt; \" data-medium-file=\"https:\/\/i0.wp.com\/eltrabajo.cl\/portal\/wp-content\/uploads\/2016\/02\/Jose-Fernandez.jpg?fit=300%2C198&#038;ssl=1\" data-large-file=\"https:\/\/i0.wp.com\/eltrabajo.cl\/portal\/wp-content\/uploads\/2016\/02\/Jose-Fernandez.jpg?fit=530%2C349&#038;ssl=1\" src=\"https:\/\/i0.wp.com\/eltrabajo.cl\/portal\/wp-content\/uploads\/2016\/02\/Jose-Fernandez.jpg?w=209&#038;h=138&#038;ssl=1\" srcset=\"https:\/\/i0.wp.com\/eltrabajo.cl\/portal\/wp-content\/uploads\/2016\/02\/Jose-Fernandez.jpg?w=530&amp;ssl=1 530w, https:\/\/i0.wp.com\/eltrabajo.cl\/portal\/wp-content\/uploads\/2016\/02\/Jose-Fernandez.jpg?resize=200%2C132&amp;ssl=1 200w, https:\/\/i0.wp.com\/eltrabajo.cl\/portal\/wp-content\/uploads\/2016\/02\/Jose-Fernandez.jpg?resize=300%2C198&amp;ssl=1 300w, https:\/\/i0.wp.com\/eltrabajo.cl\/portal\/wp-content\/uploads\/2016\/02\/Jose-Fernandez.jpg?resize=228%2C150&amp;ssl=1 228w, https:\/\/i0.wp.com\/eltrabajo.cl\/portal\/wp-content\/uploads\/2016\/02\/Jose-Fernandez.jpg?resize=400%2C263&amp;ssl=1 400w\" width=\"209\" height=\"138\" loading=\"lazy\" data-original-width=\"209\" data-original-height=\"138\" itemprop=\"http:\/\/schema.org\/image\" title=\"Jos\u00e9 Fern\u00e1ndez, fundador de Tienda La Chilena.\" alt=\"Jos\u00e9 Fern\u00e1ndez, fundador de Tienda La Chilena.\" style=\"width: 209px; height: 138px;\" \/> <\/a> <div class=\"tiled-gallery-caption\" itemprop=\"caption description\"> Jos\u00e9 Fern\u00e1ndez, fundador de Tienda La Chilena. <\/div> <\/div> <\/div> <!-- close group --> <\/div> <!-- close row --> <\/div>\n","protected":false},"excerpt":{"rendered":"<p>El pasado viernes 19 de febrero se cumplieron 75 a\u00f1os de existencia de la prestigiosa Tienda La Chilena de San Felipe. Esta es una empresa nacida en nuestra comuna pero con una&#8230;<\/p>\n","protected":false},"author":1,"featured_media":67036,"comment_status":"open","ping_status":"open","sticky":false,"template":"","format":"standard","meta":{"advanced_seo_description":"","jetpack_seo_html_title":"","jetpack_seo_noindex":false,"_jetpack_memberships_contains_paid_content":false,"footnotes":""},"categories":[15],"tags":[],"class_list":["post-67032","post","type-post","status-publish","format-standard","has-post-thumbnail","hentry","category-comunidad"],"jetpack_featured_media_url":"https:\/\/i0.wp.com\/eltrabajo.cl\/portal\/wp-content\/uploads\/2016\/02\/Chilena2.jpg?fit=530%2C349&ssl=1","jetpack_sharing_enabled":true,"jetpack_likes_enabled":true,"jetpack-related-posts":[],"_links":{"self":[{"href":"https:\/\/eltrabajo.cl\/portal\/wp-json\/wp\/v2\/posts\/67032","targetHints":{"allow":["GET"]}}],"collection":[{"href":"https:\/\/eltrabajo.cl\/portal\/wp-json\/wp\/v2\/posts"}],"about":[{"href":"https:\/\/eltrabajo.cl\/portal\/wp-json\/wp\/v2\/types\/post"}],"author":[{"embeddable":true,"href":"https:\/\/eltrabajo.cl\/portal\/wp-json\/wp\/v2\/users\/1"}],"replies":[{"embeddable":true,"href":"https:\/\/eltrabajo.cl\/portal\/wp-json\/wp\/v2\/comments?post=67032"}],"version-history":[{"count":0,"href":"https:\/\/eltrabajo.cl\/portal\/wp-json\/wp\/v2\/posts\/67032\/revisions"}],"wp:featuredmedia":[{"embeddable":true,"href":"https:\/\/eltrabajo.cl\/portal\/wp-json\/wp\/v2\/media\/67036"}],"wp:attachment":[{"href":"https:\/\/eltrabajo.cl\/portal\/wp-json\/wp\/v2\/media?parent=67032"}],"wp:term":[{"taxonomy":"category","embeddable":true,"href":"https:\/\/eltrabajo.cl\/portal\/wp-json\/wp\/v2\/categories?post=67032"},{"taxonomy":"post_tag","embeddable":true,"href":"https:\/\/eltrabajo.cl\/portal\/wp-json\/wp\/v2\/tags?post=67032"}],"curies":[{"name":"wp","href":"https:\/\/api.w.org\/{rel}","templated":true}]}}