{"id":67049,"date":"2016-02-23T08:21:55","date_gmt":"2016-02-23T11:21:55","guid":{"rendered":"http:\/\/www.eltrabajo.cl\/portal\/?p=67049"},"modified":"2016-02-23T08:23:22","modified_gmt":"2016-02-23T11:23:22","slug":"atractivo-proyecto-de-generacion-electrica-con-paneles-fotovoltaicos-en-encon","status":"publish","type":"post","link":"https:\/\/eltrabajo.cl\/portal\/atractivo-proyecto-de-generacion-electrica-con-paneles-fotovoltaicos-en-encon\/","title":{"rendered":"Atractivo proyecto generaci\u00f3n el\u00e9ctrica con paneles fotovoltaicos en Enc\u00f3n"},"content":{"rendered":"<figure id=\"attachment_67050\" aria-describedby=\"caption-attachment-67050\" style=\"width: 300px\" class=\"wp-caption alignleft\"><a href=\"http:\/\/www.eltrabajo.cl\/portal\/atractivo-proyecto-de-generacion-electrica-con-paneles-fotovoltaicos-en-encon\/foto-2-ricardo-carrasco-encargado-del-area-comunitaria-de-la-dideco-san-felipe\/\" rel=\"attachment wp-att-67050\"><img data-recalc-dims=\"1\" loading=\"lazy\" decoding=\"async\" class=\"size-medium wp-image-67050\" src=\"https:\/\/i0.wp.com\/www.eltrabajo.cl\/portal\/wp-content\/uploads\/2016\/02\/FOTO-2-RICARDO-CARRASCO-ENCARGADO-DEL-AREA-COMUNITARIA-DE-LA-DIDECO-SAN-FELIPE-300x198.jpg?resize=300%2C198\" alt=\"Ricardo Carrasco encargado del \u00c1rea Comunitaria de la Dideco San Felipe.\" width=\"300\" height=\"198\" srcset=\"https:\/\/i0.wp.com\/eltrabajo.cl\/portal\/wp-content\/uploads\/2016\/02\/FOTO-2-RICARDO-CARRASCO-ENCARGADO-DEL-AREA-COMUNITARIA-DE-LA-DIDECO-SAN-FELIPE.jpg?resize=300%2C198&amp;ssl=1 300w, https:\/\/i0.wp.com\/eltrabajo.cl\/portal\/wp-content\/uploads\/2016\/02\/FOTO-2-RICARDO-CARRASCO-ENCARGADO-DEL-AREA-COMUNITARIA-DE-LA-DIDECO-SAN-FELIPE.jpg?resize=200%2C132&amp;ssl=1 200w, https:\/\/i0.wp.com\/eltrabajo.cl\/portal\/wp-content\/uploads\/2016\/02\/FOTO-2-RICARDO-CARRASCO-ENCARGADO-DEL-AREA-COMUNITARIA-DE-LA-DIDECO-SAN-FELIPE.jpg?resize=228%2C150&amp;ssl=1 228w, https:\/\/i0.wp.com\/eltrabajo.cl\/portal\/wp-content\/uploads\/2016\/02\/FOTO-2-RICARDO-CARRASCO-ENCARGADO-DEL-AREA-COMUNITARIA-DE-LA-DIDECO-SAN-FELIPE.jpg?resize=400%2C263&amp;ssl=1 400w, https:\/\/i0.wp.com\/eltrabajo.cl\/portal\/wp-content\/uploads\/2016\/02\/FOTO-2-RICARDO-CARRASCO-ENCARGADO-DEL-AREA-COMUNITARIA-DE-LA-DIDECO-SAN-FELIPE.jpg?w=530&amp;ssl=1 530w\" sizes=\"auto, (max-width: 300px) 100vw, 300px\" \/><\/a><figcaption id=\"caption-attachment-67050\" class=\"wp-caption-text\">Ricardo Carrasco encargado del \u00c1rea Comunitaria de la Dideco San Felipe.<\/figcaption><\/figure>\n<p><strong>Proyecto ser\u00e1 presentado al Concejo Municipal el pr\u00f3ximo martes.<\/strong><\/p>\n<p>El encargado del \u00e1rea comunitaria de la Dideco, San Felipe, Ricardo Carrasco, hizo un importante anuncio en materia de eficiencia energ\u00e9tica, que podr\u00eda beneficiar pr\u00f3ximamente a los vecinos de la comuna y que tiene relaci\u00f3n con el inter\u00e9s de una empresa privada de instalar paneles fotovoltaicos en los terrenos que se ubican frente a Sunnyland School y cuya energ\u00eda, eventualmente ser\u00eda conectada al Sistema Interconectado Central, SIC.<br \/>\nSi bien Carrasco asumi\u00f3 que a\u00fan no existen muchos detalles respecto del proyecto, asegur\u00f3 que \u201ca trav\u00e9s del Ministerio de Energ\u00eda, una compa\u00f1\u00eda privada de la cual no existen muchos antecedentes todav\u00eda, quiere realizar una instalaci\u00f3n de paneles solares para dotar de energ\u00eda al SIC y cuya finalidad es venderle esta energ\u00eda al SIC y tambi\u00e9n a la empresa Privada\u201d, destac\u00f3.<br \/>\nSeg\u00fan cont\u00f3 Carrasco, representantes de la empresa, ya sostuvieron una reuni\u00f3n con el alcalde y el asesor jur\u00eddico de la Municipalidad de San Felipe y actualmente la iniciativa se encuentra en un proceso de pre-factibilidad en donde intervienen varios estamentos y por cierto en esta instancia se est\u00e1 analizando cu\u00e1les son los beneficios que podr\u00eda traer a la comunidad y el impacto social que puede provocar esta cantidad de paneles.<br \/>\nEl terreno que se ocupar\u00eda en un primera instancia abarcar\u00eda cerca de 26 hect\u00e1reas y los vecinos del sector pidieron m\u00e1s informaci\u00f3n al respecto, por lo que se sostendr\u00e1n diversas instancias para tomar en cuenta la opini\u00f3n de ellos y hacerlos part\u00edcipes de la decisi\u00f3n final.<br \/>\nDe acuerdo a lo se\u00f1alado por Carrasco, actualmente el m\u00e1ximo inter\u00e9s del alcalde Patricio Freire es conocer cu\u00e1l es el impacto que este proyecto generar\u00eda en la comunidad y de acuerdo a esta necesidad, es que se ha desarrollado un cronograma para que la empresa interesada en implementar esta obra pueda dar a conocer las caracter\u00edsticas completas de este plan energ\u00e9tico.<br \/>\n\u201cEllos van a presentar el proyecto al Concejo Municipal el primer martes de marzo, en donde se podr\u00e1 conocer a ciencia cierta c\u00f3mo los vecinos de la comuna nos vamos ver beneficiados de este proyecto, que seg\u00fan entendemos es peque\u00f1o respecto de otros que se est\u00e1n ejecutando en la zona\u201d, sostuvo el personero municipal.<br \/>\nAdem\u00e1s, Carrasco enfatiz\u00f3 que para el edil sanfelipe\u00f1o resulta vital conocer la opini\u00f3n de los vecinos respecto de este tipo de proyectos, por lo que, se generar\u00e1n 3 instancias consultivas, describiendo que \u201cpara poder generar la etapa de pre-factibilidad de un proyecto lo que siempre debe hacerse es consultarle a los vecinos, por eso se llevar\u00e1 a cabo la presentaci\u00f3n en el concejo municipal y posteriormente dos reuniones que se realizar\u00e1n en el Sal\u00f3n de Honor del municipio y otra en la sede comunitaria del sector Punta El Olivo\u201d, detall\u00f3.<br \/>\nOtra de las preocupaciones que tiene el municipio sanfelipe\u00f1o, es que el proyecto no altere las caracter\u00edsticas de flora y fauna del lugar donde se instalar\u00edan los paneles fotovoltaicos, por lo que Carrasco detall\u00f3 que \u201cseg\u00fan los encargados del Ministerio de Energ\u00eda, ellos tienen entendido que los suelos que se van a ocupar son de poca capacidad agr\u00edcola, no obstante se necesita el estudio de pre-factibilidad para saber si esto tiene viabilidad o no\u201d, concluy\u00f3.<\/p>\n","protected":false},"excerpt":{"rendered":"<p>Proyecto ser\u00e1 presentado al Concejo Municipal el pr\u00f3ximo martes. El encargado del \u00e1rea comunitaria de la Dideco, San Felipe, Ricardo Carrasco, hizo un importante anuncio en materia de eficiencia energ\u00e9tica, que podr\u00eda&#8230;<\/p>\n","protected":false},"author":1,"featured_media":67050,"comment_status":"open","ping_status":"open","sticky":false,"template":"","format":"standard","meta":{"advanced_seo_description":"","jetpack_seo_html_title":"","jetpack_seo_noindex":false,"_jetpack_memberships_contains_paid_content":false,"footnotes":""},"categories":[1],"tags":[],"class_list":["post-67049","post","type-post","status-publish","format-standard","has-post-thumbnail","hentry","category-cronica"],"jetpack_featured_media_url":"https:\/\/i0.wp.com\/eltrabajo.cl\/portal\/wp-content\/uploads\/2016\/02\/FOTO-2-RICARDO-CARRASCO-ENCARGADO-DEL-AREA-COMUNITARIA-DE-LA-DIDECO-SAN-FELIPE.jpg?fit=530%2C349&ssl=1","jetpack_sharing_enabled":true,"jetpack_likes_enabled":true,"jetpack-related-posts":[],"_links":{"self":[{"href":"https:\/\/eltrabajo.cl\/portal\/wp-json\/wp\/v2\/posts\/67049","targetHints":{"allow":["GET"]}}],"collection":[{"href":"https:\/\/eltrabajo.cl\/portal\/wp-json\/wp\/v2\/posts"}],"about":[{"href":"https:\/\/eltrabajo.cl\/portal\/wp-json\/wp\/v2\/types\/post"}],"author":[{"embeddable":true,"href":"https:\/\/eltrabajo.cl\/portal\/wp-json\/wp\/v2\/users\/1"}],"replies":[{"embeddable":true,"href":"https:\/\/eltrabajo.cl\/portal\/wp-json\/wp\/v2\/comments?post=67049"}],"version-history":[{"count":0,"href":"https:\/\/eltrabajo.cl\/portal\/wp-json\/wp\/v2\/posts\/67049\/revisions"}],"wp:featuredmedia":[{"embeddable":true,"href":"https:\/\/eltrabajo.cl\/portal\/wp-json\/wp\/v2\/media\/67050"}],"wp:attachment":[{"href":"https:\/\/eltrabajo.cl\/portal\/wp-json\/wp\/v2\/media?parent=67049"}],"wp:term":[{"taxonomy":"category","embeddable":true,"href":"https:\/\/eltrabajo.cl\/portal\/wp-json\/wp\/v2\/categories?post=67049"},{"taxonomy":"post_tag","embeddable":true,"href":"https:\/\/eltrabajo.cl\/portal\/wp-json\/wp\/v2\/tags?post=67049"}],"curies":[{"name":"wp","href":"https:\/\/api.w.org\/{rel}","templated":true}]}}