{"id":67054,"date":"2016-02-23T08:26:05","date_gmt":"2016-02-23T11:26:05","guid":{"rendered":"http:\/\/www.eltrabajo.cl\/portal\/?p=67054"},"modified":"2016-02-23T08:26:50","modified_gmt":"2016-02-23T11:26:50","slug":"inician-cortes-de-transito-por-tronaduras-en-el-sector-de-los-libertadores","status":"publish","type":"post","link":"https:\/\/eltrabajo.cl\/portal\/inician-cortes-de-transito-por-tronaduras-en-el-sector-de-los-libertadores\/","title":{"rendered":"Inician cortes de tr\u00e1nsito por tronaduras en sector Los Libertadores"},"content":{"rendered":"<figure id=\"attachment_67055\" aria-describedby=\"caption-attachment-67055\" style=\"width: 530px\" class=\"wp-caption alignleft\"><a href=\"http:\/\/www.eltrabajo.cl\/portal\/inician-cortes-de-transito-por-tronaduras-en-el-sector-de-los-libertadores\/tronaduras-los-libertadores\/\" rel=\"attachment wp-att-67055\"><img data-recalc-dims=\"1\" loading=\"lazy\" decoding=\"async\" class=\"size-full wp-image-67055\" src=\"https:\/\/i0.wp.com\/www.eltrabajo.cl\/portal\/wp-content\/uploads\/2016\/02\/Tronaduras-Los-Libertadores.jpg?resize=530%2C350\" alt=\"Autoridades informan del inicio de los cortes de tr\u00e1nsito programados producto de las tronaduras que se realizar\u00e1n en el sector de Los Libertadores.\" width=\"530\" height=\"350\" srcset=\"https:\/\/i0.wp.com\/eltrabajo.cl\/portal\/wp-content\/uploads\/2016\/02\/Tronaduras-Los-Libertadores.jpg?w=530&amp;ssl=1 530w, https:\/\/i0.wp.com\/eltrabajo.cl\/portal\/wp-content\/uploads\/2016\/02\/Tronaduras-Los-Libertadores.jpg?resize=200%2C132&amp;ssl=1 200w, https:\/\/i0.wp.com\/eltrabajo.cl\/portal\/wp-content\/uploads\/2016\/02\/Tronaduras-Los-Libertadores.jpg?resize=300%2C198&amp;ssl=1 300w, https:\/\/i0.wp.com\/eltrabajo.cl\/portal\/wp-content\/uploads\/2016\/02\/Tronaduras-Los-Libertadores.jpg?resize=227%2C150&amp;ssl=1 227w, https:\/\/i0.wp.com\/eltrabajo.cl\/portal\/wp-content\/uploads\/2016\/02\/Tronaduras-Los-Libertadores.jpg?resize=400%2C264&amp;ssl=1 400w\" sizes=\"auto, (max-width: 530px) 100vw, 530px\" \/><\/a><figcaption id=\"caption-attachment-67055\" class=\"wp-caption-text\">Autoridades informan del inicio de los cortes de tr\u00e1nsito programados producto de las tronaduras que se realizar\u00e1n en el sector de Los Libertadores.<\/figcaption><\/figure>\n<p><strong>Comienza el movimiento de tierra para lo que ser\u00e1 la construcci\u00f3n del nuevo complejo.<\/strong><\/p>\n<p><strong>LOS ANDES<\/strong>.- A contar del lunes comenzaron los cortes programados de 30 minutos en la ruta internacional en el sector del complejo Los Libertadores a ra\u00edz de las tronaduras para nivelar el terreno donde se construir\u00e1 el nuevo complejo.<br \/>\nLos cortes se realizar\u00e1n de lunes a viernes entre las 18 y 20 horas a fin de afectar lo menos posible el tr\u00e1nsito de veh\u00edculos entre ambos pa\u00edses.<br \/>\nEl Gerente General de la Sociedad Concesionaria a cargo de las obras, Antonino Castellucci, manifest\u00f3 que est\u00e1n iniciando el despeje de los terrenos donde se levantar\u00e1 el nuevo complejo, \u201cpor lo que estamos haciendo las primeras tareas de movimiento de suelos que significa comenzar con las tronaduras que van a durar cuatro meses y que no va a impactar en la ruta CH 60, salvo por alg\u00fan elemento que pueda, por motivo de la voladura, obstaculizar la ruta\u201d.<br \/>\nIndic\u00f3 que luego de cada detonaci\u00f3n el tr\u00e1fico se habilitar\u00e1 de manera normal y durante el per\u00edodo de construcci\u00f3n de la obra, que es de 36 meses, la ruta estar\u00e1 libre de cualquier obst\u00e1culo.<br \/>\nAdelant\u00f3 que todas las operaciones se llevar\u00e1n adelante en sector de Llanos de la Calavera, \u201clugar donde nosotros tenemos nuestra plataforma de trabajo y actualmente hay un cerro desnivelado donde nosotros vamos a hacer excavaciones mec\u00e1nicas y otras con detonaciones\u201d.<br \/>\nExplic\u00f3 que todo el material resultante de las detonaciones se usar\u00e1 en la misma obra como material para relleno y nivelado de taludes, \u201cpor lo que desde el punto de vista ambiental todo lo que se extrae y se excava se usa en el mismo lugar, evitando as\u00ed tener que trasladar a Los Andes este material\u201d.<br \/>\nComent\u00f3 que dentro de los terrenos que les entreg\u00f3 el MOP existe el edificio que alguna vez ser\u00eda un hotel, pero que jam\u00e1s lleg\u00f3 a funcionar, \u201cpor lo que tendremos que demolerlo y dejar el \u00e1rea de concesiones apta para el trabajo de los equipos\u201d.<br \/>\nCastellucci afirm\u00f3 que dentro del plan constructivo esperan terminar con la obra antes del plazo de los 36 meses y por eso est\u00e1n anticipando algunas tareas para llegar al invierno con los trabajos bastante avanzados.<br \/>\nEl gerente se\u00f1al\u00f3 que esperan reclutar mucha mano de obra local para poder emplearla en la construcci\u00f3n de este complejo.<br \/>\nPor su parte, la gobernadora Mar\u00eda Victoria Rodr\u00edguez, destac\u00f3 que este es un proyecto emblem\u00e1tico para el transporte terrestre del sistema integrado Cristo Redentor, ya que se trata de una edificaci\u00f3n de 31 mil metros cuadrados que permitir\u00e1 disminuir los tiempos de espera y mejorar las condiciones de habitabilidad de los funcionarios de ambos pa\u00edses que operar en el sistema.<br \/>\nValor\u00f3 el hecho que la empresa concesionaria se haya preocupado de la flora y fauna del sector, \u201cpues han trasladado especies y est\u00e1n considerando reutilizar el movimiento de tierra para compactar el terreno\u201d.<br \/>\nLa autoridad dijo que las molestias ser\u00e1n menores respecto de los beneficios de esta obra, sobre todo en cuanto a los horarios de corte de la ruta que corresponden a los de menor tr\u00e1nsito de veh\u00edculos.<br \/>\nEnfatiz\u00f3 que los trabajos no impactar\u00e1n la ruta y los cortes programados son para evitar que durante las tronaduras alguna piedra pueda llegar a impactar un veh\u00edculo, \u201cpero una vez que se hagan las detonaciones los trabajos van a continuar en el lugar\u201d.<br \/>\nA\u00f1adi\u00f3 que se est\u00e1n entregando volantes a todos los viajeros para que sepan los horarios de corte y as\u00ed programar sus viajes.<\/p>\n","protected":false},"excerpt":{"rendered":"<p>Comienza el movimiento de tierra para lo que ser\u00e1 la construcci\u00f3n del nuevo complejo. LOS ANDES.- A contar del lunes comenzaron los cortes programados de 30 minutos en la ruta internacional en&#8230;<\/p>\n","protected":false},"author":1,"featured_media":67055,"comment_status":"open","ping_status":"open","sticky":false,"template":"","format":"standard","meta":{"advanced_seo_description":"","jetpack_seo_html_title":"","jetpack_seo_noindex":false,"_jetpack_memberships_contains_paid_content":false,"footnotes":""},"categories":[1],"tags":[],"class_list":["post-67054","post","type-post","status-publish","format-standard","has-post-thumbnail","hentry","category-cronica"],"jetpack_featured_media_url":"https:\/\/i0.wp.com\/eltrabajo.cl\/portal\/wp-content\/uploads\/2016\/02\/Tronaduras-Los-Libertadores.jpg?fit=530%2C350&ssl=1","jetpack_sharing_enabled":true,"jetpack_likes_enabled":true,"jetpack-related-posts":[],"_links":{"self":[{"href":"https:\/\/eltrabajo.cl\/portal\/wp-json\/wp\/v2\/posts\/67054","targetHints":{"allow":["GET"]}}],"collection":[{"href":"https:\/\/eltrabajo.cl\/portal\/wp-json\/wp\/v2\/posts"}],"about":[{"href":"https:\/\/eltrabajo.cl\/portal\/wp-json\/wp\/v2\/types\/post"}],"author":[{"embeddable":true,"href":"https:\/\/eltrabajo.cl\/portal\/wp-json\/wp\/v2\/users\/1"}],"replies":[{"embeddable":true,"href":"https:\/\/eltrabajo.cl\/portal\/wp-json\/wp\/v2\/comments?post=67054"}],"version-history":[{"count":0,"href":"https:\/\/eltrabajo.cl\/portal\/wp-json\/wp\/v2\/posts\/67054\/revisions"}],"wp:featuredmedia":[{"embeddable":true,"href":"https:\/\/eltrabajo.cl\/portal\/wp-json\/wp\/v2\/media\/67055"}],"wp:attachment":[{"href":"https:\/\/eltrabajo.cl\/portal\/wp-json\/wp\/v2\/media?parent=67054"}],"wp:term":[{"taxonomy":"category","embeddable":true,"href":"https:\/\/eltrabajo.cl\/portal\/wp-json\/wp\/v2\/categories?post=67054"},{"taxonomy":"post_tag","embeddable":true,"href":"https:\/\/eltrabajo.cl\/portal\/wp-json\/wp\/v2\/tags?post=67054"}],"curies":[{"name":"wp","href":"https:\/\/api.w.org\/{rel}","templated":true}]}}