{"id":67059,"date":"2016-02-23T08:29:16","date_gmt":"2016-02-23T11:29:16","guid":{"rendered":"http:\/\/www.eltrabajo.cl\/portal\/?p=67059"},"modified":"2016-02-23T08:29:16","modified_gmt":"2016-02-23T11:29:16","slug":"vecinos-podran-asistir-a-ultimas-actividades-de-programa-verano-2016","status":"publish","type":"post","link":"https:\/\/eltrabajo.cl\/portal\/vecinos-podran-asistir-a-ultimas-actividades-de-programa-verano-2016\/","title":{"rendered":"Vecinos podr\u00e1n asistir a \u00faltimas actividades de programa Verano 2016"},"content":{"rendered":"<figure id=\"attachment_67060\" aria-describedby=\"caption-attachment-67060\" style=\"width: 530px\" class=\"wp-caption alignleft\"><a href=\"http:\/\/www.eltrabajo.cl\/portal\/vecinos-podran-asistir-a-ultimas-actividades-de-programa-verano-2016\/tour-cementerio-almendral-2\/\" rel=\"attachment wp-att-67060\"><img data-recalc-dims=\"1\" loading=\"lazy\" decoding=\"async\" class=\"size-full wp-image-67060\" src=\"https:\/\/i0.wp.com\/www.eltrabajo.cl\/portal\/wp-content\/uploads\/2016\/02\/Tour-Cementerio-Almendral-2.jpg?resize=530%2C348\" alt=\"Se realizar\u00e1 el \u00faltimo tour por el Cementerio de Almendral denominado \u2018Turismo para vivos y muertos\u2019, este mi\u00e9rcoles a partir de las 21.00 horas.\" width=\"530\" height=\"348\" srcset=\"https:\/\/i0.wp.com\/eltrabajo.cl\/portal\/wp-content\/uploads\/2016\/02\/Tour-Cementerio-Almendral-2.jpg?w=530&amp;ssl=1 530w, https:\/\/i0.wp.com\/eltrabajo.cl\/portal\/wp-content\/uploads\/2016\/02\/Tour-Cementerio-Almendral-2.jpg?resize=200%2C131&amp;ssl=1 200w, https:\/\/i0.wp.com\/eltrabajo.cl\/portal\/wp-content\/uploads\/2016\/02\/Tour-Cementerio-Almendral-2.jpg?resize=300%2C197&amp;ssl=1 300w, https:\/\/i0.wp.com\/eltrabajo.cl\/portal\/wp-content\/uploads\/2016\/02\/Tour-Cementerio-Almendral-2.jpg?resize=228%2C150&amp;ssl=1 228w, https:\/\/i0.wp.com\/eltrabajo.cl\/portal\/wp-content\/uploads\/2016\/02\/Tour-Cementerio-Almendral-2.jpg?resize=400%2C263&amp;ssl=1 400w\" sizes=\"auto, (max-width: 530px) 100vw, 530px\" \/><\/a><figcaption id=\"caption-attachment-67060\" class=\"wp-caption-text\">Se realizar\u00e1 el \u00faltimo tour por el Cementerio de Almendral denominado \u2018Turismo para vivos y muertos\u2019, este mi\u00e9rcoles a partir de las 21.00 horas.<\/figcaption><\/figure>\n<p><strong>Podr\u00e1n participar del \u00faltimo tour del verano por el Cementerio Almendral y actividad de Senderismo Estrellado, organizadas por la Oficina de Turismo y Patrimonio de la municipalidad de San Felipe.<\/strong><\/p>\n<p>Una invitaci\u00f3n abierta al p\u00fablico, formul\u00f3 el encargado de la Oficina de Turismo y Patrimonio de la Municipalidad de San Felipe, Manuel Z\u00fa\u00f1iga, para que participe de las dos \u00faltimas actividades que ha programado la unidad, en el marco de su programa de verano 2016.<br \/>\nSe trata del tour por el Cementerio de Almendral denominado \u2018Turismo para vivos y muertos\u2019, que se realizar\u00e1 este mi\u00e9rcoles a partir de las 21.00 horas y de \u2018Senderismo Estrellado\u2019, que realizar\u00e1n el pr\u00f3ximo 26 de febrero.<br \/>\nZ\u00fa\u00f1iga se\u00f1al\u00f3 que a lo largo de los meses de enero y febrero, fueron cientos de vecinos, de todas las edades, que participaron del tour por el principal camposanto de la comuna de San Felipe, que nuevamente abri\u00f3 sus puertas en horario nocturno para que recorran sus callejuelas y conozcan la historia de personajes y vecinos que marcaron la historia de San Felipe y de todo el Valle de Aconcagua.<br \/>\n\u201cCada tour que hemos realizado, ha sido muy interesante, pues el p\u00fablico participa muy activamente. Muchos desconocen historias de vecinos de la comuna que han sido un aporte importante para el desarrollo comunal o narraciones extraordinarias, como la de personajes que habr\u00edan hecho pacto con el diablo, del temido culebr\u00f3n, donde ellos tienen la ocasi\u00f3n de aporta con informaci\u00f3n y as\u00ed, permitirnos construir un espacio de mucha interacci\u00f3n\u201d, coment\u00f3 Manuel Z\u00fa\u00f1iga.<br \/>\nLa segunda actividad y con la cual se cierra el programa de verano de la Oficina, corresponde al \u2018Senderismo Estrellado\u2019, donde en conjunto con la Mesa Comunal de Turismo se pens\u00f3 en un tour dirigido las familias para que aprecien el patrimonio astron\u00f3mico del valle. La iniciativa cuenta con el respaldo del tour operador Cumbre Nueva, profesores de astronom\u00eda y el Observatorio de Pocuro. Actividad tambi\u00e9n gratuita que se realizar\u00e1 este viernes 26 de febrero, con inscripci\u00f3n previa.<br \/>\nLos interesados en participar, tanto en el tour por el cementerio denominado \u2018Patrimonio para vivos y muertos\u2019, as\u00ed como en el paseo nocturno por las mesetas de Jahuel \u2018Senderismo Estrellado\u2019, pueden solicitar informaci\u00f3n e inscribirse en el correo electr\u00f3nico turismo@sanfe.cl o bien, en el tel\u00e9fono 34 2 516 139.<\/p>\n","protected":false},"excerpt":{"rendered":"<p>Podr\u00e1n participar del \u00faltimo tour del verano por el Cementerio Almendral y actividad de Senderismo Estrellado, organizadas por la Oficina de Turismo y Patrimonio de la municipalidad de San Felipe. Una invitaci\u00f3n&#8230;<\/p>\n","protected":false},"author":1,"featured_media":67060,"comment_status":"open","ping_status":"open","sticky":false,"template":"","format":"standard","meta":{"advanced_seo_description":"","jetpack_seo_html_title":"","jetpack_seo_noindex":false,"_jetpack_memberships_contains_paid_content":false,"footnotes":""},"categories":[1],"tags":[],"class_list":["post-67059","post","type-post","status-publish","format-standard","has-post-thumbnail","hentry","category-cronica"],"jetpack_featured_media_url":"https:\/\/i0.wp.com\/eltrabajo.cl\/portal\/wp-content\/uploads\/2016\/02\/Tour-Cementerio-Almendral-2.jpg?fit=530%2C348&ssl=1","jetpack_sharing_enabled":true,"jetpack_likes_enabled":true,"jetpack-related-posts":[],"_links":{"self":[{"href":"https:\/\/eltrabajo.cl\/portal\/wp-json\/wp\/v2\/posts\/67059","targetHints":{"allow":["GET"]}}],"collection":[{"href":"https:\/\/eltrabajo.cl\/portal\/wp-json\/wp\/v2\/posts"}],"about":[{"href":"https:\/\/eltrabajo.cl\/portal\/wp-json\/wp\/v2\/types\/post"}],"author":[{"embeddable":true,"href":"https:\/\/eltrabajo.cl\/portal\/wp-json\/wp\/v2\/users\/1"}],"replies":[{"embeddable":true,"href":"https:\/\/eltrabajo.cl\/portal\/wp-json\/wp\/v2\/comments?post=67059"}],"version-history":[{"count":0,"href":"https:\/\/eltrabajo.cl\/portal\/wp-json\/wp\/v2\/posts\/67059\/revisions"}],"wp:featuredmedia":[{"embeddable":true,"href":"https:\/\/eltrabajo.cl\/portal\/wp-json\/wp\/v2\/media\/67060"}],"wp:attachment":[{"href":"https:\/\/eltrabajo.cl\/portal\/wp-json\/wp\/v2\/media?parent=67059"}],"wp:term":[{"taxonomy":"category","embeddable":true,"href":"https:\/\/eltrabajo.cl\/portal\/wp-json\/wp\/v2\/categories?post=67059"},{"taxonomy":"post_tag","embeddable":true,"href":"https:\/\/eltrabajo.cl\/portal\/wp-json\/wp\/v2\/tags?post=67059"}],"curies":[{"name":"wp","href":"https:\/\/api.w.org\/{rel}","templated":true}]}}