{"id":67088,"date":"2016-02-23T08:55:18","date_gmt":"2016-02-23T11:55:18","guid":{"rendered":"http:\/\/www.eltrabajo.cl\/portal\/?p=67088"},"modified":"2016-02-23T08:55:18","modified_gmt":"2016-02-23T11:55:18","slug":"provincia-de-san-felipe-podria-alcanzar-37o-tras-nueva-ola-de-calor","status":"publish","type":"post","link":"https:\/\/eltrabajo.cl\/portal\/provincia-de-san-felipe-podria-alcanzar-37o-tras-nueva-ola-de-calor\/","title":{"rendered":"Provincia de San Felipe podr\u00eda alcanzar 37\u00ba tras nueva ola de calor"},"content":{"rendered":"<figure id=\"attachment_67089\" aria-describedby=\"caption-attachment-67089\" style=\"width: 300px\" class=\"wp-caption alignleft\"><a href=\"http:\/\/www.eltrabajo.cl\/portal\/provincia-de-san-felipe-podria-alcanzar-37o-tras-nueva-ola-de-calor\/ola-de-calor\/\" rel=\"attachment wp-att-67089\"><img data-recalc-dims=\"1\" loading=\"lazy\" decoding=\"async\" class=\"size-medium wp-image-67089\" src=\"https:\/\/i0.wp.com\/www.eltrabajo.cl\/portal\/wp-content\/uploads\/2016\/02\/Ola-de-calor-300x198.jpg?resize=300%2C198\" alt=\"Para la provincia se esperan temperaturas entre 33\u00b0 a 37\u00b0.\" width=\"300\" height=\"198\" srcset=\"https:\/\/i0.wp.com\/eltrabajo.cl\/portal\/wp-content\/uploads\/2016\/02\/Ola-de-calor.jpg?resize=300%2C198&amp;ssl=1 300w, https:\/\/i0.wp.com\/eltrabajo.cl\/portal\/wp-content\/uploads\/2016\/02\/Ola-de-calor.jpg?resize=200%2C132&amp;ssl=1 200w, https:\/\/i0.wp.com\/eltrabajo.cl\/portal\/wp-content\/uploads\/2016\/02\/Ola-de-calor.jpg?resize=228%2C150&amp;ssl=1 228w, https:\/\/i0.wp.com\/eltrabajo.cl\/portal\/wp-content\/uploads\/2016\/02\/Ola-de-calor.jpg?resize=400%2C263&amp;ssl=1 400w, https:\/\/i0.wp.com\/eltrabajo.cl\/portal\/wp-content\/uploads\/2016\/02\/Ola-de-calor.jpg?w=530&amp;ssl=1 530w\" sizes=\"auto, (max-width: 300px) 100vw, 300px\" \/><\/a><figcaption id=\"caption-attachment-67089\" class=\"wp-caption-text\">Para la provincia se esperan temperaturas entre 33\u00b0 a 37\u00b0.<\/figcaption><\/figure>\n<p>La Direcci\u00f3n Meteorol\u00f3gica de Chile emiti\u00f3 una nueva alerta por la ola de calor que afectar\u00e1 a todas las localidades entre la Regi\u00f3n de Valpara\u00edso y El Maule.<br \/>\n\u201cEsta ola de calor afectar\u00e1 a los sectores interiores de las regiones ya mencionadas. Se esperan temperaturas de entre 33\u00b0 a 37\u00b0\u201d, expuso el jefe de pron\u00f3sticos de la Direcci\u00f3n Meteorol\u00f3gica, Jaime Leyton.<br \/>\nLas temperaturas m\u00e1s altas se registrar\u00e1n en San Felipe con 37\u00b0, 36\u00b0 en Los Andes y 37\u00b0 en Til Til. En Colina y diversos sectores de Santiago los term\u00f3metros marcar\u00e1n 35\u00b0.<br \/>\nPara finalizar, Leyton asever\u00f3 que \u201clas temperaturas descender\u00e1n el d\u00eda jueves y se espera que sea la \u00faltima ola de calor de febrero\u201d. El meteor\u00f3logo no descart\u00f3 que durante marzo vuelvan a ocurrir m\u00e1s olas de calor.<br \/>\n<strong>Patricio Gallardo M.<\/strong><\/p>\n","protected":false},"excerpt":{"rendered":"<p>La Direcci\u00f3n Meteorol\u00f3gica de Chile emiti\u00f3 una nueva alerta por la ola de calor que afectar\u00e1 a todas las localidades entre la Regi\u00f3n de Valpara\u00edso y El Maule. \u201cEsta ola de calor&#8230;<\/p>\n","protected":false},"author":1,"featured_media":67089,"comment_status":"open","ping_status":"open","sticky":false,"template":"","format":"standard","meta":{"advanced_seo_description":"","jetpack_seo_html_title":"","jetpack_seo_noindex":false,"_jetpack_memberships_contains_paid_content":false,"footnotes":""},"categories":[1],"tags":[],"class_list":["post-67088","post","type-post","status-publish","format-standard","has-post-thumbnail","hentry","category-cronica"],"jetpack_featured_media_url":"https:\/\/i0.wp.com\/eltrabajo.cl\/portal\/wp-content\/uploads\/2016\/02\/Ola-de-calor.jpg?fit=530%2C349&ssl=1","jetpack_sharing_enabled":true,"jetpack_likes_enabled":true,"jetpack-related-posts":[],"_links":{"self":[{"href":"https:\/\/eltrabajo.cl\/portal\/wp-json\/wp\/v2\/posts\/67088","targetHints":{"allow":["GET"]}}],"collection":[{"href":"https:\/\/eltrabajo.cl\/portal\/wp-json\/wp\/v2\/posts"}],"about":[{"href":"https:\/\/eltrabajo.cl\/portal\/wp-json\/wp\/v2\/types\/post"}],"author":[{"embeddable":true,"href":"https:\/\/eltrabajo.cl\/portal\/wp-json\/wp\/v2\/users\/1"}],"replies":[{"embeddable":true,"href":"https:\/\/eltrabajo.cl\/portal\/wp-json\/wp\/v2\/comments?post=67088"}],"version-history":[{"count":0,"href":"https:\/\/eltrabajo.cl\/portal\/wp-json\/wp\/v2\/posts\/67088\/revisions"}],"wp:featuredmedia":[{"embeddable":true,"href":"https:\/\/eltrabajo.cl\/portal\/wp-json\/wp\/v2\/media\/67089"}],"wp:attachment":[{"href":"https:\/\/eltrabajo.cl\/portal\/wp-json\/wp\/v2\/media?parent=67088"}],"wp:term":[{"taxonomy":"category","embeddable":true,"href":"https:\/\/eltrabajo.cl\/portal\/wp-json\/wp\/v2\/categories?post=67088"},{"taxonomy":"post_tag","embeddable":true,"href":"https:\/\/eltrabajo.cl\/portal\/wp-json\/wp\/v2\/tags?post=67088"}],"curies":[{"name":"wp","href":"https:\/\/api.w.org\/{rel}","templated":true}]}}