{"id":67092,"date":"2016-02-23T08:57:02","date_gmt":"2016-02-23T11:57:02","guid":{"rendered":"http:\/\/www.eltrabajo.cl\/portal\/?p=67092"},"modified":"2016-02-23T08:57:02","modified_gmt":"2016-02-23T11:57:02","slug":"lanza-profesional-roba-dinero-a-transeunte-justo-cuando-cruzaba-la-calle","status":"publish","type":"post","link":"https:\/\/eltrabajo.cl\/portal\/lanza-profesional-roba-dinero-a-transeunte-justo-cuando-cruzaba-la-calle\/","title":{"rendered":"Lanza profesional roba dinero a transe\u00fante justo cuando cruzaba la calle"},"content":{"rendered":"<figure id=\"attachment_67093\" aria-describedby=\"caption-attachment-67093\" style=\"width: 530px\" class=\"wp-caption alignleft\"><a href=\"http:\/\/www.eltrabajo.cl\/portal\/lanza-profesional-roba-dinero-a-transeunte-justo-cuando-cruzaba-la-calle\/francisco-javier-campos-carvajal\/\" rel=\"attachment wp-att-67093\"><img data-recalc-dims=\"1\" loading=\"lazy\" decoding=\"async\" class=\"size-full wp-image-67093\" src=\"https:\/\/i0.wp.com\/www.eltrabajo.cl\/portal\/wp-content\/uploads\/2016\/02\/FRANCISCO-JAVIER-CAMPOS-CARVAJAL.jpg?resize=530%2C349\" alt=\"El imputado Francisco Javier Campos Carvajal fue capturado en minutos por Carabineros tras cometer un robo por sorpresa en pleno centro de San Felipe, resultando v\u00edctima un hombre de 50 a\u00f1os de edad.\" width=\"530\" height=\"349\" srcset=\"https:\/\/i0.wp.com\/eltrabajo.cl\/portal\/wp-content\/uploads\/2016\/02\/FRANCISCO-JAVIER-CAMPOS-CARVAJAL.jpg?w=530&amp;ssl=1 530w, https:\/\/i0.wp.com\/eltrabajo.cl\/portal\/wp-content\/uploads\/2016\/02\/FRANCISCO-JAVIER-CAMPOS-CARVAJAL.jpg?resize=200%2C132&amp;ssl=1 200w, https:\/\/i0.wp.com\/eltrabajo.cl\/portal\/wp-content\/uploads\/2016\/02\/FRANCISCO-JAVIER-CAMPOS-CARVAJAL.jpg?resize=300%2C198&amp;ssl=1 300w, https:\/\/i0.wp.com\/eltrabajo.cl\/portal\/wp-content\/uploads\/2016\/02\/FRANCISCO-JAVIER-CAMPOS-CARVAJAL.jpg?resize=228%2C150&amp;ssl=1 228w, https:\/\/i0.wp.com\/eltrabajo.cl\/portal\/wp-content\/uploads\/2016\/02\/FRANCISCO-JAVIER-CAMPOS-CARVAJAL.jpg?resize=400%2C263&amp;ssl=1 400w\" sizes=\"auto, (max-width: 530px) 100vw, 530px\" \/><\/a><figcaption id=\"caption-attachment-67093\" class=\"wp-caption-text\">El imputado Francisco Javier Campos Carvajal fue capturado en minutos por Carabineros tras cometer un robo por sorpresa en pleno centro de San Felipe, resultando v\u00edctima un hombre de 50 a\u00f1os de edad.<\/figcaption><\/figure>\n<p>El hecho se registr\u00f3 en pleno centro de San Felipe en horas de la tarde del domingo.<br \/>\nPor el delito de robo por sorpresa fue capturado por Carabineros un peligroso delincuente que minutos antes sustrajo h\u00e1bilmente 12 mil pesos que portaba la v\u00edctima de 50 a\u00f1os de edad en el bolsillo de su camisa. El hecho se produjo cuando la afectada cruzaba la intersecci\u00f3n de calles Combate de Las Coimas esquina Merced de San Felipe.<br \/>\nEl hecho se origin\u00f3 pasadas las 20:00 horas del pasado domingo en circunstancias que Carabineros observ\u00f3 a un sujeto que escapaba a toda velocidad por el per\u00edmetro central de esta comuna, lugar donde la v\u00edctima requiri\u00f3 el auxilio de los uniformados se\u00f1alando que hab\u00eda sufrido el robo del dinero.<br \/>\nEn cuesti\u00f3n de segundos los efectivos policiales fueron en persecuci\u00f3n del avezado antisocial que fue reducido en la v\u00eda p\u00fablica portando el dinero perteneciente a la v\u00edctima, as\u00ed lo inform\u00f3 la Comisario (S) de Carabineros, Capit\u00e1n Carolina Fern\u00e1ndez.<br \/>\n\u201cLa v\u00edctima transitaba por calle Coimas con Merced y al cruzar la calle se le acerca un individuo quien en forma sorpresiva, le meti\u00f3 la mano en la camisa para robarle el dinero. Carabineros estaba patrullando el sector y se percataron que este individuo iba corriendo, se acercaron a la v\u00edctima quien explica a grandes rasgos lo sucedido. Los funcionarios al perseguir al sujeto logran su captura en conjunto con la recuperaci\u00f3n del dinero\u201d.<br \/>\nLa oficial policial agreg\u00f3 que la v\u00edctima afortunadamente no sufri\u00f3 ning\u00fan tipo de lesiones tras este delito, argumentando que el sujeto no habr\u00eda utilizado ning\u00fan tipo de armamento para la comisi\u00f3n del robo. \u201cEste sujeto cuenta un amplio prontuario delictual por delitos de robo con violencia, robo en lugar habitado, robo en bienes en bienes nacionales y de uso p\u00fablico. Fue importante lograr su detenci\u00f3n ya que fue reconocido por la v\u00edctima\u201d, precis\u00f3 Fern\u00e1ndez.<br \/>\nEl imputado fue individualizado como Francisco Javier Campos Carvajal quien fue sometido a control de detenci\u00f3n en el Juzgado de Garant\u00eda de San Felipe, siendo formalizado por la Fiscal\u00eda que investigar\u00e1 el caso. El Tribunal orden\u00f3 la libertad del acusado quedando sujeto a las cautelares de forma mensual en Carabineros, la prohibici\u00f3n de acercarse a la v\u00edctima y arraigo nacional.<br \/>\n<strong>Pablo Salinas Sald\u00edas<\/strong><\/p>\n","protected":false},"excerpt":{"rendered":"<p>El hecho se registr\u00f3 en pleno centro de San Felipe en horas de la tarde del domingo. Por el delito de robo por sorpresa fue capturado por Carabineros un peligroso delincuente que&#8230;<\/p>\n","protected":false},"author":1,"featured_media":67093,"comment_status":"open","ping_status":"open","sticky":false,"template":"","format":"standard","meta":{"advanced_seo_description":"","jetpack_seo_html_title":"","jetpack_seo_noindex":false,"_jetpack_memberships_contains_paid_content":false,"footnotes":""},"categories":[21],"tags":[],"class_list":["post-67092","post","type-post","status-publish","format-standard","has-post-thumbnail","hentry","category-policial"],"jetpack_featured_media_url":"https:\/\/i0.wp.com\/eltrabajo.cl\/portal\/wp-content\/uploads\/2016\/02\/FRANCISCO-JAVIER-CAMPOS-CARVAJAL.jpg?fit=530%2C349&ssl=1","jetpack_sharing_enabled":true,"jetpack_likes_enabled":true,"jetpack-related-posts":[],"_links":{"self":[{"href":"https:\/\/eltrabajo.cl\/portal\/wp-json\/wp\/v2\/posts\/67092","targetHints":{"allow":["GET"]}}],"collection":[{"href":"https:\/\/eltrabajo.cl\/portal\/wp-json\/wp\/v2\/posts"}],"about":[{"href":"https:\/\/eltrabajo.cl\/portal\/wp-json\/wp\/v2\/types\/post"}],"author":[{"embeddable":true,"href":"https:\/\/eltrabajo.cl\/portal\/wp-json\/wp\/v2\/users\/1"}],"replies":[{"embeddable":true,"href":"https:\/\/eltrabajo.cl\/portal\/wp-json\/wp\/v2\/comments?post=67092"}],"version-history":[{"count":0,"href":"https:\/\/eltrabajo.cl\/portal\/wp-json\/wp\/v2\/posts\/67092\/revisions"}],"wp:featuredmedia":[{"embeddable":true,"href":"https:\/\/eltrabajo.cl\/portal\/wp-json\/wp\/v2\/media\/67093"}],"wp:attachment":[{"href":"https:\/\/eltrabajo.cl\/portal\/wp-json\/wp\/v2\/media?parent=67092"}],"wp:term":[{"taxonomy":"category","embeddable":true,"href":"https:\/\/eltrabajo.cl\/portal\/wp-json\/wp\/v2\/categories?post=67092"},{"taxonomy":"post_tag","embeddable":true,"href":"https:\/\/eltrabajo.cl\/portal\/wp-json\/wp\/v2\/tags?post=67092"}],"curies":[{"name":"wp","href":"https:\/\/api.w.org\/{rel}","templated":true}]}}