{"id":67096,"date":"2016-02-23T08:59:35","date_gmt":"2016-02-23T11:59:35","guid":{"rendered":"http:\/\/www.eltrabajo.cl\/portal\/?p=67096"},"modified":"2016-02-23T08:59:36","modified_gmt":"2016-02-23T11:59:36","slug":"conductor-ebrio-impacto-a-joven-muchacha-que-se-desplazaba-en-moto","status":"publish","type":"post","link":"https:\/\/eltrabajo.cl\/portal\/conductor-ebrio-impacto-a-joven-muchacha-que-se-desplazaba-en-moto\/","title":{"rendered":"Conductor ebrio impact\u00f3 a joven muchacha que se desplazaba en moto"},"content":{"rendered":"<figure id=\"attachment_67097\" aria-describedby=\"caption-attachment-67097\" style=\"width: 300px\" class=\"wp-caption alignleft\"><a href=\"http:\/\/www.eltrabajo.cl\/portal\/conductor-ebrio-impacto-a-joven-muchacha-que-se-desplazaba-en-moto\/ingrid-castillo-sanfelipena-que-fuera-impactada-en-su-motocicleta-por-un-furgon-utilitario-conducido-por-un-hombre-en-estado-de-ebriedad\/\" rel=\"attachment wp-att-67097\"><img data-recalc-dims=\"1\" loading=\"lazy\" decoding=\"async\" class=\"size-medium wp-image-67097\" src=\"https:\/\/i0.wp.com\/www.eltrabajo.cl\/portal\/wp-content\/uploads\/2016\/02\/INGRID-CASTILLO-SANFELIPENA-QUE-FUERA-IMPACTADA-EN-SU-MOTOCICLETA-POR-UN-FURGON-UTILITARIO-CONDUCIDO-POR-UN-HOMBRE-EN-ESTADO-DE-EBRIEDAD-300x198.jpg?resize=300%2C198\" alt=\"Ingrid Castillo, sanfelipe\u00f1a que fuera impactada en su motocicleta por un furg\u00f3n utilitario conducido por un hombre en estado de ebriedad.\" width=\"300\" height=\"198\" srcset=\"https:\/\/i0.wp.com\/eltrabajo.cl\/portal\/wp-content\/uploads\/2016\/02\/INGRID-CASTILLO-SANFELIPENA-QUE-FUERA-IMPACTADA-EN-SU-MOTOCICLETA-POR-UN-FURGON-UTILITARIO-CONDUCIDO-POR-UN-HOMBRE-EN-ESTADO-DE-EBRIEDAD.jpg?resize=300%2C198&amp;ssl=1 300w, https:\/\/i0.wp.com\/eltrabajo.cl\/portal\/wp-content\/uploads\/2016\/02\/INGRID-CASTILLO-SANFELIPENA-QUE-FUERA-IMPACTADA-EN-SU-MOTOCICLETA-POR-UN-FURGON-UTILITARIO-CONDUCIDO-POR-UN-HOMBRE-EN-ESTADO-DE-EBRIEDAD.jpg?resize=200%2C132&amp;ssl=1 200w, https:\/\/i0.wp.com\/eltrabajo.cl\/portal\/wp-content\/uploads\/2016\/02\/INGRID-CASTILLO-SANFELIPENA-QUE-FUERA-IMPACTADA-EN-SU-MOTOCICLETA-POR-UN-FURGON-UTILITARIO-CONDUCIDO-POR-UN-HOMBRE-EN-ESTADO-DE-EBRIEDAD.jpg?resize=228%2C150&amp;ssl=1 228w, https:\/\/i0.wp.com\/eltrabajo.cl\/portal\/wp-content\/uploads\/2016\/02\/INGRID-CASTILLO-SANFELIPENA-QUE-FUERA-IMPACTADA-EN-SU-MOTOCICLETA-POR-UN-FURGON-UTILITARIO-CONDUCIDO-POR-UN-HOMBRE-EN-ESTADO-DE-EBRIEDAD.jpg?resize=400%2C263&amp;ssl=1 400w, https:\/\/i0.wp.com\/eltrabajo.cl\/portal\/wp-content\/uploads\/2016\/02\/INGRID-CASTILLO-SANFELIPENA-QUE-FUERA-IMPACTADA-EN-SU-MOTOCICLETA-POR-UN-FURGON-UTILITARIO-CONDUCIDO-POR-UN-HOMBRE-EN-ESTADO-DE-EBRIEDAD.jpg?w=530&amp;ssl=1 530w\" sizes=\"auto, (max-width: 300px) 100vw, 300px\" \/><\/a><figcaption id=\"caption-attachment-67097\" class=\"wp-caption-text\">Ingrid Castillo, sanfelipe\u00f1a que fuera impactada en su motocicleta por un furg\u00f3n utilitario conducido por un hombre en estado de ebriedad.<\/figcaption><\/figure>\n<p>La adolescente result\u00f3 con heridas menores y su veh\u00edculo con da\u00f1os de consideraci\u00f3n, aunque ella asegur\u00f3 que su gran preocupaci\u00f3n es que sigan existiendo irresponsables que conducen en estado et\u00edlico.<br \/>\nDos punto 23 grados de alcohol marc\u00f3 el alcotest del conductor de un furg\u00f3n utilitario que el pasado domingo, a eso de las 20.30 horas, impact\u00f3 la motocicleta de la joven de 25 a\u00f1os Ingrid Castillo Gonz\u00e1lez, tras ignorar el disco Pare ubicado en la intersecci\u00f3n de Julio Figueroa con avenida Diego de Almagro, en el sector Poniente de San Felipe.<br \/>\nSeg\u00fan narr\u00f3 la v\u00edctima de la colisi\u00f3n, ella alcanz\u00f3 a detenerse para tratar de esquivar al veh\u00edculo mayor, sin embargo no evit\u00f3 que \u00e9ste la impactara. \u201cYo iba en mi moto y un caballero como de 60 a\u00f1os que iba saliendo desde una calle se pas\u00f3 el Pare, yo intent\u00e9 frenar, hacerle el quite, pero de todas formas me agarr\u00f3\u201d, dijo Castillo.<br \/>\nDe acuerdo al relato de la propia v\u00edctima, mientras ella era trasladada al hospital San Camilo, el conductor del furg\u00f3n \u2013conocido en el sector como \u2018El Cebolla\u2019- escap\u00f3 en bicicleta, siendo el hijo de \u00e9ste quien se llevara el m\u00f3vil del lugar. Aunque Carabineros tard\u00f3 en llegar al sitio del accidente, los efectivos policiales pudieron dar con el domicilio del conductor, quedando detenido, mientras la muchacha afortunadamente s\u00f3lo result\u00f3 con heridas de menor consideraci\u00f3n.<br \/>\nActualmente, la gran preocupaci\u00f3n de Ingrid es que a\u00fan existe gente inescrupulosa y sin criterio que se atreve a manejar bajo los efectos del alcohol, pues seg\u00fan manifest\u00f3 la justicia no opera como debiese ya que \u201cesta persona es conocida y siempre anda ebrio, por suerte a m\u00ed no me pas\u00f3 nada, pero ma\u00f1ana puede ser un ni\u00f1o, porque en ese sector juegan mucho ni\u00f1os y este tipo tiene cero conciencia de eso. Yo no s\u00e9 lo que ir\u00e1 a pasar con \u00e9l y si bien el trabajo de Carabineros no fue tan expedito, mi queja es contra la justicia porque seguramente \u00e9l ya debe estar suelto\u201d, expres\u00f3.<br \/>\nLa motocicleta result\u00f3 con da\u00f1os considerables en su carrocer\u00eda, sistema de direcci\u00f3n y frenos y, de acuerdo a su propietaria, la reparaci\u00f3n estar\u00eda costando alrededor de los 200 mil pesos, costo que en un principio se habr\u00eda comprometido a asumir los familiares del responsable del accidente.<\/p>\n","protected":false},"excerpt":{"rendered":"<p>La adolescente result\u00f3 con heridas menores y su veh\u00edculo con da\u00f1os de consideraci\u00f3n, aunque ella asegur\u00f3 que su gran preocupaci\u00f3n es que sigan existiendo irresponsables que conducen en estado et\u00edlico. Dos punto&#8230;<\/p>\n","protected":false},"author":1,"featured_media":67097,"comment_status":"open","ping_status":"open","sticky":false,"template":"","format":"standard","meta":{"advanced_seo_description":"","jetpack_seo_html_title":"","jetpack_seo_noindex":false,"_jetpack_memberships_contains_paid_content":false,"footnotes":""},"categories":[15],"tags":[],"class_list":["post-67096","post","type-post","status-publish","format-standard","has-post-thumbnail","hentry","category-comunidad"],"jetpack_featured_media_url":"https:\/\/i0.wp.com\/eltrabajo.cl\/portal\/wp-content\/uploads\/2016\/02\/INGRID-CASTILLO-SANFELIPENA-QUE-FUERA-IMPACTADA-EN-SU-MOTOCICLETA-POR-UN-FURGON-UTILITARIO-CONDUCIDO-POR-UN-HOMBRE-EN-ESTADO-DE-EBRIEDAD.jpg?fit=530%2C349&ssl=1","jetpack_sharing_enabled":true,"jetpack_likes_enabled":true,"jetpack-related-posts":[],"_links":{"self":[{"href":"https:\/\/eltrabajo.cl\/portal\/wp-json\/wp\/v2\/posts\/67096","targetHints":{"allow":["GET"]}}],"collection":[{"href":"https:\/\/eltrabajo.cl\/portal\/wp-json\/wp\/v2\/posts"}],"about":[{"href":"https:\/\/eltrabajo.cl\/portal\/wp-json\/wp\/v2\/types\/post"}],"author":[{"embeddable":true,"href":"https:\/\/eltrabajo.cl\/portal\/wp-json\/wp\/v2\/users\/1"}],"replies":[{"embeddable":true,"href":"https:\/\/eltrabajo.cl\/portal\/wp-json\/wp\/v2\/comments?post=67096"}],"version-history":[{"count":0,"href":"https:\/\/eltrabajo.cl\/portal\/wp-json\/wp\/v2\/posts\/67096\/revisions"}],"wp:featuredmedia":[{"embeddable":true,"href":"https:\/\/eltrabajo.cl\/portal\/wp-json\/wp\/v2\/media\/67097"}],"wp:attachment":[{"href":"https:\/\/eltrabajo.cl\/portal\/wp-json\/wp\/v2\/media?parent=67096"}],"wp:term":[{"taxonomy":"category","embeddable":true,"href":"https:\/\/eltrabajo.cl\/portal\/wp-json\/wp\/v2\/categories?post=67096"},{"taxonomy":"post_tag","embeddable":true,"href":"https:\/\/eltrabajo.cl\/portal\/wp-json\/wp\/v2\/tags?post=67096"}],"curies":[{"name":"wp","href":"https:\/\/api.w.org\/{rel}","templated":true}]}}