{"id":67100,"date":"2016-02-23T09:02:07","date_gmt":"2016-02-23T12:02:07","guid":{"rendered":"http:\/\/www.eltrabajo.cl\/portal\/?p=67100"},"modified":"2016-02-23T09:02:07","modified_gmt":"2016-02-23T12:02:07","slug":"nueva-condena-a-ricardito-a-10-anos-y-un-dia-por-segundo-homicidio","status":"publish","type":"post","link":"https:\/\/eltrabajo.cl\/portal\/nueva-condena-a-ricardito-a-10-anos-y-un-dia-por-segundo-homicidio\/","title":{"rendered":"Nueva condena a \u2018Ricardito\u2019 a 10 a\u00f1os y un d\u00eda por segundo homicidio"},"content":{"rendered":"<figure id=\"attachment_67101\" aria-describedby=\"caption-attachment-67101\" style=\"width: 530px\" class=\"wp-caption alignleft\"><a href=\"http:\/\/www.eltrabajo.cl\/portal\/nueva-condena-a-ricardito-a-10-anos-y-un-dia-por-segundo-homicidio\/homicidio-2\/\" rel=\"attachment wp-att-67101\"><img data-recalc-dims=\"1\" loading=\"lazy\" decoding=\"async\" class=\"size-full wp-image-67101\" src=\"https:\/\/i0.wp.com\/www.eltrabajo.cl\/portal\/wp-content\/uploads\/2016\/02\/homicidio-1.jpg?resize=530%2C349\" alt=\"A la izquierda el cuerpo del occiso Hugo Carvajal Rocha, fallecido de un certero disparo en el t\u00f3rax. A la derecha \u2018Ricardito\u2019 condenado a diez a\u00f1os y un d\u00eda por este homicidio.\" width=\"530\" height=\"349\" srcset=\"https:\/\/i0.wp.com\/eltrabajo.cl\/portal\/wp-content\/uploads\/2016\/02\/homicidio-1.jpg?w=530&amp;ssl=1 530w, https:\/\/i0.wp.com\/eltrabajo.cl\/portal\/wp-content\/uploads\/2016\/02\/homicidio-1.jpg?resize=200%2C132&amp;ssl=1 200w, https:\/\/i0.wp.com\/eltrabajo.cl\/portal\/wp-content\/uploads\/2016\/02\/homicidio-1.jpg?resize=300%2C198&amp;ssl=1 300w, https:\/\/i0.wp.com\/eltrabajo.cl\/portal\/wp-content\/uploads\/2016\/02\/homicidio-1.jpg?resize=228%2C150&amp;ssl=1 228w, https:\/\/i0.wp.com\/eltrabajo.cl\/portal\/wp-content\/uploads\/2016\/02\/homicidio-1.jpg?resize=400%2C263&amp;ssl=1 400w\" sizes=\"auto, (max-width: 530px) 100vw, 530px\" \/><\/a><figcaption id=\"caption-attachment-67101\" class=\"wp-caption-text\">A la izquierda el cuerpo del occiso Hugo Carvajal Rocha, fallecido de un certero disparo en el t\u00f3rax. A la derecha \u2018Ricardito\u2019 condenado a diez a\u00f1os y un d\u00eda por este homicidio.<\/figcaption><\/figure>\n<p><strong>El homicida ya hab\u00eda cometido el asesinato de Freddy Balbont\u00edn el 2010 siendo condenado a cuatro a\u00f1os de c\u00e1rcel. No obstante el 2014 utilizando un arma de fuego dispar\u00f3 contra un hombre que perdi\u00f3 la vida, hechos que fueron enjuiciados por el Tribunal Oral de San Felipe. <\/strong><\/p>\n<p>La terna de jueces del Tribunal Oral en Lo Penal de San Felipe conden\u00f3 a Ricardo Emerson Cataldo Mu\u00f1oz, alias \u2018El Ricardito\u2019, a cumplir una pena de 10 a\u00f1os y un d\u00eda de c\u00e1rcel, tras ser considerado culpable del asesinato de Hugo Carvajal Rocha de 34 a\u00f1os de edad, alias \u2018El Churruca\u2019, fallecido de un certero disparo en el t\u00f3rax en la villa Los \u00c1lamos de esta comuna.<br \/>\nEl dictamen judicial gener\u00f3 convicci\u00f3n a ra\u00edz de las pruebas presentadas por el Ministerio P\u00fablico de San Felipe que fueron exhibidas durante un juicio oral llevado a cabo la semana pasada por el delito de homicidio simple. En la resoluci\u00f3n emitida por este tribunal, se descontar\u00e1 el tiempo que ha permanecido privado de libertad desde el mes de diciembre de 2014 a la fecha en virtud de la causa actualmente condenada.<br \/>\nEl crimen ocurri\u00f3 el 7 de diciembre del 2014 tras una violenta ri\u00f1a que se habr\u00eda producido aparentemente por \u2018ajuste de cuentas\u2019 entre microtraficantes. Sin embargo, los antecedentes policiales de aquel entonces daban cuenta de una agresi\u00f3n sufrida por la abuela de Cataldo Mu\u00f1oz, quien habr\u00eda sido golpeada violentamente en la cabeza, lo que habr\u00eda indignado al condenado.<br \/>\nEn un momento de furia, \u2018Ricardito\u2019 habr\u00eda disparado a quemarropa sobre el cuerpo de Carvajal Rocha, quien result\u00f3 herido de gravedad, quedando tendido en la v\u00eda p\u00fablica, espec\u00edficamente en calle Aguas Claras, con un proyectil bal\u00edstico alojado en su cuerpo, lo que finalmente le provoc\u00f3 la muerte a los pocos minutos en el mismo lugar.<br \/>\nNo obstante el asesino que hab\u00eda escapado del sitio del suceso, horas m\u00e1s tarde fue capturado por los efectivos de la Polic\u00eda de Investigaciones que se desplazaron finalmente hasta la calle Brasil en la comuna de Putaendo, lugar donde fue capturado el imputado, quien permanec\u00eda oculto al interior del domicilio de un cercano.<\/p>\n<p><strong>PRIMER CRIMEN<\/strong><br \/>\n\u2018Ricardito\u2019 hasta el mes de diciembre de 2014 gozaba del beneficio carcelario de Reclusi\u00f3n Nocturna, tras haber sido condenado en el a\u00f1o 2011 a cuatro a\u00f1os por el homicidio de Freddy Balbont\u00edn, asesinado de una certera estocada en el t\u00f3rax a la altura del coraz\u00f3n con un arma blanca el 14 de noviembre de 2010, en Pasaje 5 de villa Bernardo Cruz en San Felipe.<br \/>\nTras esta reciente condena impuesta por el Tribunal Oral en Lo Penal de San Felipe, la defensa del sentenciado mantiene 10 d\u00edas para elevar eventualmente un recurso de nulidad por este juicio concluido.<br \/>\n<strong>Pablo Salinas Sald\u00edas<\/strong><\/p>\n","protected":false},"excerpt":{"rendered":"<p>El homicida ya hab\u00eda cometido el asesinato de Freddy Balbont\u00edn el 2010 siendo condenado a cuatro a\u00f1os de c\u00e1rcel. No obstante el 2014 utilizando un arma de fuego dispar\u00f3 contra un hombre&#8230;<\/p>\n","protected":false},"author":1,"featured_media":67102,"comment_status":"open","ping_status":"open","sticky":false,"template":"","format":"standard","meta":{"advanced_seo_description":"","jetpack_seo_html_title":"","jetpack_seo_noindex":false,"_jetpack_memberships_contains_paid_content":false,"footnotes":""},"categories":[21],"tags":[],"class_list":["post-67100","post","type-post","status-publish","format-standard","has-post-thumbnail","hentry","category-policial"],"jetpack_featured_media_url":"https:\/\/i0.wp.com\/eltrabajo.cl\/portal\/wp-content\/uploads\/2016\/02\/ricardito.jpg?fit=530%2C350&ssl=1","jetpack_sharing_enabled":true,"jetpack_likes_enabled":true,"jetpack-related-posts":[],"_links":{"self":[{"href":"https:\/\/eltrabajo.cl\/portal\/wp-json\/wp\/v2\/posts\/67100","targetHints":{"allow":["GET"]}}],"collection":[{"href":"https:\/\/eltrabajo.cl\/portal\/wp-json\/wp\/v2\/posts"}],"about":[{"href":"https:\/\/eltrabajo.cl\/portal\/wp-json\/wp\/v2\/types\/post"}],"author":[{"embeddable":true,"href":"https:\/\/eltrabajo.cl\/portal\/wp-json\/wp\/v2\/users\/1"}],"replies":[{"embeddable":true,"href":"https:\/\/eltrabajo.cl\/portal\/wp-json\/wp\/v2\/comments?post=67100"}],"version-history":[{"count":0,"href":"https:\/\/eltrabajo.cl\/portal\/wp-json\/wp\/v2\/posts\/67100\/revisions"}],"wp:featuredmedia":[{"embeddable":true,"href":"https:\/\/eltrabajo.cl\/portal\/wp-json\/wp\/v2\/media\/67102"}],"wp:attachment":[{"href":"https:\/\/eltrabajo.cl\/portal\/wp-json\/wp\/v2\/media?parent=67100"}],"wp:term":[{"taxonomy":"category","embeddable":true,"href":"https:\/\/eltrabajo.cl\/portal\/wp-json\/wp\/v2\/categories?post=67100"},{"taxonomy":"post_tag","embeddable":true,"href":"https:\/\/eltrabajo.cl\/portal\/wp-json\/wp\/v2\/tags?post=67100"}],"curies":[{"name":"wp","href":"https:\/\/api.w.org\/{rel}","templated":true}]}}