{"id":67106,"date":"2016-02-24T08:25:16","date_gmt":"2016-02-24T11:25:16","guid":{"rendered":"http:\/\/www.eltrabajo.cl\/portal\/?p=67106"},"modified":"2016-02-24T08:25:16","modified_gmt":"2016-02-24T11:25:16","slug":"educacion-municipal-registra-leve-aumento-en-matriculas-para-2016","status":"publish","type":"post","link":"https:\/\/eltrabajo.cl\/portal\/educacion-municipal-registra-leve-aumento-en-matriculas-para-2016\/","title":{"rendered":"Educaci\u00f3n municipal registra leve aumento en matr\u00edculas para 2016"},"content":{"rendered":"<figure id=\"attachment_67107\" aria-describedby=\"caption-attachment-67107\" style=\"width: 530px\" class=\"wp-caption alignleft\"><a href=\"http:\/\/www.eltrabajo.cl\/portal\/educacion-municipal-registra-leve-aumento-en-matriculas-para-2016\/inicio-ano-escolar\/\" rel=\"attachment wp-att-67107\"><img data-recalc-dims=\"1\" loading=\"lazy\" decoding=\"async\" class=\"size-full wp-image-67107\" src=\"https:\/\/i0.wp.com\/www.eltrabajo.cl\/portal\/wp-content\/uploads\/2016\/02\/inicio-ano-escolar.jpg?resize=530%2C349\" alt=\"El pr\u00f3ximo jueves 3 de marzo, seg\u00fan el calendario escolar 2016 del Ministerio de Educaci\u00f3n, se iniciar\u00e1n las clases en la comuna de San Felipe en todos los colegios municipales.\" width=\"530\" height=\"349\" srcset=\"https:\/\/i0.wp.com\/eltrabajo.cl\/portal\/wp-content\/uploads\/2016\/02\/inicio-ano-escolar.jpg?w=530&amp;ssl=1 530w, https:\/\/i0.wp.com\/eltrabajo.cl\/portal\/wp-content\/uploads\/2016\/02\/inicio-ano-escolar.jpg?resize=200%2C132&amp;ssl=1 200w, https:\/\/i0.wp.com\/eltrabajo.cl\/portal\/wp-content\/uploads\/2016\/02\/inicio-ano-escolar.jpg?resize=300%2C198&amp;ssl=1 300w, https:\/\/i0.wp.com\/eltrabajo.cl\/portal\/wp-content\/uploads\/2016\/02\/inicio-ano-escolar.jpg?resize=228%2C150&amp;ssl=1 228w, https:\/\/i0.wp.com\/eltrabajo.cl\/portal\/wp-content\/uploads\/2016\/02\/inicio-ano-escolar.jpg?resize=400%2C263&amp;ssl=1 400w\" sizes=\"auto, (max-width: 530px) 100vw, 530px\" \/><\/a><figcaption id=\"caption-attachment-67107\" class=\"wp-caption-text\">El pr\u00f3ximo jueves 3 de marzo, seg\u00fan el calendario escolar 2016 del Ministerio de Educaci\u00f3n, se iniciar\u00e1n las clases en la comuna de San Felipe en todos los colegios municipales.<\/figcaption><\/figure>\n<p>Un leve pero reconfortante aumento se ha registrado en las matr\u00edculas de educaci\u00f3n municipalizada para este a\u00f1o en comparaci\u00f3n a 2015.<br \/>\nAs\u00ed lo dio a conocer el director de Administraci\u00f3n de Educaci\u00f3n Municipal, Iv\u00e1n Silva, quien record\u00f3 que el pr\u00f3ximo jueves 3 de marzo, tal como lo establece el calendario escolar 2016 del Ministerio de Educaci\u00f3n, se inician las clases en todos los establecimientos educacionales municipalizados de la comuna de San Felipe.<br \/>\n\u201cLos asistentes de la educaci\u00f3n iniciaron sus labores el lunes 22 de febrero, para as\u00ed dejar preparadas las escuelas; mientras que los directores y profesores inician sus actividades el 1 de marzo. El jueves 3 de marzo en tanto, se inicia oficialmente el a\u00f1o lectivo 2016, en todos nuestros liceos y escuelas. Ya est\u00e1 coordinado el tema de transporte para los alumnos de sectores rurales y se ha efectuado toda la labor de coordinaci\u00f3n para la entrega de alimentaci\u00f3n\u201d, se\u00f1al\u00f3 Silva.<br \/>\nPrecis\u00f3 que este verano, por instrucciones del alcalde Patricio Freire y en base a los requerimientos de las comunidades educativas, se efectu\u00f3 un arduo trabajo orientado a mejorar los espacios correspondientes a cocinas y comedores, con la finalidad de contar con los recintos apropiados para cumplir a cabalidad las exigencias, no solo sanitarias, sino tambi\u00e9n desde el punto de vista de las expectativas de los alumnos.<br \/>\nSe\u00f1al\u00f3 que en el contexto de la nueva normativa legal, que concede el paso de los profesores en condici\u00f3n de contrata, a titulares, un porcentaje significativo de docentes del sistema municipalizado sanfelipe\u00f1o, se vio favorecido, lo que implic\u00f3 que se registraran algunos ajustes en los equipos de pedagogos, que a su juicio fortalecer\u00e1 la labor en cada uno de los establecimientos.<br \/>\nA\u00f1adi\u00f3 que en relaci\u00f3n a los procesos de matr\u00edculas en los colegios, todav\u00eda hay cupos disponibles en la gran mayor\u00eda de ellos, por lo que la invitaci\u00f3n es a los padres y apoderados para que se informe de las ventajas del sistema de educaci\u00f3n municipalizado de la comuna.<\/p>\n","protected":false},"excerpt":{"rendered":"<p>Un leve pero reconfortante aumento se ha registrado en las matr\u00edculas de educaci\u00f3n municipalizada para este a\u00f1o en comparaci\u00f3n a 2015. As\u00ed lo dio a conocer el director de Administraci\u00f3n de Educaci\u00f3n&#8230;<\/p>\n","protected":false},"author":1,"featured_media":67107,"comment_status":"open","ping_status":"open","sticky":false,"template":"","format":"standard","meta":{"advanced_seo_description":"","jetpack_seo_html_title":"","jetpack_seo_noindex":false,"_jetpack_memberships_contains_paid_content":false,"footnotes":""},"categories":[1],"tags":[],"class_list":["post-67106","post","type-post","status-publish","format-standard","has-post-thumbnail","hentry","category-cronica"],"jetpack_featured_media_url":"https:\/\/i0.wp.com\/eltrabajo.cl\/portal\/wp-content\/uploads\/2016\/02\/inicio-ano-escolar.jpg?fit=530%2C349&ssl=1","jetpack_sharing_enabled":true,"jetpack_likes_enabled":true,"jetpack-related-posts":[],"_links":{"self":[{"href":"https:\/\/eltrabajo.cl\/portal\/wp-json\/wp\/v2\/posts\/67106","targetHints":{"allow":["GET"]}}],"collection":[{"href":"https:\/\/eltrabajo.cl\/portal\/wp-json\/wp\/v2\/posts"}],"about":[{"href":"https:\/\/eltrabajo.cl\/portal\/wp-json\/wp\/v2\/types\/post"}],"author":[{"embeddable":true,"href":"https:\/\/eltrabajo.cl\/portal\/wp-json\/wp\/v2\/users\/1"}],"replies":[{"embeddable":true,"href":"https:\/\/eltrabajo.cl\/portal\/wp-json\/wp\/v2\/comments?post=67106"}],"version-history":[{"count":0,"href":"https:\/\/eltrabajo.cl\/portal\/wp-json\/wp\/v2\/posts\/67106\/revisions"}],"wp:featuredmedia":[{"embeddable":true,"href":"https:\/\/eltrabajo.cl\/portal\/wp-json\/wp\/v2\/media\/67107"}],"wp:attachment":[{"href":"https:\/\/eltrabajo.cl\/portal\/wp-json\/wp\/v2\/media?parent=67106"}],"wp:term":[{"taxonomy":"category","embeddable":true,"href":"https:\/\/eltrabajo.cl\/portal\/wp-json\/wp\/v2\/categories?post=67106"},{"taxonomy":"post_tag","embeddable":true,"href":"https:\/\/eltrabajo.cl\/portal\/wp-json\/wp\/v2\/tags?post=67106"}],"curies":[{"name":"wp","href":"https:\/\/api.w.org\/{rel}","templated":true}]}}