{"id":67110,"date":"2016-02-24T08:28:48","date_gmt":"2016-02-24T11:28:48","guid":{"rendered":"http:\/\/www.eltrabajo.cl\/portal\/?p=67110"},"modified":"2016-02-24T08:28:48","modified_gmt":"2016-02-24T11:28:48","slug":"familiares-del-chico-mario-llegaron-de-linares-y-ya-lo-rescataron","status":"publish","type":"post","link":"https:\/\/eltrabajo.cl\/portal\/familiares-del-chico-mario-llegaron-de-linares-y-ya-lo-rescataron\/","title":{"rendered":"Familiares del \u2018Chico Mario\u2019 llegaron de Linares y ya lo rescataron"},"content":{"rendered":"<figure id=\"attachment_67111\" aria-describedby=\"caption-attachment-67111\" style=\"width: 530px\" class=\"wp-caption alignleft\"><a href=\"http:\/\/www.eltrabajo.cl\/portal\/familiares-del-chico-mario-llegaron-de-linares-y-ya-lo-rescataron\/soledad33\/\" rel=\"attachment wp-att-67111\"><img data-recalc-dims=\"1\" loading=\"lazy\" decoding=\"async\" class=\"size-full wp-image-67111\" src=\"https:\/\/i0.wp.com\/www.eltrabajo.cl\/portal\/wp-content\/uploads\/2016\/02\/Soledad33.jpg?resize=530%2C350\" alt=\"NUESTRO PR\u00d3JIMO.- En una profunda soledad y abandono es en la que viv\u00eda este indigente, a quien se le quem\u00f3 la carpa en donde pernoctaba desde hace un tiempo. \" width=\"530\" height=\"350\" srcset=\"https:\/\/i0.wp.com\/eltrabajo.cl\/portal\/wp-content\/uploads\/2016\/02\/Soledad33.jpg?w=530&amp;ssl=1 530w, https:\/\/i0.wp.com\/eltrabajo.cl\/portal\/wp-content\/uploads\/2016\/02\/Soledad33.jpg?resize=200%2C132&amp;ssl=1 200w, https:\/\/i0.wp.com\/eltrabajo.cl\/portal\/wp-content\/uploads\/2016\/02\/Soledad33.jpg?resize=300%2C198&amp;ssl=1 300w, https:\/\/i0.wp.com\/eltrabajo.cl\/portal\/wp-content\/uploads\/2016\/02\/Soledad33.jpg?resize=227%2C150&amp;ssl=1 227w, https:\/\/i0.wp.com\/eltrabajo.cl\/portal\/wp-content\/uploads\/2016\/02\/Soledad33.jpg?resize=400%2C264&amp;ssl=1 400w\" sizes=\"auto, (max-width: 530px) 100vw, 530px\" \/><\/a><figcaption id=\"caption-attachment-67111\" class=\"wp-caption-text\">NUESTRO PR\u00d3JIMO.- En una profunda soledad y abandono es en la que viv\u00eda este indigente, a quien se le quem\u00f3 la carpa en donde pernoctaba desde hace un tiempo.<\/figcaption><\/figure>\n<p><strong>Indefenso indigente viv\u00eda olvidado en una carpa tras incendio:<\/strong><\/p>\n<p>Hace pocos d\u00edas en Diario El Trabajo publicamos la historia de Mario Fuentes Badilla, un indigente a quien se le quem\u00f3 el toldo en donde viv\u00eda desde hac\u00eda mucho tiempo; lo poco o mucho que \u00e9l ten\u00eda qued\u00f3 reducido a cenizas; no tiene trabajo y estaba mordiendo el polvo literalmente, porque s\u00f3lo ten\u00eda fuerzas para caminar pocos metros, ya que sufre de un alcoholismo desde que ten\u00eda apenas trece a\u00f1os y ahora tiene 45.<\/p>\n<p><strong>HUBO RESPUESTA<\/strong><br \/>\nEl llamado que hicimos en ese reportaje fue directamente a ayudar, y si bien no llegaron personeros de instituciones religiosas, lo cierto del caso es que s\u00ed lo hicieron funcionarios de la Oficina de Programas y Proyectos de Desarrollo Social de San Felipe, entidad perteneciente al municipio local, que intervinieron de manera positiva para auxiliar a esta persona.<br \/>\n\u00abNosotros desde hace d\u00edas est\u00e1bamos monitoreando el estado de salud de don Mario, tambi\u00e9n le hab\u00edamos suministrado la carpa en donde dorm\u00eda desde que se le quem\u00f3 la otra carpa, sin embargo no tuvimos tiempo de coordinarle alg\u00fan internamiento, porque dos de sus hermanas, seg\u00fan nos report\u00f3 una fuente cercana, llegaron desde Linares y se lo llevaron, entiendo que ahora \u00e9l est\u00e1 someti\u00e9ndose a un tratamiento para superar su adicci\u00f3n al alcohol\u00bb, coment\u00f3 a Diario El Trabajo un funcionario municipal cercano al caso, pero que solicit\u00f3 no revelar su identidad.<br \/>\nRecordemos que los pies y manos de don Mario y pr\u00e1cticamente todo su cuerpo, estaba hinchado por la saturaci\u00f3n de alcohol, las yagas, piel muerta y escamas en su cuerpo es lo que se adher\u00eda a sus adoloridos huesos.<\/p>\n<p><strong>\u00abYO BEBO DESDE\u00a0<\/strong><strong>MIS TRECE A\u00d1OS\u00bb<\/strong><br \/>\nEn su momento don Mario, \u2018El Chico Mario\u2019, coment\u00f3 a nuestro medio que \u00abtengo dos hijos y familia como cualquier cristiano; no he logrado escapar de este alcoholismo; no tengo d\u00f3nde vivir dignamente. Son los vecinos quienes me regalan comida o alguna ropita para vestirme, pero no cuento con un lugar para ba\u00f1arme ni tener descanso\u00bb.<br \/>\n<strong>Roberto Gonz\u00e1lez Short<\/strong><br \/>\n<strong>rgonzalez@eltrabajo.cl<\/strong><\/p>\n","protected":false},"excerpt":{"rendered":"<p>Indefenso indigente viv\u00eda olvidado en una carpa tras incendio: Hace pocos d\u00edas en Diario El Trabajo publicamos la historia de Mario Fuentes Badilla, un indigente a quien se le quem\u00f3 el toldo&#8230;<\/p>\n","protected":false},"author":1,"featured_media":67111,"comment_status":"open","ping_status":"open","sticky":false,"template":"","format":"standard","meta":{"advanced_seo_description":"","jetpack_seo_html_title":"","jetpack_seo_noindex":false,"_jetpack_memberships_contains_paid_content":false,"footnotes":""},"categories":[15],"tags":[],"class_list":["post-67110","post","type-post","status-publish","format-standard","has-post-thumbnail","hentry","category-comunidad"],"jetpack_featured_media_url":"https:\/\/i0.wp.com\/eltrabajo.cl\/portal\/wp-content\/uploads\/2016\/02\/Soledad33.jpg?fit=530%2C350&ssl=1","jetpack_sharing_enabled":true,"jetpack_likes_enabled":true,"jetpack-related-posts":[],"_links":{"self":[{"href":"https:\/\/eltrabajo.cl\/portal\/wp-json\/wp\/v2\/posts\/67110","targetHints":{"allow":["GET"]}}],"collection":[{"href":"https:\/\/eltrabajo.cl\/portal\/wp-json\/wp\/v2\/posts"}],"about":[{"href":"https:\/\/eltrabajo.cl\/portal\/wp-json\/wp\/v2\/types\/post"}],"author":[{"embeddable":true,"href":"https:\/\/eltrabajo.cl\/portal\/wp-json\/wp\/v2\/users\/1"}],"replies":[{"embeddable":true,"href":"https:\/\/eltrabajo.cl\/portal\/wp-json\/wp\/v2\/comments?post=67110"}],"version-history":[{"count":0,"href":"https:\/\/eltrabajo.cl\/portal\/wp-json\/wp\/v2\/posts\/67110\/revisions"}],"wp:featuredmedia":[{"embeddable":true,"href":"https:\/\/eltrabajo.cl\/portal\/wp-json\/wp\/v2\/media\/67111"}],"wp:attachment":[{"href":"https:\/\/eltrabajo.cl\/portal\/wp-json\/wp\/v2\/media?parent=67110"}],"wp:term":[{"taxonomy":"category","embeddable":true,"href":"https:\/\/eltrabajo.cl\/portal\/wp-json\/wp\/v2\/categories?post=67110"},{"taxonomy":"post_tag","embeddable":true,"href":"https:\/\/eltrabajo.cl\/portal\/wp-json\/wp\/v2\/tags?post=67110"}],"curies":[{"name":"wp","href":"https:\/\/api.w.org\/{rel}","templated":true}]}}