{"id":67114,"date":"2016-02-24T08:32:20","date_gmt":"2016-02-24T11:32:20","guid":{"rendered":"http:\/\/www.eltrabajo.cl\/portal\/?p=67114"},"modified":"2016-02-24T08:32:20","modified_gmt":"2016-02-24T11:32:20","slug":"autoridades-entregan-distincion-por-aniversario-a-base-antartica-del-ejercito","status":"publish","type":"post","link":"https:\/\/eltrabajo.cl\/portal\/autoridades-entregan-distincion-por-aniversario-a-base-antartica-del-ejercito\/","title":{"rendered":"Autoridades entregan distinci\u00f3n por aniversario a Base Ant\u00e1rtica del Ej\u00e9rcito"},"content":{"rendered":"<figure id=\"attachment_67115\" aria-describedby=\"caption-attachment-67115\" style=\"width: 530px\" class=\"wp-caption alignleft\"><a href=\"http:\/\/www.eltrabajo.cl\/portal\/autoridades-entregan-distincion-por-aniversario-a-base-antartica-del-ejercito\/base-antartica-1\/\" rel=\"attachment wp-att-67115\"><img data-recalc-dims=\"1\" loading=\"lazy\" decoding=\"async\" class=\"size-full wp-image-67115\" src=\"https:\/\/i0.wp.com\/www.eltrabajo.cl\/portal\/wp-content\/uploads\/2016\/02\/Base-antartica-1.jpg?resize=530%2C350\" alt=\"Autoridades sanfelipe\u00f1as entregaron un galvano a la Base Ant\u00e1rtica del Ej\u00e9rcito General Bernardo O\u2019Higgins Riquelme en su aniversario N\u00ba 68.\" width=\"530\" height=\"350\" srcset=\"https:\/\/i0.wp.com\/eltrabajo.cl\/portal\/wp-content\/uploads\/2016\/02\/Base-antartica-1.jpg?w=530&amp;ssl=1 530w, https:\/\/i0.wp.com\/eltrabajo.cl\/portal\/wp-content\/uploads\/2016\/02\/Base-antartica-1.jpg?resize=200%2C132&amp;ssl=1 200w, https:\/\/i0.wp.com\/eltrabajo.cl\/portal\/wp-content\/uploads\/2016\/02\/Base-antartica-1.jpg?resize=300%2C198&amp;ssl=1 300w, https:\/\/i0.wp.com\/eltrabajo.cl\/portal\/wp-content\/uploads\/2016\/02\/Base-antartica-1.jpg?resize=227%2C150&amp;ssl=1 227w, https:\/\/i0.wp.com\/eltrabajo.cl\/portal\/wp-content\/uploads\/2016\/02\/Base-antartica-1.jpg?resize=400%2C264&amp;ssl=1 400w\" sizes=\"auto, (max-width: 530px) 100vw, 530px\" \/><\/a><figcaption id=\"caption-attachment-67115\" class=\"wp-caption-text\">Autoridades sanfelipe\u00f1as entregaron un galvano a la Base Ant\u00e1rtica del Ej\u00e9rcito General Bernardo O\u2019Higgins Riquelme en su aniversario N\u00ba 68.<\/figcaption><\/figure>\n<p>Dotaci\u00f3n del per\u00edodo 2015 \u2013 2015, cuenta entre sus integrantes con el sanfelipe\u00f1o Jorge Canio Ortega, Sargento Segundo del Ej\u00e9rcito.<br \/>\nUn galvano en reconocimiento a la labor que realiza, en el marco de su 68 aniversario, entreg\u00f3 el alcalde Patricio Freire y el Concejo Municipal, a la Base Ant\u00e1rtica del Ej\u00e9rcito General Bernardo O\u2019Higgins Riquelme.<br \/>\nLa dotaci\u00f3n que cumple funciones por el per\u00edodo 2015 \u2013 2016, cuenta entre sus miembros con el vecino sanfelipe\u00f1o Jorge Canio Ortega, Sargento Segundo que fue el encargado de hacer entrega de este reconocimiento, representando al alcalde y al concejo, al Teniente Coronel Cristian Carrillo Cerda, quien ocupa el cargo de comandante de la base.<br \/>\n\u201cSabemos que el Ej\u00e9rcito realiza una abnegada labor en esas zonas tan apartadas. Una labor que nosotros valoramos y por lo tanto, correspond\u00eda que en el marco de su aniversario, como autoridades comunales, representando a toda la comunidad, felicit\u00e1ramos a la Base Ant\u00e1rtica\u201d, se\u00f1al\u00f3 el alcalde Freire.<br \/>\nEn este mismo sentido, el Sargento Segundo Jorge Canio Ortega se mostr\u00f3 feliz de entregar este obsequio al comandante de la Base y a todo el personal de la Dotaci\u00f3n Ant\u00e1rtica 2015 \u2013 2016.<br \/>\n\u201cLe agradezco al se\u00f1or alcalde por otorgarme el honor de entregar este presente en nombre de mi querida ciudad de San Felipe. Este reconocimiento qued\u00f3 en el sal\u00f3n principal de la Base y ser\u00e1 testimonio para muchos sanfelipe\u00f1os de las Fuerzas Armadas o civiles que visiten la base\u201d, se\u00f1al\u00f3 el sargento segundo del Ej\u00e9rcito, en un correo electr\u00f3nico enviado a la primera autoridad comunal.<\/p>\n<figure id=\"attachment_67116\" aria-describedby=\"caption-attachment-67116\" style=\"width: 530px\" class=\"wp-caption alignleft\"><a href=\"http:\/\/www.eltrabajo.cl\/portal\/autoridades-entregan-distincion-por-aniversario-a-base-antartica-del-ejercito\/base-antartica-2\/\" rel=\"attachment wp-att-67116\"><img data-recalc-dims=\"1\" loading=\"lazy\" decoding=\"async\" class=\"size-full wp-image-67116\" src=\"https:\/\/i0.wp.com\/www.eltrabajo.cl\/portal\/wp-content\/uploads\/2016\/02\/Base-Antartica-2.jpg?resize=530%2C350\" alt=\"El sanfelipe\u00f1o Jorge Canio Ortega, Sargento Segundo del Ej\u00e9rcito, fue el encargado de hacer entrega del galvano otorgado por las autoridades locales.\" width=\"530\" height=\"350\" srcset=\"https:\/\/i0.wp.com\/eltrabajo.cl\/portal\/wp-content\/uploads\/2016\/02\/Base-Antartica-2.jpg?w=530&amp;ssl=1 530w, https:\/\/i0.wp.com\/eltrabajo.cl\/portal\/wp-content\/uploads\/2016\/02\/Base-Antartica-2.jpg?resize=200%2C132&amp;ssl=1 200w, https:\/\/i0.wp.com\/eltrabajo.cl\/portal\/wp-content\/uploads\/2016\/02\/Base-Antartica-2.jpg?resize=300%2C198&amp;ssl=1 300w, https:\/\/i0.wp.com\/eltrabajo.cl\/portal\/wp-content\/uploads\/2016\/02\/Base-Antartica-2.jpg?resize=227%2C150&amp;ssl=1 227w, https:\/\/i0.wp.com\/eltrabajo.cl\/portal\/wp-content\/uploads\/2016\/02\/Base-Antartica-2.jpg?resize=400%2C264&amp;ssl=1 400w\" sizes=\"auto, (max-width: 530px) 100vw, 530px\" \/><\/a><figcaption id=\"caption-attachment-67116\" class=\"wp-caption-text\">El sanfelipe\u00f1o Jorge Canio Ortega, Sargento Segundo del Ej\u00e9rcito, fue el encargado de hacer entrega del galvano otorgado por las autoridades locales.<\/figcaption><\/figure>\n","protected":false},"excerpt":{"rendered":"<p>Dotaci\u00f3n del per\u00edodo 2015 \u2013 2015, cuenta entre sus integrantes con el sanfelipe\u00f1o Jorge Canio Ortega, Sargento Segundo del Ej\u00e9rcito. Un galvano en reconocimiento a la labor que realiza, en el marco&#8230;<\/p>\n","protected":false},"author":1,"featured_media":67116,"comment_status":"open","ping_status":"open","sticky":false,"template":"","format":"standard","meta":{"advanced_seo_description":"","jetpack_seo_html_title":"","jetpack_seo_noindex":false,"_jetpack_memberships_contains_paid_content":false,"footnotes":""},"categories":[1],"tags":[],"class_list":["post-67114","post","type-post","status-publish","format-standard","has-post-thumbnail","hentry","category-cronica"],"jetpack_featured_media_url":"https:\/\/i0.wp.com\/eltrabajo.cl\/portal\/wp-content\/uploads\/2016\/02\/Base-Antartica-2.jpg?fit=530%2C350&ssl=1","jetpack_sharing_enabled":true,"jetpack_likes_enabled":true,"jetpack-related-posts":[],"_links":{"self":[{"href":"https:\/\/eltrabajo.cl\/portal\/wp-json\/wp\/v2\/posts\/67114","targetHints":{"allow":["GET"]}}],"collection":[{"href":"https:\/\/eltrabajo.cl\/portal\/wp-json\/wp\/v2\/posts"}],"about":[{"href":"https:\/\/eltrabajo.cl\/portal\/wp-json\/wp\/v2\/types\/post"}],"author":[{"embeddable":true,"href":"https:\/\/eltrabajo.cl\/portal\/wp-json\/wp\/v2\/users\/1"}],"replies":[{"embeddable":true,"href":"https:\/\/eltrabajo.cl\/portal\/wp-json\/wp\/v2\/comments?post=67114"}],"version-history":[{"count":0,"href":"https:\/\/eltrabajo.cl\/portal\/wp-json\/wp\/v2\/posts\/67114\/revisions"}],"wp:featuredmedia":[{"embeddable":true,"href":"https:\/\/eltrabajo.cl\/portal\/wp-json\/wp\/v2\/media\/67116"}],"wp:attachment":[{"href":"https:\/\/eltrabajo.cl\/portal\/wp-json\/wp\/v2\/media?parent=67114"}],"wp:term":[{"taxonomy":"category","embeddable":true,"href":"https:\/\/eltrabajo.cl\/portal\/wp-json\/wp\/v2\/categories?post=67114"},{"taxonomy":"post_tag","embeddable":true,"href":"https:\/\/eltrabajo.cl\/portal\/wp-json\/wp\/v2\/tags?post=67114"}],"curies":[{"name":"wp","href":"https:\/\/api.w.org\/{rel}","templated":true}]}}