{"id":67119,"date":"2016-02-24T08:37:18","date_gmt":"2016-02-24T11:37:18","guid":{"rendered":"http:\/\/www.eltrabajo.cl\/portal\/?p=67119"},"modified":"2016-02-24T08:37:18","modified_gmt":"2016-02-24T11:37:18","slug":"continua-lio-entre-vecinos-de-el-escorial-por-el-uso-de-cancha-de-futbol","status":"publish","type":"post","link":"https:\/\/eltrabajo.cl\/portal\/continua-lio-entre-vecinos-de-el-escorial-por-el-uso-de-cancha-de-futbol\/","title":{"rendered":"Contin\u00faa l\u00edo entre vecinos de El Escorial por el uso de cancha de f\u00fatbol"},"content":{"rendered":"<figure id=\"attachment_67120\" aria-describedby=\"caption-attachment-67120\" style=\"width: 530px\" class=\"wp-caption alignleft\"><a href=\"http:\/\/www.eltrabajo.cl\/portal\/continua-lio-entre-vecinos-de-el-escorial-por-el-uso-de-cancha-de-futbol\/cancha33\/\" rel=\"attachment wp-att-67120\"><img data-recalc-dims=\"1\" loading=\"lazy\" decoding=\"async\" class=\"size-full wp-image-67120\" src=\"https:\/\/i0.wp.com\/www.eltrabajo.cl\/portal\/wp-content\/uploads\/2016\/02\/Cancha33.jpg?resize=530%2C349\" alt=\"CANCHA DE LA DISCORDIA.- Esta es la cancha que usan los futbolistas pero que pertenece a una vecina de El Escorial.\" width=\"530\" height=\"349\" srcset=\"https:\/\/i0.wp.com\/eltrabajo.cl\/portal\/wp-content\/uploads\/2016\/02\/Cancha33.jpg?w=530&amp;ssl=1 530w, https:\/\/i0.wp.com\/eltrabajo.cl\/portal\/wp-content\/uploads\/2016\/02\/Cancha33.jpg?resize=200%2C132&amp;ssl=1 200w, https:\/\/i0.wp.com\/eltrabajo.cl\/portal\/wp-content\/uploads\/2016\/02\/Cancha33.jpg?resize=300%2C198&amp;ssl=1 300w, https:\/\/i0.wp.com\/eltrabajo.cl\/portal\/wp-content\/uploads\/2016\/02\/Cancha33.jpg?resize=228%2C150&amp;ssl=1 228w, https:\/\/i0.wp.com\/eltrabajo.cl\/portal\/wp-content\/uploads\/2016\/02\/Cancha33.jpg?resize=400%2C263&amp;ssl=1 400w\" sizes=\"auto, (max-width: 530px) 100vw, 530px\" \/><\/a><figcaption id=\"caption-attachment-67120\" class=\"wp-caption-text\">CANCHA DE LA DISCORDIA.- Esta es la cancha que usan los futbolistas pero que pertenece a una vecina de El Escorial.<\/figcaption><\/figure>\n<p><strong>Due\u00f1a del terreno dio Ultim\u00e1tum de seis meses para que se busquen una nueva:<\/strong><\/p>\n<p><strong>PANQUEHUE.-<\/strong> Un a\u00f1ejo problema comunitario en donde los protagonistas son la due\u00f1a de varios lotes con los socios y directiva del Club Uni\u00f3n El Escorial, es al que se pretende dar soluci\u00f3n por parte del alcalde Luis Pradenas, esto luego que los deportistas solicitaran su mediaci\u00f3n en el conflicto.<\/p>\n<p><strong>EL CONFLICTO<\/strong><br \/>\nLa situaci\u00f3n se origin\u00f3 cuando hace varios a\u00f1os se repartieron terrenos (actualmente la cancha en uso) que eran de Bien Com\u00fan, cada vecino recibi\u00f3 su parte; ahora cinco de las once partes, o de los cinco due\u00f1os legales de esa cancha entre ellos do\u00f1a Magdalena, desean construir en ese terreno, ya que toda la documentaci\u00f3n les respalda, gener\u00e1ndose as\u00ed el conflicto entre las partes, ya que Club Uni\u00f3n Escorial usa esa cancha desde hace much\u00edsimo tiempo, aunque sin el derecho legal.<\/p>\n<p><strong>ALCALDE MEDIADOR<\/strong><br \/>\nEs por esas razones y con miras a buscar alguna soluci\u00f3n que les permita poder seguir contando con una cancha, que los socios invitaron a Pradenas para mediar en el conflicto.<br \/>\n\u00abYo sostuve una reuni\u00f3n con la directiva y los socios de Club Uni\u00f3n Escorial, juntos buscamos la manera de llegar a un feliz t\u00e9rmino para que los ni\u00f1os del sector sigan contando con un lugar para practicar deportes. Tenemos varias alternativas, la m\u00e1s fuerte ser\u00eda conseguir un terreno y eventualmente entregarla en comodato a este club deportivo, seguiremos buscando la manera de solucionar este problema (\u2026) legalmente los due\u00f1os son los due\u00f1os y est\u00e1n en su derecho de vender\u00bb, explic\u00f3 a Diario El Trabajo el alcalde panquehuino Luis Pradenas.<br \/>\nPor su parte el presidente del club Uni\u00f3n Escorial, Patricio \u2018Pato\u2019 Vega, coment\u00f3 que \u00abconfiamos al 100% en la gesti\u00f3n del alcalde Pradenas, sin embargo nos parece exagerado el monto que la se\u00f1ora Magdalena Zorricueta est\u00e1 solicitando, ella pide $50 millones, eso es demasiado, ella es due\u00f1a de una 5\u00aa parte del terreno, terreno que usamos como cancha deportiva desde hace d\u00e9cadas, lo que estamos solicitando que se llegue a alg\u00fan acuerdo entre las partes, y si no se logra, pues que se nos ayude a obtener un terreno para contar con nuestra propia cancha\u00bb, dijo el dirigente deportivo.<\/p>\n<p><strong>EL ULTIM\u00c1TUM<\/strong><br \/>\nNuestro medio logr\u00f3 ubicar a la due\u00f1a del terreno, do\u00f1a Magdalena Zorricueta, quien vive al lado de la cancha, y ella nos aclar\u00f3 que \u00abdeseo aclarar a la Opini\u00f3n P\u00fablica y a los lectores de Diario El Trabajo, que yo no estoy vendiendo mi propiedad, este martes me llam\u00f3 el alcalde en la tarde, y con \u00e9l llegamos al acuerdo de dar por mi parte un plazo de seis meses de tiempo para que los socios de este club deportivo solucionen su problema, ya en septiembre har\u00e9 uso de mi propiedad como es mi derecho, sin embargo dejo abierta la posibilidad, si tanto desean esta cancha, pues si proponen una buena oferta, entonces podr\u00edamos conversarlo, tambi\u00e9n debo aclarar que nunca hemos hablado entre ellos y yo sobre sumas determinadas de dinero, nunca he ofrecido vender mi propiedad, nunca ped\u00ed $50 millones por mi terreno a nadie\u00bb.<br \/>\nSeg\u00fan se inform\u00f3, las tres partes, el Municipio, el club deportivo y la due\u00f1a del terreno, sostendr\u00e1n una reuni\u00f3n en el municipio el pr\u00f3ximo lunes.<br \/>\n<strong>Roberto Gonz\u00e1lez Short<\/strong><br \/>\n<strong>rgonzalez@eltrabajo.cl<\/strong><\/p>\n<figure id=\"attachment_67121\" aria-describedby=\"caption-attachment-67121\" style=\"width: 530px\" class=\"wp-caption alignleft\"><a href=\"http:\/\/www.eltrabajo.cl\/portal\/continua-lio-entre-vecinos-de-el-escorial-por-el-uso-de-cancha-de-futbol\/escorial1-4\/\" rel=\"attachment wp-att-67121\"><img data-recalc-dims=\"1\" loading=\"lazy\" decoding=\"async\" class=\"size-full wp-image-67121\" src=\"https:\/\/i0.wp.com\/www.eltrabajo.cl\/portal\/wp-content\/uploads\/2016\/02\/Escorial1.jpg?resize=530%2C350\" alt=\"PIDEN APOYO.- Socios de Club Uni\u00f3n Escorial acudieron ayer martes a la Municipalidad de Panquehue para pedir la mediaci\u00f3n del alcalde Luis Pradenas en su favor, y a favor del deporte de la comuna.\" width=\"530\" height=\"350\" srcset=\"https:\/\/i0.wp.com\/eltrabajo.cl\/portal\/wp-content\/uploads\/2016\/02\/Escorial1.jpg?w=530&amp;ssl=1 530w, https:\/\/i0.wp.com\/eltrabajo.cl\/portal\/wp-content\/uploads\/2016\/02\/Escorial1.jpg?resize=200%2C132&amp;ssl=1 200w, https:\/\/i0.wp.com\/eltrabajo.cl\/portal\/wp-content\/uploads\/2016\/02\/Escorial1.jpg?resize=300%2C198&amp;ssl=1 300w, https:\/\/i0.wp.com\/eltrabajo.cl\/portal\/wp-content\/uploads\/2016\/02\/Escorial1.jpg?resize=227%2C150&amp;ssl=1 227w, https:\/\/i0.wp.com\/eltrabajo.cl\/portal\/wp-content\/uploads\/2016\/02\/Escorial1.jpg?resize=400%2C264&amp;ssl=1 400w\" sizes=\"auto, (max-width: 530px) 100vw, 530px\" \/><\/a><figcaption id=\"caption-attachment-67121\" class=\"wp-caption-text\">PIDEN APOYO.- Socios de Club Uni\u00f3n Escorial acudieron ayer martes a la Municipalidad de Panquehue para pedir la mediaci\u00f3n del alcalde Luis Pradenas en su favor, y a favor del deporte de la comuna.<\/figcaption><\/figure>\n","protected":false},"excerpt":{"rendered":"<p>Due\u00f1a del terreno dio Ultim\u00e1tum de seis meses para que se busquen una nueva: PANQUEHUE.- Un a\u00f1ejo problema comunitario en donde los protagonistas son la due\u00f1a de varios lotes con los socios&#8230;<\/p>\n","protected":false},"author":1,"featured_media":67120,"comment_status":"open","ping_status":"open","sticky":false,"template":"","format":"standard","meta":{"advanced_seo_description":"","jetpack_seo_html_title":"","jetpack_seo_noindex":false,"_jetpack_memberships_contains_paid_content":false,"footnotes":""},"categories":[15],"tags":[],"class_list":["post-67119","post","type-post","status-publish","format-standard","has-post-thumbnail","hentry","category-comunidad"],"jetpack_featured_media_url":"https:\/\/i0.wp.com\/eltrabajo.cl\/portal\/wp-content\/uploads\/2016\/02\/Cancha33.jpg?fit=530%2C349&ssl=1","jetpack_sharing_enabled":true,"jetpack_likes_enabled":true,"jetpack-related-posts":[],"_links":{"self":[{"href":"https:\/\/eltrabajo.cl\/portal\/wp-json\/wp\/v2\/posts\/67119","targetHints":{"allow":["GET"]}}],"collection":[{"href":"https:\/\/eltrabajo.cl\/portal\/wp-json\/wp\/v2\/posts"}],"about":[{"href":"https:\/\/eltrabajo.cl\/portal\/wp-json\/wp\/v2\/types\/post"}],"author":[{"embeddable":true,"href":"https:\/\/eltrabajo.cl\/portal\/wp-json\/wp\/v2\/users\/1"}],"replies":[{"embeddable":true,"href":"https:\/\/eltrabajo.cl\/portal\/wp-json\/wp\/v2\/comments?post=67119"}],"version-history":[{"count":0,"href":"https:\/\/eltrabajo.cl\/portal\/wp-json\/wp\/v2\/posts\/67119\/revisions"}],"wp:featuredmedia":[{"embeddable":true,"href":"https:\/\/eltrabajo.cl\/portal\/wp-json\/wp\/v2\/media\/67120"}],"wp:attachment":[{"href":"https:\/\/eltrabajo.cl\/portal\/wp-json\/wp\/v2\/media?parent=67119"}],"wp:term":[{"taxonomy":"category","embeddable":true,"href":"https:\/\/eltrabajo.cl\/portal\/wp-json\/wp\/v2\/categories?post=67119"},{"taxonomy":"post_tag","embeddable":true,"href":"https:\/\/eltrabajo.cl\/portal\/wp-json\/wp\/v2\/tags?post=67119"}],"curies":[{"name":"wp","href":"https:\/\/api.w.org\/{rel}","templated":true}]}}