{"id":67124,"date":"2016-02-24T08:39:34","date_gmt":"2016-02-24T11:39:34","guid":{"rendered":"http:\/\/www.eltrabajo.cl\/portal\/?p=67124"},"modified":"2016-02-24T08:39:34","modified_gmt":"2016-02-24T11:39:34","slug":"maria-jose-quintanilla-este-fin-de-semana-en-fiesta-de-la-chaya-catemina","status":"publish","type":"post","link":"https:\/\/eltrabajo.cl\/portal\/maria-jose-quintanilla-este-fin-de-semana-en-fiesta-de-la-chaya-catemina\/","title":{"rendered":"Mar\u00eda Jos\u00e9 Quintanilla este fin de semana en Fiesta de la Chaya catemina"},"content":{"rendered":"<figure id=\"attachment_67125\" aria-describedby=\"caption-attachment-67125\" style=\"width: 530px\" class=\"wp-caption alignleft\"><a href=\"http:\/\/www.eltrabajo.cl\/portal\/maria-jose-quintanilla-este-fin-de-semana-en-fiesta-de-la-chaya-catemina\/maria-jose-quintanilla\/\" rel=\"attachment wp-att-67125\"><img data-recalc-dims=\"1\" loading=\"lazy\" decoding=\"async\" class=\"size-full wp-image-67125\" src=\"https:\/\/i0.wp.com\/www.eltrabajo.cl\/portal\/wp-content\/uploads\/2016\/02\/maria-jose-quintanilla.jpg?resize=530%2C350\" alt=\"La encargada de cerrar la Fiesta de la Chaya 2016 ser\u00e1 Mar\u00eda Jos\u00e9 Quintanilla, que se presentar\u00e1 este domingo 28 de febrero.\" width=\"530\" height=\"350\" srcset=\"https:\/\/i0.wp.com\/eltrabajo.cl\/portal\/wp-content\/uploads\/2016\/02\/maria-jose-quintanilla.jpg?w=530&amp;ssl=1 530w, https:\/\/i0.wp.com\/eltrabajo.cl\/portal\/wp-content\/uploads\/2016\/02\/maria-jose-quintanilla.jpg?resize=200%2C132&amp;ssl=1 200w, https:\/\/i0.wp.com\/eltrabajo.cl\/portal\/wp-content\/uploads\/2016\/02\/maria-jose-quintanilla.jpg?resize=300%2C198&amp;ssl=1 300w, https:\/\/i0.wp.com\/eltrabajo.cl\/portal\/wp-content\/uploads\/2016\/02\/maria-jose-quintanilla.jpg?resize=227%2C150&amp;ssl=1 227w, https:\/\/i0.wp.com\/eltrabajo.cl\/portal\/wp-content\/uploads\/2016\/02\/maria-jose-quintanilla.jpg?resize=400%2C264&amp;ssl=1 400w\" sizes=\"auto, (max-width: 530px) 100vw, 530px\" \/><\/a><figcaption id=\"caption-attachment-67125\" class=\"wp-caption-text\">La encargada de cerrar la Fiesta de la Chaya 2016 ser\u00e1 Mar\u00eda Jos\u00e9 Quintanilla, que se presentar\u00e1 este domingo 28 de febrero.<\/figcaption><\/figure>\n<p><strong>CATEMU.-<\/strong> Durante todo el verano el municipio ha realizado actividades culturales, deportivas y recreativas en la comuna, para culminar este fin de semana se realizar\u00e1 la tradicional Fiesta de la Chaya.<br \/>\nEl s\u00e1bado 27 y domingo 28 de febrero en la plaza de Catemu ser\u00e1 la fiesta, donde adem\u00e1s de un variado show, se instalar\u00e1n m\u00e1s de 20 artesanos con diversos productos, entre ellos usuarios de Prodesal; del Programa Mujer Jefa de Hogar e invitados de otras comunas.<br \/>\nDerivados de la miel, aceite de oliva, artesan\u00eda en hoja de choclo y en cuero; confites y chocolates artesanales; cerveza artesanal; cristaloterapia; sales condimentadas y t\u00e9 de sabores, entre muchos otros productos de la zona podr\u00e1 encontrar en esta fiesta familiar.<br \/>\nEl d\u00eda s\u00e1bado 27 a las 21:00 horas comienza el espect\u00e1culo, animado por el conocido locutor de Radio Carnaval, Mauricio Henr\u00edquez; abrir\u00e1 el show el grupo juvenil \u2018Los Arcaicos\u2019, luego el alumno del Liceo Polivalente Chagres, Camilo Parada entregar\u00e1 su talento a los asistentes, junto a su guitarra. A continuaci\u00f3n Claudio Vald\u00e9s, m\u00e1s conocido como \u2018El Gitano\u2019 llega a cautivar con su particular estilo, que se ha hecho conocido a trav\u00e9s de la televisi\u00f3n. Y para cerrar la jornada se presentar\u00e1n \u2018Los s\u00faper s\u00faper Maravillosos\u2019.<br \/>\nEl d\u00eda domingo 28 se dar\u00e1 inicio al espect\u00e1culo a las 21:00 horas con la presentaci\u00f3n de la cantante ranchera Jazm\u00edn Lazcano. Seguida por el romanticismo del pop cebolla con el tributo oficial a Los V\u00e1squez.<br \/>\nLa encargada de cerrar la Chaya 2016 de Catemu, quien por primera vez se presenta en la comuna, ser\u00e1 la exitosa Mar\u00eda Jos\u00e9 Quintanilla, quien trae un tremendo espect\u00e1culo junto a sus mariachis para as\u00ed poner fin a las actividades de verano 2016.<\/p>\n","protected":false},"excerpt":{"rendered":"<p>CATEMU.- Durante todo el verano el municipio ha realizado actividades culturales, deportivas y recreativas en la comuna, para culminar este fin de semana se realizar\u00e1 la tradicional Fiesta de la Chaya. El&#8230;<\/p>\n","protected":false},"author":1,"featured_media":67125,"comment_status":"open","ping_status":"open","sticky":false,"template":"","format":"standard","meta":{"advanced_seo_description":"","jetpack_seo_html_title":"","jetpack_seo_noindex":false,"_jetpack_memberships_contains_paid_content":false,"footnotes":""},"categories":[1],"tags":[],"class_list":["post-67124","post","type-post","status-publish","format-standard","has-post-thumbnail","hentry","category-cronica"],"jetpack_featured_media_url":"https:\/\/i0.wp.com\/eltrabajo.cl\/portal\/wp-content\/uploads\/2016\/02\/maria-jose-quintanilla.jpg?fit=530%2C350&ssl=1","jetpack_sharing_enabled":true,"jetpack_likes_enabled":true,"jetpack-related-posts":[],"_links":{"self":[{"href":"https:\/\/eltrabajo.cl\/portal\/wp-json\/wp\/v2\/posts\/67124","targetHints":{"allow":["GET"]}}],"collection":[{"href":"https:\/\/eltrabajo.cl\/portal\/wp-json\/wp\/v2\/posts"}],"about":[{"href":"https:\/\/eltrabajo.cl\/portal\/wp-json\/wp\/v2\/types\/post"}],"author":[{"embeddable":true,"href":"https:\/\/eltrabajo.cl\/portal\/wp-json\/wp\/v2\/users\/1"}],"replies":[{"embeddable":true,"href":"https:\/\/eltrabajo.cl\/portal\/wp-json\/wp\/v2\/comments?post=67124"}],"version-history":[{"count":0,"href":"https:\/\/eltrabajo.cl\/portal\/wp-json\/wp\/v2\/posts\/67124\/revisions"}],"wp:featuredmedia":[{"embeddable":true,"href":"https:\/\/eltrabajo.cl\/portal\/wp-json\/wp\/v2\/media\/67125"}],"wp:attachment":[{"href":"https:\/\/eltrabajo.cl\/portal\/wp-json\/wp\/v2\/media?parent=67124"}],"wp:term":[{"taxonomy":"category","embeddable":true,"href":"https:\/\/eltrabajo.cl\/portal\/wp-json\/wp\/v2\/categories?post=67124"},{"taxonomy":"post_tag","embeddable":true,"href":"https:\/\/eltrabajo.cl\/portal\/wp-json\/wp\/v2\/tags?post=67124"}],"curies":[{"name":"wp","href":"https:\/\/api.w.org\/{rel}","templated":true}]}}