{"id":67128,"date":"2016-02-24T08:38:21","date_gmt":"2016-02-24T11:38:21","guid":{"rendered":"http:\/\/www.eltrabajo.cl\/portal\/?p=67128"},"modified":"2016-02-24T08:53:14","modified_gmt":"2016-02-24T11:53:14","slug":"manana-sera-presentacion-de-candidatas-a-reina-de-la-cerveza-2016","status":"publish","type":"post","link":"https:\/\/eltrabajo.cl\/portal\/manana-sera-presentacion-de-candidatas-a-reina-de-la-cerveza-2016\/","title":{"rendered":"Ma\u00f1ana ser\u00e1 presentaci\u00f3n de Candidatas a Reina de la Cerveza 2016"},"content":{"rendered":"<figure id=\"attachment_67129\" aria-describedby=\"caption-attachment-67129\" style=\"width: 530px\" class=\"wp-caption alignleft\"><a href=\"http:\/\/www.eltrabajo.cl\/portal\/manana-sera-presentacion-de-candidatas-a-reina-de-la-cerveza-2016\/morin-andrea-zamora\/\" rel=\"attachment wp-att-67129\"><img data-recalc-dims=\"1\" loading=\"lazy\" decoding=\"async\" class=\"size-full wp-image-67129\" src=\"https:\/\/i0.wp.com\/www.eltrabajo.cl\/portal\/wp-content\/uploads\/2016\/02\/morin-andrea-zamora.jpg?resize=530%2C350\" alt=\"Toda la belleza, juventud y simpat\u00eda de Mor\u00edn Andrea Zamora, de 18 a\u00f1os, para representar a Diario El Trabajo en esta Fiesta de la Cerveza 2016.\" width=\"530\" height=\"350\" srcset=\"https:\/\/i0.wp.com\/eltrabajo.cl\/portal\/wp-content\/uploads\/2016\/02\/morin-andrea-zamora.jpg?w=530&amp;ssl=1 530w, https:\/\/i0.wp.com\/eltrabajo.cl\/portal\/wp-content\/uploads\/2016\/02\/morin-andrea-zamora.jpg?resize=200%2C132&amp;ssl=1 200w, https:\/\/i0.wp.com\/eltrabajo.cl\/portal\/wp-content\/uploads\/2016\/02\/morin-andrea-zamora.jpg?resize=300%2C198&amp;ssl=1 300w, https:\/\/i0.wp.com\/eltrabajo.cl\/portal\/wp-content\/uploads\/2016\/02\/morin-andrea-zamora.jpg?resize=227%2C150&amp;ssl=1 227w, https:\/\/i0.wp.com\/eltrabajo.cl\/portal\/wp-content\/uploads\/2016\/02\/morin-andrea-zamora.jpg?resize=400%2C264&amp;ssl=1 400w\" sizes=\"auto, (max-width: 530px) 100vw, 530px\" \/><\/a><figcaption id=\"caption-attachment-67129\" class=\"wp-caption-text\">Toda la belleza, juventud y simpat\u00eda de Mor\u00edn Andrea Zamora, de 18 a\u00f1os, para representar a Diario El Trabajo en esta Fiesta de la Cerveza 2016.<\/figcaption><\/figure>\n<p><strong>Diario El Trabajo regalar\u00e1 10 entradas para participar del evento:<\/strong><\/p>\n<p>La fiesta se realizar\u00e1 este fin de semana y ser\u00e1 acompa\u00f1ada de danzas corporales y juegos para ni\u00f1os, adem\u00e1s de contar con un cuerpo de seguridad privado.<br \/>\nCon el paso de los d\u00edas, el inter\u00e9s de los aconcag\u00fcinos por participar en la Fiesta de La Cerveza 2016 pareciera ir creciendo como la espuma de este mismo elixir, el cual viene como anillo al dedo para capear la ola de intenso calor que est\u00e1 atravesando el Valle de Aconcagua y que, aunque se presume disminuir\u00e1 el fin de semana, mantendr\u00eda temperaturas por sobre los 30 grados.<br \/>\nEs por eso que el escenario donde se realizar\u00e1 el evento \u2013Restaurante La Ruca- se est\u00e1 preparando con todo para recibir a las cerca de 2 mil personas que se espera lleguen a disfrutar de los diferentes sabores de la popular \u2018chela\u2019, dentro de los cuales se pueden mencionar las cervezas rubias, morenas, negras, morenas y amargas.<br \/>\nAdem\u00e1s de brindarle un gusto al paladar, degustando cada una de las marcas nacionales que se presenten al evento, los caballeros podr\u00e1n tambi\u00e9n regocijar su vista en la belleza de las candidatas a Reina de la Cerveza 2016, bellezas que ser\u00e1n presentadas ma\u00f1ana jueves por la producci\u00f3n del evento en La Ruca misma y que representar\u00e1n a los distintos medios de comunicaci\u00f3n de la zona.<br \/>\nNuestro medio, Diario El Trabajo, ha querido sumarse al entusiasmo que est\u00e1 generando este evento y regalar\u00e1 entradas para ambos d\u00edas, s\u00e1bado 27 y domingo 28, a las 10 primeras personas que lleguen a nuestras oficinas presentando la edici\u00f3n de nuestro matutino en donde se public\u00f3 el lanzamiento de la Fiesta de la Cerveza. Las personas que consigan el peri\u00f3dico del pasado viernes, deben presentarse en nuestras oficinas, en la esquina de Salinas con San Mart\u00edn en horario de oficina: hoy mi\u00e9rcoles de 15 a 19 horas y ma\u00f1ana de 9 a 13 horas y de 15 a 19.<\/p>\n","protected":false},"excerpt":{"rendered":"<p>Diario El Trabajo regalar\u00e1 10 entradas para participar del evento: La fiesta se realizar\u00e1 este fin de semana y ser\u00e1 acompa\u00f1ada de danzas corporales y juegos para ni\u00f1os, adem\u00e1s de contar con&#8230;<\/p>\n","protected":false},"author":1,"featured_media":67129,"comment_status":"open","ping_status":"open","sticky":false,"template":"","format":"standard","meta":{"advanced_seo_description":"","jetpack_seo_html_title":"","jetpack_seo_noindex":false,"_jetpack_memberships_contains_paid_content":false,"footnotes":""},"categories":[15],"tags":[],"class_list":["post-67128","post","type-post","status-publish","format-standard","has-post-thumbnail","hentry","category-comunidad"],"jetpack_featured_media_url":"https:\/\/i0.wp.com\/eltrabajo.cl\/portal\/wp-content\/uploads\/2016\/02\/morin-andrea-zamora.jpg?fit=530%2C350&ssl=1","jetpack_sharing_enabled":true,"jetpack_likes_enabled":true,"jetpack-related-posts":[],"_links":{"self":[{"href":"https:\/\/eltrabajo.cl\/portal\/wp-json\/wp\/v2\/posts\/67128","targetHints":{"allow":["GET"]}}],"collection":[{"href":"https:\/\/eltrabajo.cl\/portal\/wp-json\/wp\/v2\/posts"}],"about":[{"href":"https:\/\/eltrabajo.cl\/portal\/wp-json\/wp\/v2\/types\/post"}],"author":[{"embeddable":true,"href":"https:\/\/eltrabajo.cl\/portal\/wp-json\/wp\/v2\/users\/1"}],"replies":[{"embeddable":true,"href":"https:\/\/eltrabajo.cl\/portal\/wp-json\/wp\/v2\/comments?post=67128"}],"version-history":[{"count":0,"href":"https:\/\/eltrabajo.cl\/portal\/wp-json\/wp\/v2\/posts\/67128\/revisions"}],"wp:featuredmedia":[{"embeddable":true,"href":"https:\/\/eltrabajo.cl\/portal\/wp-json\/wp\/v2\/media\/67129"}],"wp:attachment":[{"href":"https:\/\/eltrabajo.cl\/portal\/wp-json\/wp\/v2\/media?parent=67128"}],"wp:term":[{"taxonomy":"category","embeddable":true,"href":"https:\/\/eltrabajo.cl\/portal\/wp-json\/wp\/v2\/categories?post=67128"},{"taxonomy":"post_tag","embeddable":true,"href":"https:\/\/eltrabajo.cl\/portal\/wp-json\/wp\/v2\/tags?post=67128"}],"curies":[{"name":"wp","href":"https:\/\/api.w.org\/{rel}","templated":true}]}}