{"id":67132,"date":"2016-02-24T08:47:41","date_gmt":"2016-02-24T11:47:41","guid":{"rendered":"http:\/\/www.eltrabajo.cl\/portal\/?p=67132"},"modified":"2016-02-24T08:47:41","modified_gmt":"2016-02-24T11:47:41","slug":"mas-de-200-toneladas-de-basura-fueron-retiradas-de-sector-linea-ferrea","status":"publish","type":"post","link":"https:\/\/eltrabajo.cl\/portal\/mas-de-200-toneladas-de-basura-fueron-retiradas-de-sector-linea-ferrea\/","title":{"rendered":"M\u00e1s de 200 toneladas de basura fueron retiradas de sector l\u00ednea f\u00e9rrea"},"content":{"rendered":"<figure id=\"attachment_67134\" aria-describedby=\"caption-attachment-67134\" style=\"width: 530px\" class=\"wp-caption alignleft\"><a href=\"http:\/\/www.eltrabajo.cl\/portal\/mas-de-200-toneladas-de-basura-fueron-retiradas-de-sector-linea-ferrea\/asi-quedo-ahora-el-lugar-desde-donde-se-sacaron-cerca-de-200-toneladas-de-basura\/\" rel=\"attachment wp-att-67134\"><img data-recalc-dims=\"1\" loading=\"lazy\" decoding=\"async\" class=\"size-full wp-image-67134\" src=\"https:\/\/i0.wp.com\/www.eltrabajo.cl\/portal\/wp-content\/uploads\/2016\/02\/ASI-QUEDO-AHORA-EL-LUGAR-DESDE-DONDE-SE-SACARON-CERCA-DE-200-TONELADAS-DE-BASURA.jpg?resize=530%2C350\" alt=\"As\u00ed qued\u00f3 ahora el lugar desde donde se sacaron cerca de 200 toneladas de basura.\" width=\"530\" height=\"350\" srcset=\"https:\/\/i0.wp.com\/eltrabajo.cl\/portal\/wp-content\/uploads\/2016\/02\/ASI-QUEDO-AHORA-EL-LUGAR-DESDE-DONDE-SE-SACARON-CERCA-DE-200-TONELADAS-DE-BASURA.jpg?w=530&amp;ssl=1 530w, https:\/\/i0.wp.com\/eltrabajo.cl\/portal\/wp-content\/uploads\/2016\/02\/ASI-QUEDO-AHORA-EL-LUGAR-DESDE-DONDE-SE-SACARON-CERCA-DE-200-TONELADAS-DE-BASURA.jpg?resize=200%2C132&amp;ssl=1 200w, https:\/\/i0.wp.com\/eltrabajo.cl\/portal\/wp-content\/uploads\/2016\/02\/ASI-QUEDO-AHORA-EL-LUGAR-DESDE-DONDE-SE-SACARON-CERCA-DE-200-TONELADAS-DE-BASURA.jpg?resize=300%2C198&amp;ssl=1 300w, https:\/\/i0.wp.com\/eltrabajo.cl\/portal\/wp-content\/uploads\/2016\/02\/ASI-QUEDO-AHORA-EL-LUGAR-DESDE-DONDE-SE-SACARON-CERCA-DE-200-TONELADAS-DE-BASURA.jpg?resize=227%2C150&amp;ssl=1 227w, https:\/\/i0.wp.com\/eltrabajo.cl\/portal\/wp-content\/uploads\/2016\/02\/ASI-QUEDO-AHORA-EL-LUGAR-DESDE-DONDE-SE-SACARON-CERCA-DE-200-TONELADAS-DE-BASURA.jpg?resize=400%2C264&amp;ssl=1 400w\" sizes=\"auto, (max-width: 530px) 100vw, 530px\" \/><\/a><figcaption id=\"caption-attachment-67134\" class=\"wp-caption-text\">As\u00ed qued\u00f3 ahora el lugar desde donde se sacaron cerca de 200 toneladas de basura.<\/figcaption><\/figure>\n<figure id=\"attachment_67133\" aria-describedby=\"caption-attachment-67133\" style=\"width: 530px\" class=\"wp-caption alignleft\"><a href=\"http:\/\/www.eltrabajo.cl\/portal\/mas-de-200-toneladas-de-basura-fueron-retiradas-de-sector-linea-ferrea\/asi-estaba-acumulada-la-basura-a-un-costado-de-la-planta-de-agua-potable-de-esval\/\" rel=\"attachment wp-att-67133\"><img data-recalc-dims=\"1\" loading=\"lazy\" decoding=\"async\" class=\"size-full wp-image-67133\" src=\"https:\/\/i0.wp.com\/www.eltrabajo.cl\/portal\/wp-content\/uploads\/2016\/02\/ASI-ESTABA-ACUMULADA-LA-BASURA-A-UN-COSTADO-DE-LA-PLANTA-DE-AGUA-POTABLE-DE-ESVAL.jpg?resize=530%2C350\" alt=\"As\u00ed estaba acumulada la basura a un costado de la planta de agua potable de Esval.\" width=\"530\" height=\"350\" srcset=\"https:\/\/i0.wp.com\/eltrabajo.cl\/portal\/wp-content\/uploads\/2016\/02\/ASI-ESTABA-ACUMULADA-LA-BASURA-A-UN-COSTADO-DE-LA-PLANTA-DE-AGUA-POTABLE-DE-ESVAL.jpg?w=530&amp;ssl=1 530w, https:\/\/i0.wp.com\/eltrabajo.cl\/portal\/wp-content\/uploads\/2016\/02\/ASI-ESTABA-ACUMULADA-LA-BASURA-A-UN-COSTADO-DE-LA-PLANTA-DE-AGUA-POTABLE-DE-ESVAL.jpg?resize=200%2C132&amp;ssl=1 200w, https:\/\/i0.wp.com\/eltrabajo.cl\/portal\/wp-content\/uploads\/2016\/02\/ASI-ESTABA-ACUMULADA-LA-BASURA-A-UN-COSTADO-DE-LA-PLANTA-DE-AGUA-POTABLE-DE-ESVAL.jpg?resize=300%2C198&amp;ssl=1 300w, https:\/\/i0.wp.com\/eltrabajo.cl\/portal\/wp-content\/uploads\/2016\/02\/ASI-ESTABA-ACUMULADA-LA-BASURA-A-UN-COSTADO-DE-LA-PLANTA-DE-AGUA-POTABLE-DE-ESVAL.jpg?resize=227%2C150&amp;ssl=1 227w, https:\/\/i0.wp.com\/eltrabajo.cl\/portal\/wp-content\/uploads\/2016\/02\/ASI-ESTABA-ACUMULADA-LA-BASURA-A-UN-COSTADO-DE-LA-PLANTA-DE-AGUA-POTABLE-DE-ESVAL.jpg?resize=400%2C264&amp;ssl=1 400w\" sizes=\"auto, (max-width: 530px) 100vw, 530px\" \/><\/a><figcaption id=\"caption-attachment-67133\" class=\"wp-caption-text\">As\u00ed estaba acumulada la basura a un costado de la planta de agua potable de Esval.<\/figcaption><\/figure>\n<p><strong>Operativo de la Municipalidad de San Felipe limpi\u00f3 dep\u00f3sito clandestino.<\/strong><\/p>\n<p>M\u00e1s de 200 toneladas de escombros y material de desecho fueron retiradas por personal municipal desde el sector de la planta de Agua Potable, en avenida 12 de Febrero, justo en el cruce ferroviario, donde desde hace un tiempo ven\u00eda form\u00e1ndose un microbasural clandestino, que provocaba emanaci\u00f3n de malos olores y un foco infeccioso permanente para los vecinos de las poblaciones y villas cercanas.<br \/>\nRicardo Le\u00f3n, coordinador del \u00e1rea de Operaciones de la Municipalidad de San Felipe, describi\u00f3 cu\u00e1l fue el operativo que se llev\u00f3 a cabo durante la ma\u00f1ana de ayer y cont\u00f3 que \u201cefectivamente este sector se hab\u00eda limpiado anteriormente, hablo espec\u00edficamente de 12 de Febrero a continuaci\u00f3n de la chacra El Carmen, hasta el sector de la bodega de Conservera Pentzke, pasando por la planta de Esval y, pese a que esto ya hab\u00eda sido limpiado meses atr\u00e1s, aqu\u00ed nuevamente hab\u00eda un basural demasiado grande, con muchos escombros, muebles, artefactos en desuso y mucha basura en general\u201d, detall\u00f3.<br \/>\nAs\u00ed mismo, Le\u00f3n destac\u00f3 el esfuerzo que hace el municipio para responder a una necesidad que han planteado los vecinos del sector y adujo que \u201cestamos haciendo este operativo que pretende dar respuesta a una petici\u00f3n de los vecinos a trav\u00e9s del nuevo sistema vecinos conectados y con un costo econ\u00f3mico alt\u00edsimo para la municipalidad, porque son cerca de 200 toneladas de mugre que hemos retirado\u201d, sostuvo.<br \/>\nEn el mismo plano, el personero municipal se mostr\u00f3 esperanzado en que los sanfelipe\u00f1os tomen conciencia de que actualmente existen alternativas y diferentes instancias para que los vecinos no tengan que botar sus desechos en lugares no habilitados para esto, pues adem\u00e1s de implicar un costo econ\u00f3mico limpiar estos basurales, tambi\u00e9n se da\u00f1a la calidad de vida de las personas que viven cerca de estos improvisados basurales.<br \/>\n\u201cEsperamos que los vecinos cuiden, que no boten basura, a la vez que hacemos un llamado a las personas para que denuncien a la gente que bota basura en este y otros sectores porque se crean micro basurales que acarrea un mont\u00f3n de dificultades para los vecinos. Ac\u00e1 mismo tenemos una planta de fruta y conserva y no podemos tener lleno de basura porque le trae problemas de parte de la autoridad sanitaria y junto con el dirigente que nos acompa\u00f1a nos hemos comprometido a denunciar que quienes botan material en desuso en este sector\u201d, puntualiz\u00f3 Le\u00f3n.<br \/>\nEs importante consignar que, adem\u00e1s de los operativos de limpieza que realiza la Municipalidad de San Felipe, la administraci\u00f3n del alcalde Freire dispone para los vecinos de la comuna, contenedores recolectores de escombros y desechos, donde la gente puede depositar sus materiales de desecho, por lo que, actualmente la existencia de estos micro basurales responden -m\u00e1s que a una necesidad- a un mal h\u00e1bito y falta de criterio por parte de algunos sanfelipe\u00f1os<br \/>\nRespecto de esta situaci\u00f3n Le\u00f3n coment\u00f3 que \u201cNosotros tenemos un cubo ac\u00e1 en Av. 12 de Febrero, frente a los departamentos detr\u00e1s del Tottus, en forma permanente con un programa que dura hasta el d\u00eda 28 de este mes, vamos a ver si podemos mantenerlo, pero es un contenedor con capacidad de 10 m3, donde la gente puede depositar sus basuras y las cosas que desecha en sus hogares, sin necesidad de hacerlo en la v\u00eda p\u00fablica\u201d, enfatiz\u00f3.<br \/>\nJunto con la dificultad natural de poder controlar y multar este tipo de acciones, puesto que, generalmente \u00e9stas se realizan durante la madrugada, el municipio adem\u00e1s tiene como obst\u00e1culo que la zona colindante a la l\u00ednea del tren es de administraci\u00f3n de la Empresa Ferrocarril del Pac\u00edfico S.A (Fepasa), compa\u00f1\u00eda que en m\u00e1s de alguna oportunidad ha puesto trabas para que se aseen estos lugares. Seg\u00fan narr\u00f3 Le\u00f3n \u201ccuando nosotros hemos intervenido los costados de la l\u00ednea f\u00e9rrea en este sector, hasta la entrada de la calle Dardignac y tambi\u00e9n la antigua estaci\u00f3n de trenes, ha llegado personal de Fepasa a echarnos del lugar argumentando que no podemos intervenir un sector que no nos corresponde, pero Fepasa tampoco limpia la mugre que se deposita, as\u00ed que les pedimos comprensi\u00f3n porque cuando ellos no hacen la pega estamos obligados a hacerla nosotros que somos los responsables de mantener una ciudad limpia\u201d.<br \/>\nPor \u00faltimo, el personero recalc\u00f3 que el \u00fanico mecanismo de control para terminar con la proliferaci\u00f3n de micro basurales clandestinos, es que la gente tome conciencia y se atreva a denunciar, afirmando que \u201cen algunos sectores los vecinos nos env\u00edan las fotos y nosotros cursamos las infracciones correspondientes, tambi\u00e9n buscamos entre la basura, boletas de agua, luz, pagos de colegiatura o de servicios y cursamos los partes empadronados que correspondan\u201d, apunt\u00f3.<br \/>\nA su vez, Giovani Irarr\u00e1zaval, secretario de la Junta de Vecinos Futura Esperanza, de la villa 250 A\u00f1os, valor\u00f3 la importancia que tiene para el sector, que el municipio se preocupe de limpiar la zona anteriormente se\u00f1alada y argument\u00f3 que \u201cpara nosotros es muy importante, porque nos hemos transformado en el patio trasero de la entrada a nuestras villas y se ha transformado en un basural, que adem\u00e1s se prestaba para asaltos, prostituci\u00f3n, alcoholismo, drogadicci\u00f3n y un foco infeccioso peligroso para nuestras familias\u201d, adujo.<br \/>\nIrarr\u00e1zaval asegura que ha sido testigo frecuentemente de c\u00f3mo veh\u00edculos provenientes de otras partes de la ciudad, que aparentemente no tienen necesidades socio-econ\u00f3micas utilizan este lugar como un verdadero vertedero.<br \/>\n\u201cMi se\u00f1ora trabaja en packing y tengo que salir a buscarla a la 1 o 2 de la ma\u00f1ana a su trabajo fuera de la poblaci\u00f3n y soy testigo de que veh\u00edculos lujosos entran con las luces apagadas y en el costado de la l\u00ednea del tren, de forma inescrupulosa, botan basura y se van creyendo que nosotros somos el patio trasero de la ciudad y no es as\u00ed. Por eso estamos tratando de controlar esta situaci\u00f3n con los mismos vecinos, porque no es la gente de ac\u00e1 la que bota basura, as\u00ed que hacemos un llamado de que nosotros tambi\u00e9n somos personas y necesitamos vivir bien, sin focos infecciosos\u201d, concluy\u00f3 el dirigente.<\/p>\n","protected":false},"excerpt":{"rendered":"<p>Operativo de la Municipalidad de San Felipe limpi\u00f3 dep\u00f3sito clandestino. M\u00e1s de 200 toneladas de escombros y material de desecho fueron retiradas por personal municipal desde el sector de la planta de&#8230;<\/p>\n","protected":false},"author":1,"featured_media":67133,"comment_status":"open","ping_status":"open","sticky":false,"template":"","format":"standard","meta":{"advanced_seo_description":"","jetpack_seo_html_title":"","jetpack_seo_noindex":false,"_jetpack_memberships_contains_paid_content":false,"footnotes":""},"categories":[1],"tags":[],"class_list":["post-67132","post","type-post","status-publish","format-standard","has-post-thumbnail","hentry","category-cronica"],"jetpack_featured_media_url":"https:\/\/i0.wp.com\/eltrabajo.cl\/portal\/wp-content\/uploads\/2016\/02\/ASI-ESTABA-ACUMULADA-LA-BASURA-A-UN-COSTADO-DE-LA-PLANTA-DE-AGUA-POTABLE-DE-ESVAL.jpg?fit=530%2C350&ssl=1","jetpack_sharing_enabled":true,"jetpack_likes_enabled":true,"jetpack-related-posts":[],"_links":{"self":[{"href":"https:\/\/eltrabajo.cl\/portal\/wp-json\/wp\/v2\/posts\/67132","targetHints":{"allow":["GET"]}}],"collection":[{"href":"https:\/\/eltrabajo.cl\/portal\/wp-json\/wp\/v2\/posts"}],"about":[{"href":"https:\/\/eltrabajo.cl\/portal\/wp-json\/wp\/v2\/types\/post"}],"author":[{"embeddable":true,"href":"https:\/\/eltrabajo.cl\/portal\/wp-json\/wp\/v2\/users\/1"}],"replies":[{"embeddable":true,"href":"https:\/\/eltrabajo.cl\/portal\/wp-json\/wp\/v2\/comments?post=67132"}],"version-history":[{"count":0,"href":"https:\/\/eltrabajo.cl\/portal\/wp-json\/wp\/v2\/posts\/67132\/revisions"}],"wp:featuredmedia":[{"embeddable":true,"href":"https:\/\/eltrabajo.cl\/portal\/wp-json\/wp\/v2\/media\/67133"}],"wp:attachment":[{"href":"https:\/\/eltrabajo.cl\/portal\/wp-json\/wp\/v2\/media?parent=67132"}],"wp:term":[{"taxonomy":"category","embeddable":true,"href":"https:\/\/eltrabajo.cl\/portal\/wp-json\/wp\/v2\/categories?post=67132"},{"taxonomy":"post_tag","embeddable":true,"href":"https:\/\/eltrabajo.cl\/portal\/wp-json\/wp\/v2\/tags?post=67132"}],"curies":[{"name":"wp","href":"https:\/\/api.w.org\/{rel}","templated":true}]}}