{"id":67137,"date":"2016-02-24T08:51:00","date_gmt":"2016-02-24T11:51:00","guid":{"rendered":"http:\/\/www.eltrabajo.cl\/portal\/?p=67137"},"modified":"2016-02-24T08:51:00","modified_gmt":"2016-02-24T11:51:00","slug":"adn-revelo-la-paternidad-de-sujeto-que-embarazo-a-su-hermana","status":"publish","type":"post","link":"https:\/\/eltrabajo.cl\/portal\/adn-revelo-la-paternidad-de-sujeto-que-embarazo-a-su-hermana\/","title":{"rendered":"ADN revel\u00f3 la paternidad de sujeto que embaraz\u00f3 a su hermana"},"content":{"rendered":"<figure id=\"attachment_67138\" aria-describedby=\"caption-attachment-67138\" style=\"width: 530px\" class=\"wp-caption alignleft\"><a href=\"http:\/\/www.eltrabajo.cl\/portal\/adn-revelo-la-paternidad-de-sujeto-que-embarazo-a-su-hermana\/violacion-ilustrativa\/\" rel=\"attachment wp-att-67138\"><img data-recalc-dims=\"1\" loading=\"lazy\" decoding=\"async\" class=\"size-full wp-image-67138\" src=\"https:\/\/i0.wp.com\/www.eltrabajo.cl\/portal\/wp-content\/uploads\/2016\/02\/VIOLACION-ILUSTRATIVA.jpg?resize=530%2C350\" alt=\"El Tribunal Oral en Lo Penal de San Felipe conden\u00f3 un episodio de violaci\u00f3n de una mujer que result\u00f3 embarazada de su hermano. (Foto Referancial).\" width=\"530\" height=\"350\" srcset=\"https:\/\/i0.wp.com\/eltrabajo.cl\/portal\/wp-content\/uploads\/2016\/02\/VIOLACION-ILUSTRATIVA.jpg?w=530&amp;ssl=1 530w, https:\/\/i0.wp.com\/eltrabajo.cl\/portal\/wp-content\/uploads\/2016\/02\/VIOLACION-ILUSTRATIVA.jpg?resize=200%2C132&amp;ssl=1 200w, https:\/\/i0.wp.com\/eltrabajo.cl\/portal\/wp-content\/uploads\/2016\/02\/VIOLACION-ILUSTRATIVA.jpg?resize=300%2C198&amp;ssl=1 300w, https:\/\/i0.wp.com\/eltrabajo.cl\/portal\/wp-content\/uploads\/2016\/02\/VIOLACION-ILUSTRATIVA.jpg?resize=227%2C150&amp;ssl=1 227w, https:\/\/i0.wp.com\/eltrabajo.cl\/portal\/wp-content\/uploads\/2016\/02\/VIOLACION-ILUSTRATIVA.jpg?resize=400%2C264&amp;ssl=1 400w\" sizes=\"auto, (max-width: 530px) 100vw, 530px\" \/><\/a><figcaption id=\"caption-attachment-67138\" class=\"wp-caption-text\">El Tribunal Oral en Lo Penal de San Felipe conden\u00f3 un episodio de violaci\u00f3n de una mujer que result\u00f3 embarazada de su hermano. (Foto Referancial).<\/figcaption><\/figure>\n<p><strong>Tribunal Oral podr\u00eda sentenciar hasta 7 a\u00f1os de c\u00e1rcel.<\/strong><\/p>\n<p>El imputado fue considerado culpable por el delito de violaci\u00f3n, gracias a las pruebas rendidas por la Fiscal\u00eda que acusaban la aberraci\u00f3n ocurrida en un domicilio en el sector Almendral Alto de la comuna de San Felipe.<br \/>\nLa terna de jueces del Tribunal Oral en Lo Penal de San Felipe consider\u00f3 culpable del delito de violaci\u00f3n a Manuel Humberto Celed\u00f3n Pe\u00f1a, quien fue sometido a juicio por la Fiscal\u00eda, acusado del delito de violaci\u00f3n de su hermana que result\u00f3 embarazada. Los hechos se confirmaron a trav\u00e9s de una pericia de ADN donde se demostr\u00f3 que el acusado es el padre de la criatura.<br \/>\nLos antecedentes de la acusaci\u00f3n que se consideraron dentro de la carpeta investigativa de la Fiscal\u00eda, revelaron que la violaci\u00f3n qued\u00f3 al descubierto cuando la v\u00edctima, una joven muchacha de 21 a\u00f1os de edad quien sufre una enajenaci\u00f3n mental moderada, denunci\u00f3 a Carabineros un episodio de violencia intrafamiliar con su hermano mayor.<br \/>\nEl d\u00eda 29 de julio del a\u00f1o 2010 se habr\u00eda descubierto que la mujer se encontraba con 5 meses de embarazo, revelando a los m\u00e9dicos que hab\u00eda sido v\u00edctima de violaci\u00f3n por parte de su hermano en su vivienda ubicada en el sector Almendral Alto de San Felipe, lugar donde ambos resid\u00edan juntos; a ra\u00edz de esto se iniciaron las investigaciones correspondientes a cargo del Ministerio P\u00fablico de San Felipe.<br \/>\nLa mujer declaraba que las vejaciones eran de manera reiterada, por lo que el Ministerio P\u00fablico persegu\u00eda una condena de 20 a\u00f1os de c\u00e1rcel. Sin embargo el Tribunal Oral consider\u00f3 culpable al imputado solo por un episodio de violaci\u00f3n, pudiendo sentenciarlo a una pena que alcanzar\u00eda siete a\u00f1os de presidio.<br \/>\nEl Fiscal de Delitos Sexuales, Alejandro Bustos, detall\u00f3 que el imputado al estar bajo su cargo, abus\u00f3 de la enajenaci\u00f3n mental de la v\u00edctima, conform\u00e1ndose la figura penal por la cual fue condenado. \u201cLos hechos que se acreditaron, en el a\u00f1o 2010 en una fecha indeterminada, el imputado estando en su domicilio en la comuna de San Felipe accedi\u00f3 carnalmente hacia su hermana (la v\u00edctima), quien sufre de un retraso mental moderado y ese fue el hecho por el cual fue condenado, como se sabe la sentencia a\u00fan no se encuentra ejecutoriada\u201d, se\u00f1al\u00f3.<br \/>\n<strong>&#8211; \u00bfA ra\u00edz de esta violaci\u00f3n la v\u00edctima qued\u00f3 embarazada?<\/strong><br \/>\n&#8211; As\u00ed es, qued\u00f3 embarazada, tuvo una ni\u00f1ita.<br \/>\n<strong>&#8211; \u00bfEl ADN se confirma la paternidad del acusado?<\/strong><br \/>\n&#8211; Dentro de todas las pruebas, una de ellas el ADN, confirma que el imputado es el padre de la beb\u00e9.<br \/>\n<strong>&#8211; \u00bfCu\u00e1l es la pena que persigue la Fiscal\u00eda?<\/strong><br \/>\n&#8211; Nosotros en la solicitud original requer\u00edamos 20 a\u00f1os considerando que el delito era reiterado, sin embargo el tribunal dio por acreditado un solo episodio de violaci\u00f3n y por eso que solicitamos 7 a\u00f1os de presidio mayor en su grado m\u00ednimo, m\u00e1s las accesorias legales.<br \/>\n<strong>&#8211; \u00bfEl imputado se encuentra en libertad?<\/strong><br \/>\n&#8211; S\u00ed, est\u00e1 en libertad.<br \/>\n<strong>&#8211; \u00bfQu\u00e9 es lo que se\u00f1ala la defensa del imputado?<\/strong><br \/>\n&#8211; Solicitaba la absoluci\u00f3n de los hechos, argumentando que la relaci\u00f3n era consentida.<br \/>\n<strong>&#8211; \u00bfEl imputado se declara culpable del delito?<\/strong><br \/>\n&#8211; No, \u00e9l lo que reconoce es haber accedido a su hermana por lo que se\u00f1ala en su declaraci\u00f3n, haber mantenido relaciones sexuales con ella. Agrega que \u00e9l no ten\u00eda conciencia del retraso mental de su hermana y que las relaciones habr\u00edan sido consentidas. Ambos viv\u00edan juntos, el imputado estaba a cargo de ella, \u00e9l abus\u00f3 de la enajenaci\u00f3n mental de la v\u00edctima, esa es la figura penal, no fue por medio de la fuerza. Est\u00e1 dentro de una relaci\u00f3n abusiva del imputado en contra de la v\u00edctima y en ese escenario accedi\u00f3 carnalmente, aprovech\u00e1ndose de la enfermedad mental de la mujer.<br \/>\nNo obstante el actual condenado que se mantiene en libertad con m\u00ednimas medidas cautelares, deber\u00e1 esperar hasta este viernes para conocer la sentencia que emitir\u00e1 el Tribunal Oral en Lo Penal de San Felipe, vislumbr\u00e1ndose una pena privativa de libertad.<br \/>\n<strong>Pablo Salinas Sald\u00edas<\/strong><\/p>\n","protected":false},"excerpt":{"rendered":"<p>Tribunal Oral podr\u00eda sentenciar hasta 7 a\u00f1os de c\u00e1rcel. El imputado fue considerado culpable por el delito de violaci\u00f3n, gracias a las pruebas rendidas por la Fiscal\u00eda que acusaban la aberraci\u00f3n ocurrida&#8230;<\/p>\n","protected":false},"author":1,"featured_media":67138,"comment_status":"open","ping_status":"open","sticky":false,"template":"","format":"standard","meta":{"advanced_seo_description":"","jetpack_seo_html_title":"","jetpack_seo_noindex":false,"_jetpack_memberships_contains_paid_content":false,"footnotes":""},"categories":[21],"tags":[],"class_list":["post-67137","post","type-post","status-publish","format-standard","has-post-thumbnail","hentry","category-policial"],"jetpack_featured_media_url":"https:\/\/i0.wp.com\/eltrabajo.cl\/portal\/wp-content\/uploads\/2016\/02\/VIOLACION-ILUSTRATIVA.jpg?fit=530%2C350&ssl=1","jetpack_sharing_enabled":true,"jetpack_likes_enabled":true,"jetpack-related-posts":[],"_links":{"self":[{"href":"https:\/\/eltrabajo.cl\/portal\/wp-json\/wp\/v2\/posts\/67137","targetHints":{"allow":["GET"]}}],"collection":[{"href":"https:\/\/eltrabajo.cl\/portal\/wp-json\/wp\/v2\/posts"}],"about":[{"href":"https:\/\/eltrabajo.cl\/portal\/wp-json\/wp\/v2\/types\/post"}],"author":[{"embeddable":true,"href":"https:\/\/eltrabajo.cl\/portal\/wp-json\/wp\/v2\/users\/1"}],"replies":[{"embeddable":true,"href":"https:\/\/eltrabajo.cl\/portal\/wp-json\/wp\/v2\/comments?post=67137"}],"version-history":[{"count":0,"href":"https:\/\/eltrabajo.cl\/portal\/wp-json\/wp\/v2\/posts\/67137\/revisions"}],"wp:featuredmedia":[{"embeddable":true,"href":"https:\/\/eltrabajo.cl\/portal\/wp-json\/wp\/v2\/media\/67138"}],"wp:attachment":[{"href":"https:\/\/eltrabajo.cl\/portal\/wp-json\/wp\/v2\/media?parent=67137"}],"wp:term":[{"taxonomy":"category","embeddable":true,"href":"https:\/\/eltrabajo.cl\/portal\/wp-json\/wp\/v2\/categories?post=67137"},{"taxonomy":"post_tag","embeddable":true,"href":"https:\/\/eltrabajo.cl\/portal\/wp-json\/wp\/v2\/tags?post=67137"}],"curies":[{"name":"wp","href":"https:\/\/api.w.org\/{rel}","templated":true}]}}