{"id":67141,"date":"2016-02-25T08:38:48","date_gmt":"2016-02-25T11:38:48","guid":{"rendered":"http:\/\/www.eltrabajo.cl\/portal\/?p=67141"},"modified":"2016-02-25T08:38:49","modified_gmt":"2016-02-25T11:38:49","slug":"concejo-debera-definir-modelo-de-farmacia-popular-mas-conveniente","status":"publish","type":"post","link":"https:\/\/eltrabajo.cl\/portal\/concejo-debera-definir-modelo-de-farmacia-popular-mas-conveniente\/","title":{"rendered":"Concejo deber\u00e1 definir modelo de farmacia popular m\u00e1s conveniente"},"content":{"rendered":"<figure id=\"attachment_67142\" aria-describedby=\"caption-attachment-67142\" style=\"width: 300px\" class=\"wp-caption alignleft\"><a href=\"http:\/\/www.eltrabajo.cl\/portal\/concejo-debera-definir-modelo-de-farmacia-popular-mas-conveniente\/jorge-jara-catalan-director-juridico-y-alcalde-subrrogante-de-san-felipe\/\" rel=\"attachment wp-att-67142\"><img data-recalc-dims=\"1\" loading=\"lazy\" decoding=\"async\" class=\"size-medium wp-image-67142\" src=\"https:\/\/i0.wp.com\/www.eltrabajo.cl\/portal\/wp-content\/uploads\/2016\/02\/JORGE-JARA-CATALAN-Director-Juridico-y-Alcalde-Subrrogante-de-San-Felipe-300x198.jpg?resize=300%2C198\" alt=\"Jorge Jara Catal\u00e1n, alcalde Subrogante de San Felipe.\" width=\"300\" height=\"198\" srcset=\"https:\/\/i0.wp.com\/eltrabajo.cl\/portal\/wp-content\/uploads\/2016\/02\/JORGE-JARA-CATALAN-Director-Juridico-y-Alcalde-Subrrogante-de-San-Felipe.jpg?resize=300%2C198&amp;ssl=1 300w, https:\/\/i0.wp.com\/eltrabajo.cl\/portal\/wp-content\/uploads\/2016\/02\/JORGE-JARA-CATALAN-Director-Juridico-y-Alcalde-Subrrogante-de-San-Felipe.jpg?resize=200%2C132&amp;ssl=1 200w, https:\/\/i0.wp.com\/eltrabajo.cl\/portal\/wp-content\/uploads\/2016\/02\/JORGE-JARA-CATALAN-Director-Juridico-y-Alcalde-Subrrogante-de-San-Felipe.jpg?resize=228%2C150&amp;ssl=1 228w, https:\/\/i0.wp.com\/eltrabajo.cl\/portal\/wp-content\/uploads\/2016\/02\/JORGE-JARA-CATALAN-Director-Juridico-y-Alcalde-Subrrogante-de-San-Felipe.jpg?resize=400%2C263&amp;ssl=1 400w, https:\/\/i0.wp.com\/eltrabajo.cl\/portal\/wp-content\/uploads\/2016\/02\/JORGE-JARA-CATALAN-Director-Juridico-y-Alcalde-Subrrogante-de-San-Felipe.jpg?w=530&amp;ssl=1 530w\" sizes=\"auto, (max-width: 300px) 100vw, 300px\" \/><\/a><figcaption id=\"caption-attachment-67142\" class=\"wp-caption-text\">Jorge Jara Catal\u00e1n, alcalde Subrogante de San Felipe.<\/figcaption><\/figure>\n<p><strong>La idea del municipio es echar a andar el proyecto antes que finalice el primer semestre del a\u00f1o y para eso primero debe acotarse cu\u00e1l es la cobertura que abarcar\u00e1 esta iniciativa.<\/strong><\/p>\n<p>San Felipe es una de las 51 comunas del pa\u00eds en las que se instaurar\u00e1 el sistema de \u2018Farmacias Populares\u2019, iniciativa que hasta el momento ha generado cierta controversia en torno al modelo de funcionamiento que se utilizar\u00e1 en la comuna y a la cobertura que tendr\u00e1 en t\u00e9rminos de cantidad y tipo poblaci\u00f3n que se ver\u00e1 beneficiada con esta instancia.<br \/>\nEn este sentido el municipio sanfelipe\u00f1o se encuentra en pleno desarrollo de la elaboraci\u00f3n del proyecto en t\u00e9rminos de definir la forma en que atender\u00e1 esta farmacia y, si bien es cierto, el Concejo Municipal a\u00fan no define cu\u00e1l ser\u00e9 el m\u00e9todo de servicio, el alcalde subrogante de San Felipe, Jorge Jara Catal\u00e1n, asegur\u00f3 que \u00e9sta debiera estar operando en el transcurso del primer semestre del presente a\u00f1o.<br \/>\n\u201cEsta iniciativa que nace en Recoleta, ha sido tomada, por parte de muchos municipios, como ejemplo de gesti\u00f3n social para ayudar a las personas m\u00e1s desvalidas, con mayores carencias y con mayor grado de vulnerabilidad y que deben sufrir gastos bastante elevados para la compra y despachos de sus recetas m\u00e9dicas\u201d, sostuvo Jara, agregando que \u201cacaba de salir un dictamen de la Contralor\u00eda Nacional de la Rep\u00fablica, donde se establece la legalidad del procedimiento con algunas especificaciones respecto de la caracterizaci\u00f3n que debiesen tener los beneficiarios de este proyecto y en el caso de San Felipe, esto se aprob\u00f3 por unanimidad y tanto el alcalde Patricio Freire como los concejales est\u00e1n trabajando en esta materia\u201d, expuso.<br \/>\nJunto con esto, Jara asegur\u00f3 que, de forma paralela, un equipo multidisciplinario compuesto por; la Direcci\u00f3n de Desarrollo Comunitario, Dideco, la Direcci\u00f3n de Salud Municipal y la Direcci\u00f3n Jur\u00eddica; se encuentra trabajando en las alternativas de Farmacia Popular que podr\u00eda implantar la comuna y que \u00e9sta ser\u00e1 presentada durante el mes de marzo al Concejo Municipal,<br \/>\nDe acuerdo a lo narrado por el edil (s), \u201cser\u00e1 el Concejo Municipal y la administraci\u00f3n los que resuelvan el modelo espec\u00edfico porque -hay que decirlo- el modelo que desarroll\u00f3 la Municipalidad de Recoleta no es el \u00fanico, hay otros municipios que han optado por sistemas mixtos, otros con una complejidad mayor y todo esto depende de la capacidad econ\u00f3mica que cada municipio tenga para financiar este servicio y, dependiendo de la cobertura que se quiera dar, los presupuestos ser\u00e1n mayores o menores\u201d, detall\u00f3 Jara.<br \/>\nAs\u00ed mismo, el abogado afirma que no es claro todav\u00eda cu\u00e1l es el modelo m\u00e1s conveniente para San Felipe, puesto que al interior del Concejo Municipal existe disparidad de posturas respecto del sistema espec\u00edfico de funcionamiento, de manera tal que, una vez que se tenga mayor conocimiento respecto de cada una de las alternativas existentes, se tomar\u00e1 una determinaci\u00f3n en torno al ejercicio pr\u00e1ctico que tendr\u00e1 la Farmacia Popular de la comuna.<br \/>\nPese a esto, el abogado defini\u00f3 que esta situaci\u00f3n debiera estar resuelta en los pr\u00f3ximos meses, para que la iniciativa comience a operar dentro del primer semestre de 2016, argumentando que \u201chay una carga administrativa que hay que desarrollar, pero es absolutamente posible obtener y tramitar antes de que concluya esta parte del a\u00f1o\u201d, fundament\u00f3.<br \/>\nRespecto de cu\u00e1les son los elementos que pueden resultar determinantes a la hora de que los concejales tomen la decisi\u00f3n, Jara a\u00f1adi\u00f3 que \u201chay una serie de factores que son bastante influyentes al momento de determinar esta situaci\u00f3n: primero es la cobertura que el municipio quiera otorgar, porque mientras mayor sea \u00e9sta, obviamente mayor es la demanda de requerimiento financiero y presupuestario necesario para la inversi\u00f3n social que significa levantar esta Farmacia Popular; hay que ver el tema de infraestructura, local, profesionales a contratar, funcionarios; pero lo m\u00e1s relevante es la carga presupuestaria para financiar el copago o financiamiento total del universo de medicamentos que los usuarios van a requerir a trav\u00e9s de esta intervenci\u00f3n\u201d, detall\u00f3.<br \/>\nEn cuanto a este \u00faltimo aspecto, que dice relaci\u00f3n con la obtenci\u00f3n de medicamentos, el asesor jur\u00eddico del municipio sanfelipe\u00f1o manifest\u00f3 cierta preocupaci\u00f3n respecto a cierta informaci\u00f3n que asevera que los laboratorios proveedores de remedios, han definido un alza de precios en la venta a las farmacias municipales, respecto del valor que se le cobra a las grandes cadenas farmac\u00e9uticas.<br \/>\nEn torno a esto, Jara adujo que \u201csupimos y tenemos conocimiento de que han existido denuncias de algunos de los alcaldes que ya tienen implementado el modelo, particularmente de la comuna de Recoleta y estamos siguiendo con mucha atenci\u00f3n cada uno de los instrumentos de protecci\u00f3n que nuestro municipio tendr\u00e1 que poner en pr\u00e1ctica, respecto de poder garantizar que haya libertad de precio en esta materia y que establezcan los precios de mercado que corresponden conforme a la habitualidad y no como reacci\u00f3n en el aumento de los valores, producto del af\u00e1n del municipio de rebajar costos para la gente\u2026ser\u00eda un mecanismo bastante perverso\u201d, enfatiz\u00f3.<\/p>\n","protected":false},"excerpt":{"rendered":"<p>La idea del municipio es echar a andar el proyecto antes que finalice el primer semestre del a\u00f1o y para eso primero debe acotarse cu\u00e1l es la cobertura que abarcar\u00e1 esta iniciativa&#8230;.<\/p>\n","protected":false},"author":1,"featured_media":67142,"comment_status":"open","ping_status":"open","sticky":false,"template":"","format":"standard","meta":{"advanced_seo_description":"","jetpack_seo_html_title":"","jetpack_seo_noindex":false,"_jetpack_memberships_contains_paid_content":false,"footnotes":""},"categories":[1],"tags":[],"class_list":["post-67141","post","type-post","status-publish","format-standard","has-post-thumbnail","hentry","category-cronica"],"jetpack_featured_media_url":"https:\/\/i0.wp.com\/eltrabajo.cl\/portal\/wp-content\/uploads\/2016\/02\/JORGE-JARA-CATALAN-Director-Juridico-y-Alcalde-Subrrogante-de-San-Felipe.jpg?fit=530%2C349&ssl=1","jetpack_sharing_enabled":true,"jetpack_likes_enabled":true,"jetpack-related-posts":[],"_links":{"self":[{"href":"https:\/\/eltrabajo.cl\/portal\/wp-json\/wp\/v2\/posts\/67141","targetHints":{"allow":["GET"]}}],"collection":[{"href":"https:\/\/eltrabajo.cl\/portal\/wp-json\/wp\/v2\/posts"}],"about":[{"href":"https:\/\/eltrabajo.cl\/portal\/wp-json\/wp\/v2\/types\/post"}],"author":[{"embeddable":true,"href":"https:\/\/eltrabajo.cl\/portal\/wp-json\/wp\/v2\/users\/1"}],"replies":[{"embeddable":true,"href":"https:\/\/eltrabajo.cl\/portal\/wp-json\/wp\/v2\/comments?post=67141"}],"version-history":[{"count":0,"href":"https:\/\/eltrabajo.cl\/portal\/wp-json\/wp\/v2\/posts\/67141\/revisions"}],"wp:featuredmedia":[{"embeddable":true,"href":"https:\/\/eltrabajo.cl\/portal\/wp-json\/wp\/v2\/media\/67142"}],"wp:attachment":[{"href":"https:\/\/eltrabajo.cl\/portal\/wp-json\/wp\/v2\/media?parent=67141"}],"wp:term":[{"taxonomy":"category","embeddable":true,"href":"https:\/\/eltrabajo.cl\/portal\/wp-json\/wp\/v2\/categories?post=67141"},{"taxonomy":"post_tag","embeddable":true,"href":"https:\/\/eltrabajo.cl\/portal\/wp-json\/wp\/v2\/tags?post=67141"}],"curies":[{"name":"wp","href":"https:\/\/api.w.org\/{rel}","templated":true}]}}