{"id":67145,"date":"2016-02-25T08:42:29","date_gmt":"2016-02-25T11:42:29","guid":{"rendered":"http:\/\/www.eltrabajo.cl\/portal\/?p=67145"},"modified":"2016-02-25T08:42:29","modified_gmt":"2016-02-25T11:42:29","slug":"mas-de-30-estudiantes-brasilenos-llegan-de-intercambio-a-nuestra-ciudad","status":"publish","type":"post","link":"https:\/\/eltrabajo.cl\/portal\/mas-de-30-estudiantes-brasilenos-llegan-de-intercambio-a-nuestra-ciudad\/","title":{"rendered":"M\u00e1s de 30 estudiantes brasile\u00f1os llegan de Intercambio a nuestra ciudad"},"content":{"rendered":"<figure id=\"attachment_67147\" aria-describedby=\"caption-attachment-67147\" style=\"width: 300px\" class=\"wp-caption alignleft\"><a href=\"http:\/\/www.eltrabajo.cl\/portal\/mas-de-30-estudiantes-brasilenos-llegan-de-intercambio-a-nuestra-ciudad\/yasna-pasten\/\" rel=\"attachment wp-att-67147\"><img data-recalc-dims=\"1\" loading=\"lazy\" decoding=\"async\" class=\"size-medium wp-image-67147\" src=\"https:\/\/i0.wp.com\/www.eltrabajo.cl\/portal\/wp-content\/uploads\/2016\/02\/Yasna-Pasten-300x198.jpg?resize=300%2C198\" alt=\"Yasna L\u00f3pez, coordinadora del programa de \u2018Becas Gane El Mundo\u2019 de InsideChile, en San Felipe.\" width=\"300\" height=\"198\" srcset=\"https:\/\/i0.wp.com\/eltrabajo.cl\/portal\/wp-content\/uploads\/2016\/02\/Yasna-Pasten.jpg?resize=300%2C198&amp;ssl=1 300w, https:\/\/i0.wp.com\/eltrabajo.cl\/portal\/wp-content\/uploads\/2016\/02\/Yasna-Pasten.jpg?resize=200%2C132&amp;ssl=1 200w, https:\/\/i0.wp.com\/eltrabajo.cl\/portal\/wp-content\/uploads\/2016\/02\/Yasna-Pasten.jpg?resize=228%2C150&amp;ssl=1 228w, https:\/\/i0.wp.com\/eltrabajo.cl\/portal\/wp-content\/uploads\/2016\/02\/Yasna-Pasten.jpg?resize=400%2C263&amp;ssl=1 400w, https:\/\/i0.wp.com\/eltrabajo.cl\/portal\/wp-content\/uploads\/2016\/02\/Yasna-Pasten.jpg?w=530&amp;ssl=1 530w\" sizes=\"auto, (max-width: 300px) 100vw, 300px\" \/><\/a><figcaption id=\"caption-attachment-67147\" class=\"wp-caption-text\">Yasna L\u00f3pez, coordinadora del programa de \u2018Becas Gane El Mundo\u2019 de InsideChile, en San Felipe.<\/figcaption><\/figure>\n<p><strong>Chicos entre 14 y 17 a\u00f1os estar\u00e1n estudiando cuatro meses.<\/strong><\/p>\n<p>Muy pronto se repetir\u00e1 en nuestra provincia, la llegada y permanencia de ni\u00f1os extranjeros que se incorporar\u00e1n al mundo estudiantil de varios de nuestros centros educativos. En este caso se trata de 31 ni\u00f1os brasile\u00f1os que llegan a nuestro pa\u00eds gracias al programa de \u2018Becas Gane El Mundo\u2019, dependiente de la Secretar\u00eda de Educaci\u00f3n del Estado de Pernambuco, Brasil.<\/p>\n<p><strong>HOGARES ABIERTOS<\/strong><br \/>\nDiario El Trabajo habl\u00f3 este mi\u00e9rcoles con la coordinadora en San Felipe del programa, Yasna L\u00f3pez.<br \/>\n<strong>&#8211; \u00bfQui\u00e9nes y c\u00f3mo participan en este programa de Intercambio?<\/strong><br \/>\n&#8211; Se trata de ni\u00f1os entre catorce y 17 a\u00f1os de ambos sexos, ellos cursar\u00e1n cuatro meses de su Educaci\u00f3n Media en Chile.<br \/>\n<strong>&#8211; \u00bfCu\u00e1ndo estar\u00e1n llegando a nuestra comuna?<\/strong><br \/>\n&#8211; Estar\u00e1n llegando a San Felipe entre este viernes y s\u00e1bado, regresar\u00edan a su pa\u00eds el 30 de junio.<br \/>\n<strong>&#8211; \u00bfCuentan ellos con alg\u00fan respaldo del Gobierno de su pa\u00eds?<\/strong><br \/>\n&#8211; S\u00ed. Ellos est\u00e1n respaldados por acuerdos internacionales entre Chile y Brasil, as\u00ed como una beca para esos fines, la beca les cubre $120.000 para sus gastos personales como pasajes, gastos de telefon\u00eda y golosinas si as\u00ed lo desean, pero ese dinero es para ellos, no para las familias en donde se alojen.<br \/>\n<strong>&#8211; \u00bfTienen que darles alojamiento gratuito a cada uno de los estudiantes?<\/strong><br \/>\n&#8211; \u00a1Exacto! El sistema de Intercambio estudiantil funciona as\u00ed, familias aconcag\u00fcinas los reciben en sus casas, les proporcionan alojamiento, todos los servicios b\u00e1sicos y la alimentaci\u00f3n de manera gratuita.<br \/>\n<strong>&#8211; \u00bfCu\u00e1ntos cupos tiene disponibles?<\/strong><br \/>\n&#8211; Ya tengo 16 estudiantes ubicados en casas de familias anfitrionas, me falta colocar a 15 m\u00e1s, es por ello que estar\u00e9 recibiendo las llamadas y revisando las propuestas de quienes ofrezcan espacio a los chicos, puede ser a uno, o a dos por familia, todo depende del espacio disponible.<br \/>\n<strong>&#8211; \u00bfS\u00f3lo a San Felipe vienen chicos de Brasil?<\/strong><br \/>\n&#8211; No. En total este a\u00f1o ingresar\u00e1n a Chile 139 estudiantes de Brasil, el resto estar\u00e1n distribuidos en las comunas de Melipilla, Ovalle, Santiago, Curic\u00f3 y Angol.<br \/>\n<strong>&#8211; \u00bfEn nuestro pa\u00eds qu\u00e9 instituci\u00f3n respalda estas jornadas?<\/strong><br \/>\n&#8211; En Chile la instituci\u00f3n encargada de tramitar estos intercambios es Fundaci\u00f3n InsideChile, organizaci\u00f3n sin fines de lucro que promueve la cultura chilena y el entendimiento entre las culturas a trav\u00e9s del intercambio estudiantil secundario. Participan j\u00f3venes de Alemania, Francia, Italia, Estados Unidos, Canad\u00e1, Nueva Zelanda, Australia, Chile y Brasil entre otros pa\u00edses.<br \/>\nCada estudiante que nos visita llega a nuestro pa\u00eds con seguro m\u00e9dico pagado por su gobierno y seguro de accidentes, los interesados en participar como Familia Anfitriona, puede llamar al 99879 0035 con Yasna.<br \/>\n<strong>Roberto Gonz\u00e1lez Short<\/strong><br \/>\n<strong>rgonzalez@eltrabajo.cl<\/strong><\/p>\n<figure id=\"attachment_67146\" aria-describedby=\"caption-attachment-67146\" style=\"width: 530px\" class=\"wp-caption alignleft\"><a href=\"http:\/\/www.eltrabajo.cl\/portal\/mas-de-30-estudiantes-brasilenos-llegan-de-intercambio-a-nuestra-ciudad\/folklore33\/\" rel=\"attachment wp-att-67146\"><img data-recalc-dims=\"1\" loading=\"lazy\" decoding=\"async\" class=\"size-full wp-image-67146\" src=\"https:\/\/i0.wp.com\/www.eltrabajo.cl\/portal\/wp-content\/uploads\/2016\/02\/Folklore33.jpg?resize=530%2C350\" alt=\"GENERACI\u00d3N 2015.- Esta es la generaci\u00f3n de estudiantes cariocas que en 2015 tambi\u00e9n nos visitaron.\" width=\"530\" height=\"350\" srcset=\"https:\/\/i0.wp.com\/eltrabajo.cl\/portal\/wp-content\/uploads\/2016\/02\/Folklore33.jpg?w=530&amp;ssl=1 530w, https:\/\/i0.wp.com\/eltrabajo.cl\/portal\/wp-content\/uploads\/2016\/02\/Folklore33.jpg?resize=200%2C132&amp;ssl=1 200w, https:\/\/i0.wp.com\/eltrabajo.cl\/portal\/wp-content\/uploads\/2016\/02\/Folklore33.jpg?resize=300%2C198&amp;ssl=1 300w, https:\/\/i0.wp.com\/eltrabajo.cl\/portal\/wp-content\/uploads\/2016\/02\/Folklore33.jpg?resize=227%2C150&amp;ssl=1 227w, https:\/\/i0.wp.com\/eltrabajo.cl\/portal\/wp-content\/uploads\/2016\/02\/Folklore33.jpg?resize=400%2C264&amp;ssl=1 400w\" sizes=\"auto, (max-width: 530px) 100vw, 530px\" \/><\/a><figcaption id=\"caption-attachment-67146\" class=\"wp-caption-text\">GENERACI\u00d3N 2015.- Esta es la generaci\u00f3n de estudiantes cariocas que en 2015 tambi\u00e9n nos visitaron.<\/figcaption><\/figure>\n","protected":false},"excerpt":{"rendered":"<p>Chicos entre 14 y 17 a\u00f1os estar\u00e1n estudiando cuatro meses. Muy pronto se repetir\u00e1 en nuestra provincia, la llegada y permanencia de ni\u00f1os extranjeros que se incorporar\u00e1n al mundo estudiantil de varios&#8230;<\/p>\n","protected":false},"author":1,"featured_media":67147,"comment_status":"open","ping_status":"open","sticky":false,"template":"","format":"standard","meta":{"advanced_seo_description":"","jetpack_seo_html_title":"","jetpack_seo_noindex":false,"_jetpack_memberships_contains_paid_content":false,"footnotes":""},"categories":[15],"tags":[],"class_list":["post-67145","post","type-post","status-publish","format-standard","has-post-thumbnail","hentry","category-comunidad"],"jetpack_featured_media_url":"https:\/\/i0.wp.com\/eltrabajo.cl\/portal\/wp-content\/uploads\/2016\/02\/Yasna-Pasten.jpg?fit=530%2C349&ssl=1","jetpack_sharing_enabled":true,"jetpack_likes_enabled":true,"jetpack-related-posts":[],"_links":{"self":[{"href":"https:\/\/eltrabajo.cl\/portal\/wp-json\/wp\/v2\/posts\/67145","targetHints":{"allow":["GET"]}}],"collection":[{"href":"https:\/\/eltrabajo.cl\/portal\/wp-json\/wp\/v2\/posts"}],"about":[{"href":"https:\/\/eltrabajo.cl\/portal\/wp-json\/wp\/v2\/types\/post"}],"author":[{"embeddable":true,"href":"https:\/\/eltrabajo.cl\/portal\/wp-json\/wp\/v2\/users\/1"}],"replies":[{"embeddable":true,"href":"https:\/\/eltrabajo.cl\/portal\/wp-json\/wp\/v2\/comments?post=67145"}],"version-history":[{"count":0,"href":"https:\/\/eltrabajo.cl\/portal\/wp-json\/wp\/v2\/posts\/67145\/revisions"}],"wp:featuredmedia":[{"embeddable":true,"href":"https:\/\/eltrabajo.cl\/portal\/wp-json\/wp\/v2\/media\/67147"}],"wp:attachment":[{"href":"https:\/\/eltrabajo.cl\/portal\/wp-json\/wp\/v2\/media?parent=67145"}],"wp:term":[{"taxonomy":"category","embeddable":true,"href":"https:\/\/eltrabajo.cl\/portal\/wp-json\/wp\/v2\/categories?post=67145"},{"taxonomy":"post_tag","embeddable":true,"href":"https:\/\/eltrabajo.cl\/portal\/wp-json\/wp\/v2\/tags?post=67145"}],"curies":[{"name":"wp","href":"https:\/\/api.w.org\/{rel}","templated":true}]}}