{"id":67150,"date":"2016-02-25T08:45:03","date_gmt":"2016-02-25T11:45:03","guid":{"rendered":"http:\/\/www.eltrabajo.cl\/portal\/?p=67150"},"modified":"2016-02-25T08:45:04","modified_gmt":"2016-02-25T11:45:04","slug":"quinta-compania-de-bomberos-de-curimon-contara-con-nuevo-cuartel","status":"publish","type":"post","link":"https:\/\/eltrabajo.cl\/portal\/quinta-compania-de-bomberos-de-curimon-contara-con-nuevo-cuartel\/","title":{"rendered":"Quinta Compa\u00f1\u00eda de Bomberos de Curim\u00f3n contar\u00e1 con nuevo Cuartel"},"content":{"rendered":"<figure id=\"attachment_67151\" aria-describedby=\"caption-attachment-67151\" style=\"width: 530px\" class=\"wp-caption alignleft\"><a href=\"http:\/\/www.eltrabajo.cl\/portal\/quinta-compania-de-bomberos-de-curimon-contara-con-nuevo-cuartel\/cuartel-bomberos-curimon\/\" rel=\"attachment wp-att-67151\"><img data-recalc-dims=\"1\" loading=\"lazy\" decoding=\"async\" class=\"size-full wp-image-67151\" src=\"https:\/\/i0.wp.com\/www.eltrabajo.cl\/portal\/wp-content\/uploads\/2016\/02\/cuartel-bomberos-curimon.jpg?resize=530%2C350\" alt=\"El Cuartel de la Quinta Compa\u00f1\u00eda de Bomberos de Curim\u00f3n ser\u00e1 sometido a obras de reposici\u00f3n, con la construcci\u00f3n de un edificio completamente nuevo.\" width=\"530\" height=\"350\" srcset=\"https:\/\/i0.wp.com\/eltrabajo.cl\/portal\/wp-content\/uploads\/2016\/02\/cuartel-bomberos-curimon.jpg?w=530&amp;ssl=1 530w, https:\/\/i0.wp.com\/eltrabajo.cl\/portal\/wp-content\/uploads\/2016\/02\/cuartel-bomberos-curimon.jpg?resize=200%2C132&amp;ssl=1 200w, https:\/\/i0.wp.com\/eltrabajo.cl\/portal\/wp-content\/uploads\/2016\/02\/cuartel-bomberos-curimon.jpg?resize=300%2C198&amp;ssl=1 300w, https:\/\/i0.wp.com\/eltrabajo.cl\/portal\/wp-content\/uploads\/2016\/02\/cuartel-bomberos-curimon.jpg?resize=227%2C150&amp;ssl=1 227w, https:\/\/i0.wp.com\/eltrabajo.cl\/portal\/wp-content\/uploads\/2016\/02\/cuartel-bomberos-curimon.jpg?resize=400%2C264&amp;ssl=1 400w\" sizes=\"auto, (max-width: 530px) 100vw, 530px\" \/><\/a><figcaption id=\"caption-attachment-67151\" class=\"wp-caption-text\">El Cuartel de la Quinta Compa\u00f1\u00eda de Bomberos de Curim\u00f3n ser\u00e1 sometido a obras de reposici\u00f3n, con la construcci\u00f3n de un edificio completamente nuevo.<\/figcaption><\/figure>\n<p><strong>Proyecto de reposici\u00f3n de la unidad comenz\u00f3 la primera etapa correspondiente al dise\u00f1o.<\/strong><\/p>\n<p>Obras ser\u00e1n financiadas por el Gobierno Regional y son apoyadas por la Municipalidad de San Felipe, buscando dotar de una moderna infraestructura a la instituci\u00f3n.<br \/>\nUna muy buena noticia recibi\u00f3 el Cuerpo de Bomberos de San Felipe, cuya Quinta Compa\u00f1\u00eda, correspondiente a la localidad de Curim\u00f3n, sufrir\u00e1 una reposici\u00f3n completa de sus instalaciones, obras que debieran comenzar a desarrollarse luego de los pr\u00f3ximos 6 meses, plazo que se ha definido para elaborar el dise\u00f1o del nuevo Cuartel.<br \/>\nLa etapa de dise\u00f1o tendr\u00e1 un costo de 45 millones de pesos y de acuerdo a lo estipulado por Claudio Paredes, Director de la Secretar\u00eda de Planificaci\u00f3n, Secplac, de la Municipalidad de San Felipe, \u00e9sta ser\u00e1 financiada con recursos del Gobierno Regional, Gore. Paredes entreg\u00f3 detalles de lo que ser\u00e1 esta fase, describiendo que \u201cva a ser realizada por una empresa consultora de arquitectos e ingenieros, son 6 meses de trabajo que dura el dise\u00f1o y nuestra idea como municipio es poder contar con \u00e9ste en el segundo semestre del presente a\u00f1o, para poder postular inmediatamente los fondos del Gore y consolidar de inmediato la etapa de construcci\u00f3n\u201d, puntualiz\u00f3.<br \/>\nCabe destacar, que el nuevo Cuartel de Curim\u00f3n, se emplazar\u00e1 en el mismo lugar donde actualmente se encuentra la Quinta Compa\u00f1\u00eda, cuya infraestructura ser\u00e1 desmantelada para poder edificar el nuevo y moderno edificio. Este hecho, trae como consecuencia que los voluntarios de esta unidad tendr\u00e1n que llevar a efecto una estrategia de mitigaci\u00f3n y conseguir espacios alternativos para mantenerse en funcionamiento, una vez que comience a desarrollarse la etapa de construcci\u00f3n.<br \/>\nAs\u00ed la ratific\u00f3 el Superintendente de Bomberos de San Felipe, Julio Hardoy, quien asegur\u00f3 que el servicio de bomberos se encuentra garantizado durante los 12 a 15 meses que durar\u00e1n los trabajos, detallando que \u201cen cuanto concluya el proceso de dise\u00f1o y comience la ejecuci\u00f3n de los trabajos, nosotros la Quinta Compa\u00f1\u00eda la vamos a sacar de ese lugar y ya tenemos un par de vecinos que nos han facilitado dependencias para instalar la sala de m\u00e1quinas y un par de containers donde va a operar el cuartel a la espera de las nuevas instalaciones\u201d, expres\u00f3.<br \/>\nRespecto de las caracter\u00edsticas que debe considerar la elaboraci\u00f3n del dise\u00f1o de la nueva unidad bomberil, Hardoy manifest\u00f3 que \u201cpermite la existencia de guardias para hombres y mujeres, situaci\u00f3n que actualmente no tenemos, una sala de m\u00e1quinas amplia para permitir que los tres carros con los que hoy cuenta este cuerpo, m\u00e1s la unidad suplente puedan ser alojadas de la mejor manera posible. Adem\u00e1s, est\u00e1 dotada de una Central de Comunicaciones, con un \u00e1rea de capacitaci\u00f3n y tambi\u00e9n con espacios de preparaci\u00f3n f\u00edsica para los voluntarios, que hoy en d\u00eda a partir de los requerimientos es tremendamente importante\u201d, apunt\u00f3.<br \/>\nDe acuerdo a lo expuesto por el superintendente, el nuevo cuartel ser\u00e1 sumamente funcional y va a permitir cubrir las necesidades de la compa\u00f1\u00eda durante los pr\u00f3ximos 40 a\u00f1os. Adem\u00e1s pondr\u00e1 t\u00e9rmino a una serie de incomodidades y deficiencias con las que tienen que convivir actualmente los funcionarios de Curim\u00f3n, situaci\u00f3n que no es excluyente de esta unidad y, lamentablemente se extiende en la mayor\u00eda de los cuarteles de la comuna.<br \/>\n\u201cAl igual que en el resto de las compa\u00f1\u00edas, nuestros problemas se focalizan en los cuarteles, los cuales fueron concebidos en los a\u00f1os \u201870 y \u201880, bajo una din\u00e1mica completamente distinta, los carros ya no caben en estos cuarteles, son mucho m\u00e1s grandes, el nivel de especialidades que hoy tenemos, nos obliga a tener al menos tres carros: la unidad de agua, de rescate vehicular y la de incendios estructurales y es imposible realizarlo en este tipo de dependencias\u201d, destac\u00f3<br \/>\nOtro de los cuarteles que se encuentra en deplorables condiciones \u2013dijo Hardoy-, es el de la Primera Compa\u00f1\u00eda. De acuerdo al superintendente, existe toda la voluntad del municipio y tambi\u00e9n del Cuerpo de Bomberos, de poder encontrar un terreno para la instalaci\u00f3n de esta unidad, la cual se encuentra en peores condiciones que la Quinta, sin embargo \u201cnosotros priorizamos la reposici\u00f3n de la Quinta Compa\u00f1\u00eda porque ten\u00edamos el terreno, en el caso de la Primera no tenemos un terreno, lo requerimos con urgencia, porque es una Compa\u00f1\u00eda tremendamente importante, pero que hoy d\u00eda est\u00e1 funcionando con un cuartel en base a dos o tres habitaciones en condiciones muy poco funcionales y operativas para el servicio\u201d, enfatiz\u00f3 Hardoy<br \/>\nFinalmente, el superintendente, se mostr\u00f3 complacido al ver la gesti\u00f3n que realiza el municipio en base a las necesidades y deficiencias que presenta el Cuerpo de Bomberos de San Felipe, agregando que \u201cestamos muy agradecidos del municipio y de la buena disposici\u00f3n del alcalde Patricio Freire en relaci\u00f3n con la necesidad de modernizar nuestra infraestructura y particularmente nuestros cuarteles, partiendo por donde tenemos uno de los grandes problemas que es la Quinta Compa\u00f1\u00eda, un cuartel extempor\u00e1neo que fue dise\u00f1ado con una concepci\u00f3n completamente distinta a la que hoy requieren los bomberos\u201d, concluy\u00f3.<\/p>\n","protected":false},"excerpt":{"rendered":"<p>Proyecto de reposici\u00f3n de la unidad comenz\u00f3 la primera etapa correspondiente al dise\u00f1o. Obras ser\u00e1n financiadas por el Gobierno Regional y son apoyadas por la Municipalidad de San Felipe, buscando dotar de&#8230;<\/p>\n","protected":false},"author":1,"featured_media":67151,"comment_status":"open","ping_status":"open","sticky":false,"template":"","format":"standard","meta":{"advanced_seo_description":"","jetpack_seo_html_title":"","jetpack_seo_noindex":false,"_jetpack_memberships_contains_paid_content":false,"footnotes":""},"categories":[1],"tags":[],"class_list":["post-67150","post","type-post","status-publish","format-standard","has-post-thumbnail","hentry","category-cronica"],"jetpack_featured_media_url":"https:\/\/i0.wp.com\/eltrabajo.cl\/portal\/wp-content\/uploads\/2016\/02\/cuartel-bomberos-curimon.jpg?fit=530%2C350&ssl=1","jetpack_sharing_enabled":true,"jetpack_likes_enabled":true,"jetpack-related-posts":[],"_links":{"self":[{"href":"https:\/\/eltrabajo.cl\/portal\/wp-json\/wp\/v2\/posts\/67150","targetHints":{"allow":["GET"]}}],"collection":[{"href":"https:\/\/eltrabajo.cl\/portal\/wp-json\/wp\/v2\/posts"}],"about":[{"href":"https:\/\/eltrabajo.cl\/portal\/wp-json\/wp\/v2\/types\/post"}],"author":[{"embeddable":true,"href":"https:\/\/eltrabajo.cl\/portal\/wp-json\/wp\/v2\/users\/1"}],"replies":[{"embeddable":true,"href":"https:\/\/eltrabajo.cl\/portal\/wp-json\/wp\/v2\/comments?post=67150"}],"version-history":[{"count":0,"href":"https:\/\/eltrabajo.cl\/portal\/wp-json\/wp\/v2\/posts\/67150\/revisions"}],"wp:featuredmedia":[{"embeddable":true,"href":"https:\/\/eltrabajo.cl\/portal\/wp-json\/wp\/v2\/media\/67151"}],"wp:attachment":[{"href":"https:\/\/eltrabajo.cl\/portal\/wp-json\/wp\/v2\/media?parent=67150"}],"wp:term":[{"taxonomy":"category","embeddable":true,"href":"https:\/\/eltrabajo.cl\/portal\/wp-json\/wp\/v2\/categories?post=67150"},{"taxonomy":"post_tag","embeddable":true,"href":"https:\/\/eltrabajo.cl\/portal\/wp-json\/wp\/v2\/tags?post=67150"}],"curies":[{"name":"wp","href":"https:\/\/api.w.org\/{rel}","templated":true}]}}