{"id":67154,"date":"2016-02-25T08:49:39","date_gmt":"2016-02-25T11:49:39","guid":{"rendered":"http:\/\/www.eltrabajo.cl\/portal\/?p=67154"},"modified":"2016-02-25T08:49:39","modified_gmt":"2016-02-25T11:49:39","slug":"municipio-cierra-actividades-culturales-del-mes-con-jazz-en-la-terraza","status":"publish","type":"post","link":"https:\/\/eltrabajo.cl\/portal\/municipio-cierra-actividades-culturales-del-mes-con-jazz-en-la-terraza\/","title":{"rendered":"Municipio cierra actividades culturales del mes con \u2018Jazz en la terraza\u2019"},"content":{"rendered":"<figure id=\"attachment_67155\" aria-describedby=\"caption-attachment-67155\" style=\"width: 530px\" class=\"wp-caption alignleft\"><a href=\"http:\/\/www.eltrabajo.cl\/portal\/municipio-cierra-actividades-culturales-del-mes-con-jazz-en-la-terraza\/arena-quinteto\/\" rel=\"attachment wp-att-67155\"><img data-recalc-dims=\"1\" loading=\"lazy\" decoding=\"async\" class=\"size-full wp-image-67155\" src=\"https:\/\/i0.wp.com\/www.eltrabajo.cl\/portal\/wp-content\/uploads\/2016\/02\/Arena-Quinteto.jpg?resize=530%2C349\" alt=\"El s\u00e1bado a las 21 horas se presentan los exponentes nacionales 'Arena Quinteto' en la terraza de la Plaza de Armas.\" width=\"530\" height=\"349\" srcset=\"https:\/\/i0.wp.com\/eltrabajo.cl\/portal\/wp-content\/uploads\/2016\/02\/Arena-Quinteto.jpg?w=530&amp;ssl=1 530w, https:\/\/i0.wp.com\/eltrabajo.cl\/portal\/wp-content\/uploads\/2016\/02\/Arena-Quinteto.jpg?resize=200%2C132&amp;ssl=1 200w, https:\/\/i0.wp.com\/eltrabajo.cl\/portal\/wp-content\/uploads\/2016\/02\/Arena-Quinteto.jpg?resize=300%2C198&amp;ssl=1 300w, https:\/\/i0.wp.com\/eltrabajo.cl\/portal\/wp-content\/uploads\/2016\/02\/Arena-Quinteto.jpg?resize=228%2C150&amp;ssl=1 228w, https:\/\/i0.wp.com\/eltrabajo.cl\/portal\/wp-content\/uploads\/2016\/02\/Arena-Quinteto.jpg?resize=400%2C263&amp;ssl=1 400w\" sizes=\"auto, (max-width: 530px) 100vw, 530px\" \/><\/a><figcaption id=\"caption-attachment-67155\" class=\"wp-caption-text\">El s\u00e1bado a las 21 horas se presentan los exponentes nacionales &#8216;Arena Quinteto&#8217; en la terraza de la Plaza de Armas.<\/figcaption><\/figure>\n<p><strong>Actividad organizada por el Departamento de Cultura se realizar\u00e1 este viernes 26 y s\u00e1bado 27 de febrero en la Plaza de Armas de la comuna.<\/strong><\/p>\n<p>Este viernes 26 y s\u00e1bado 27 de febrero se realizar\u00e1 la actividad denominada \u2018Jazz en la Terraza\u2019, en la Plaza de Armas de San Felipe, con la que el municipio y su Departamento de Cultura cierran las actividades art\u00edsticas del mes de febrero.<br \/>\nEn la cita los asistentes podr\u00e1n apreciar este valorado g\u00e9nero musical, con exponentes nacionales como Arena Quinteto y Mauricio Farf\u00e1n Tr\u00edo, y tambi\u00e9n el trabajo de las agrupaciones locales Ars Nova + Ival\u00fa Bi\u00e9nzobas, y tambi\u00e9n \u2018Jazz y Blues\u2019 a cargo del sanfelipe\u00f1o Sebasti\u00e1n Pradenas.<br \/>\nEl encargado del departamento de cultura, Ricardo Ruiz Herrera, se\u00f1al\u00f3 que el d\u00eda viernes 26, se presentar\u00e1n en la Terraza de la Plaza de Armas desde las 21 horas Ars Nova + Ival\u00fa Bi\u00e9nzobas y Arena Quinteto, dejando para el s\u00e1bado en el mismo horario de inicio a \u2018Jazz y Blues\u2019 y Mauricio Farf\u00e1n Tr\u00edo.<br \/>\n\u201cLa idea es recuperar una actividad que se hac\u00eda en a\u00f1os anteriores y que tra\u00eda exponentes del jazz de todo el pa\u00eds, ya que sabemos que hay un p\u00fablico amante del jazz y adem\u00e1s, porque nuestro alcalde Patricio Freire nos pidi\u00f3 que tratemos de llegar a todos los p\u00fablicos\u201d, dijo Ruiz Herrera.<br \/>\nEl coordinador de cultura destac\u00f3 que esta actividad es gratuita y abierta a todo el p\u00fablico, por lo que realiz\u00f3 una invitaci\u00f3n a los sanfelipe\u00f1os y los aconcag\u00fcinos a asistan a la Terraza de la Plaza de Armas de San Felipe y disfruten de una espect\u00e1culo de jazz de primer nivel.<\/p>\n","protected":false},"excerpt":{"rendered":"<p>Actividad organizada por el Departamento de Cultura se realizar\u00e1 este viernes 26 y s\u00e1bado 27 de febrero en la Plaza de Armas de la comuna. Este viernes 26 y s\u00e1bado 27 de&#8230;<\/p>\n","protected":false},"author":1,"featured_media":67155,"comment_status":"open","ping_status":"open","sticky":false,"template":"","format":"standard","meta":{"advanced_seo_description":"","jetpack_seo_html_title":"","jetpack_seo_noindex":false,"_jetpack_memberships_contains_paid_content":false,"footnotes":""},"categories":[20],"tags":[],"class_list":["post-67154","post","type-post","status-publish","format-standard","has-post-thumbnail","hentry","category-arte-y-cultura"],"jetpack_featured_media_url":"https:\/\/i0.wp.com\/eltrabajo.cl\/portal\/wp-content\/uploads\/2016\/02\/Arena-Quinteto.jpg?fit=530%2C349&ssl=1","jetpack_sharing_enabled":true,"jetpack_likes_enabled":true,"jetpack-related-posts":[],"_links":{"self":[{"href":"https:\/\/eltrabajo.cl\/portal\/wp-json\/wp\/v2\/posts\/67154","targetHints":{"allow":["GET"]}}],"collection":[{"href":"https:\/\/eltrabajo.cl\/portal\/wp-json\/wp\/v2\/posts"}],"about":[{"href":"https:\/\/eltrabajo.cl\/portal\/wp-json\/wp\/v2\/types\/post"}],"author":[{"embeddable":true,"href":"https:\/\/eltrabajo.cl\/portal\/wp-json\/wp\/v2\/users\/1"}],"replies":[{"embeddable":true,"href":"https:\/\/eltrabajo.cl\/portal\/wp-json\/wp\/v2\/comments?post=67154"}],"version-history":[{"count":0,"href":"https:\/\/eltrabajo.cl\/portal\/wp-json\/wp\/v2\/posts\/67154\/revisions"}],"wp:featuredmedia":[{"embeddable":true,"href":"https:\/\/eltrabajo.cl\/portal\/wp-json\/wp\/v2\/media\/67155"}],"wp:attachment":[{"href":"https:\/\/eltrabajo.cl\/portal\/wp-json\/wp\/v2\/media?parent=67154"}],"wp:term":[{"taxonomy":"category","embeddable":true,"href":"https:\/\/eltrabajo.cl\/portal\/wp-json\/wp\/v2\/categories?post=67154"},{"taxonomy":"post_tag","embeddable":true,"href":"https:\/\/eltrabajo.cl\/portal\/wp-json\/wp\/v2\/tags?post=67154"}],"curies":[{"name":"wp","href":"https:\/\/api.w.org\/{rel}","templated":true}]}}