{"id":67164,"date":"2016-02-25T09:34:36","date_gmt":"2016-02-25T12:34:36","guid":{"rendered":"http:\/\/www.eltrabajo.cl\/portal\/?p=67164"},"modified":"2016-02-25T09:34:36","modified_gmt":"2016-02-25T12:34:36","slug":"culmina-curso-de-natacion-dirigido-a-ninos-del-sector-250-anos","status":"publish","type":"post","link":"https:\/\/eltrabajo.cl\/portal\/culmina-curso-de-natacion-dirigido-a-ninos-del-sector-250-anos\/","title":{"rendered":"Culmina curso de nataci\u00f3n dirigido a ni\u00f1os del sector 250 A\u00f1os"},"content":{"rendered":"<figure id=\"attachment_67165\" aria-describedby=\"caption-attachment-67165\" style=\"width: 530px\" class=\"wp-caption alignleft\"><a href=\"http:\/\/www.eltrabajo.cl\/portal\/culmina-curso-de-natacion-dirigido-a-ninos-del-sector-250-anos\/cierre-curso-de-natacion\/\" rel=\"attachment wp-att-67165\"><img data-recalc-dims=\"1\" loading=\"lazy\" decoding=\"async\" class=\"size-full wp-image-67165\" src=\"https:\/\/i0.wp.com\/www.eltrabajo.cl\/portal\/wp-content\/uploads\/2016\/02\/Cierre-curso-de-natacion.jpg?resize=530%2C349\" alt=\"Este martes se realiz\u00f3 el cierre de las clases de nataci\u00f3n realizadas en el marco del programa \u2018Quiero mi Barrio\u2019, donde participaron ni\u00f1os del sector 250 A\u00f1os.\" width=\"530\" height=\"349\" srcset=\"https:\/\/i0.wp.com\/eltrabajo.cl\/portal\/wp-content\/uploads\/2016\/02\/Cierre-curso-de-natacion.jpg?w=530&amp;ssl=1 530w, https:\/\/i0.wp.com\/eltrabajo.cl\/portal\/wp-content\/uploads\/2016\/02\/Cierre-curso-de-natacion.jpg?resize=200%2C132&amp;ssl=1 200w, https:\/\/i0.wp.com\/eltrabajo.cl\/portal\/wp-content\/uploads\/2016\/02\/Cierre-curso-de-natacion.jpg?resize=300%2C198&amp;ssl=1 300w, https:\/\/i0.wp.com\/eltrabajo.cl\/portal\/wp-content\/uploads\/2016\/02\/Cierre-curso-de-natacion.jpg?resize=228%2C150&amp;ssl=1 228w, https:\/\/i0.wp.com\/eltrabajo.cl\/portal\/wp-content\/uploads\/2016\/02\/Cierre-curso-de-natacion.jpg?resize=400%2C263&amp;ssl=1 400w\" sizes=\"auto, (max-width: 530px) 100vw, 530px\" \/><\/a><figcaption id=\"caption-attachment-67165\" class=\"wp-caption-text\">Este martes se realiz\u00f3 el cierre de las clases de nataci\u00f3n realizadas en el marco del programa \u2018Quiero mi Barrio\u2019, donde participaron ni\u00f1os del sector 250 A\u00f1os.<\/figcaption><\/figure>\n<p>Ni\u00f1os del sector 250 A\u00f1os, que comprende las llamadas \u201c4 Villas\u201d, es decir, Sol Naciente, Renacer, Industrial y 250 A\u00f1os, fueron los favorecidos con el curso de nataci\u00f3n que imparti\u00f3 un instructor especialmente contratado por el municipio, como una manera de reforzar la labor del Programa \u2018Quiero mi Barrio\u2019, que ah\u00ed se est\u00e1 ejecutando.<br \/>\nLa iniciativa, no solo tuvo por finalidad favorecer una instancia de esparcimiento y aprendizaje de la nataci\u00f3n, sino tambi\u00e9n cumplir objetivos transversales relacionados con las relaciones interpersonales, el buen trato y el trabajo en equipo, por lo que no solo hubo participaci\u00f3n permanente de un instructor de nataci\u00f3n, sino tambi\u00e9n profesionales del \u2018Quiero mi Barrio\u2019, con el apoyo de Senda Previene.<br \/>\nSeg\u00fan explic\u00f3 el director de la Secretar\u00eda Comunal de Planificaci\u00f3n, Claudio Paredes, esta iniciativa permiti\u00f3 que una gran cantidad de ni\u00f1os asistiera cada martes, durante enero y febrero, a clases de nataci\u00f3n, lo que adem\u00e1s de permitir cumplir objetivos troncales y transversales, tambi\u00e9n les permite a los ni\u00f1os en la pr\u00e1ctica, disfrutar de juegos acu\u00e1ticos y capear el intenso calor.<br \/>\n\u201cEn el marco del Programa Quiero mi Barrio, pero con la orientaci\u00f3n de trabajo que ha definido nuestro alcalde Patricio Freire, se desarroll\u00f3 durante el verano un curso de nataci\u00f3n y una instancia de esparcimiento en la piscina municipal, espec\u00edficamente para los ni\u00f1os y adolescentes de las cuatro villas\u201d, se\u00f1al\u00f3 Claudio Paredes.<br \/>\nCuarenta ni\u00f1os, muchos de ellos llegaron martes a martes, durante el verano acompa\u00f1ados de sus padres, que constataron en terreno los cuidados y los aprendizajes adquiridos por sus hijos junto al profesor contratado por la municipalidad.<br \/>\nClaudio Paredes precis\u00f3 que la intenci\u00f3n del municipio es desarrollar acciones que permitan complementar toda la serie de acciones que est\u00e1 ejecutando el Ministerio de Vivienda en las 4 Villas, recordando que el Programa Quiero mi Barrio, es ejecutado por la corporaci\u00f3n edilicia, con recursos del Estado.<br \/>\n\u201cNosotros queremos complementar el apoyo del Minvu a este barrio, porque nos interesa fortalecer el tejido social y as\u00ed, trabajar en conjunto para sacar adelante a los ni\u00f1os y a todas las familias del sector\u201d, precis\u00f3 Claudio Paredes.<br \/>\nEn la tarde del martes se realiz\u00f3 la actividad de cierre del curso, donde los pap\u00e1s y mam\u00e1s resaltaron el hecho que esta instancia fue de gran utilidad para sus hijos, en la medida que se genera un espacio de diversi\u00f3n, de ense\u00f1anza y de protecci\u00f3n para los ni\u00f1os.<\/p>\n","protected":false},"excerpt":{"rendered":"<p>Ni\u00f1os del sector 250 A\u00f1os, que comprende las llamadas \u201c4 Villas\u201d, es decir, Sol Naciente, Renacer, Industrial y 250 A\u00f1os, fueron los favorecidos con el curso de nataci\u00f3n que imparti\u00f3 un instructor&#8230;<\/p>\n","protected":false},"author":1,"featured_media":67165,"comment_status":"open","ping_status":"open","sticky":false,"template":"","format":"standard","meta":{"advanced_seo_description":"","jetpack_seo_html_title":"","jetpack_seo_noindex":false,"_jetpack_memberships_contains_paid_content":false,"footnotes":""},"categories":[1],"tags":[],"class_list":["post-67164","post","type-post","status-publish","format-standard","has-post-thumbnail","hentry","category-cronica"],"jetpack_featured_media_url":"https:\/\/i0.wp.com\/eltrabajo.cl\/portal\/wp-content\/uploads\/2016\/02\/Cierre-curso-de-natacion.jpg?fit=530%2C349&ssl=1","jetpack_sharing_enabled":true,"jetpack_likes_enabled":true,"jetpack-related-posts":[],"_links":{"self":[{"href":"https:\/\/eltrabajo.cl\/portal\/wp-json\/wp\/v2\/posts\/67164","targetHints":{"allow":["GET"]}}],"collection":[{"href":"https:\/\/eltrabajo.cl\/portal\/wp-json\/wp\/v2\/posts"}],"about":[{"href":"https:\/\/eltrabajo.cl\/portal\/wp-json\/wp\/v2\/types\/post"}],"author":[{"embeddable":true,"href":"https:\/\/eltrabajo.cl\/portal\/wp-json\/wp\/v2\/users\/1"}],"replies":[{"embeddable":true,"href":"https:\/\/eltrabajo.cl\/portal\/wp-json\/wp\/v2\/comments?post=67164"}],"version-history":[{"count":0,"href":"https:\/\/eltrabajo.cl\/portal\/wp-json\/wp\/v2\/posts\/67164\/revisions"}],"wp:featuredmedia":[{"embeddable":true,"href":"https:\/\/eltrabajo.cl\/portal\/wp-json\/wp\/v2\/media\/67165"}],"wp:attachment":[{"href":"https:\/\/eltrabajo.cl\/portal\/wp-json\/wp\/v2\/media?parent=67164"}],"wp:term":[{"taxonomy":"category","embeddable":true,"href":"https:\/\/eltrabajo.cl\/portal\/wp-json\/wp\/v2\/categories?post=67164"},{"taxonomy":"post_tag","embeddable":true,"href":"https:\/\/eltrabajo.cl\/portal\/wp-json\/wp\/v2\/tags?post=67164"}],"curies":[{"name":"wp","href":"https:\/\/api.w.org\/{rel}","templated":true}]}}